{"id":9389,"date":"2012-03-19T21:52:50","date_gmt":"2012-03-20T01:52:50","guid":{"rendered":"http:\/\/www.tedpublications.com\/fr\/?p=9389"},"modified":"2012-03-19T21:52:50","modified_gmt":"2012-03-20T01:52:50","slug":"richard-desjardins-en-tournee-avec-lexistoire","status":"publish","type":"post","link":"https:\/\/www.tedpublications.com\/fr\/richard-desjardins-en-tournee-avec-lexistoire\/","title":{"rendered":"<!--:fr-->Richard Desjardins en tourn\u00e9e avec \u00abL\u2019existoire\u00bb<!--:-->"},"content":{"rendered":"<p><!--:fr--><\/p>\n<p style=\"text-align: center;\"><a href=\"http:\/\/www.tedpublications.com\/fr\/actualite\/richard-desjardins-en-tournee-avec-lexistoire\/attachment\/richard_desjardins_existoire\/\" rel=\"attachment wp-att-9390\"><img loading=\"lazy\" decoding=\"async\" class=\"aligncenter size-full wp-image-9390\" style=\"border: 0pt none;\" title=\"richard_desjardins_existoire\" src=\"http:\/\/www.tedpublications.com\/fr\/wp-content\/uploads\/2012\/03\/richard_desjardins_existoire.jpg\" alt=\"\" width=\"590\" height=\"371\" \/><\/a><\/p>\n<p><strong>Montr\u00e9al, le 19 mars 2012<\/strong>.\u00a0 Le 29 f\u00e9vrier a d\u00e9but\u00e9 la tourn\u00e9e qu\u00e9b\u00e9coise du spectacle <em>L\u2019existoire<\/em>. Richard Desjardins est entour\u00e9 de Claude Fradette (guitares),\u00a0 Tommy Gauthier (violon, mandoline, batterie), M\u00e9lanie Auclair (violoncelle, banjo, voix), Jean-Denis Levasseur (saxophones, clarinettes et fl\u00fbtes) et Karl Surprenant (basse et contrebasse). La premi\u00e8re partie est assur\u00e9e par l&rsquo;auteure et performeuse Marjolaine Beauchamp.<\/p>\n<p>\u00c0 la suite du succ\u00e8s formidable de son plus r\u00e9cent album <em>L\u2019existoire<\/em>, certifi\u00e9 Disque d\u2019or d\u00e8s le mois de mai 2011, soit seulement quelques semaines apr\u00e8s son lancement, une cinquantaine de spectacles sont programm\u00e9s \u00e0 travers la province, dont plusieurs sont complets. D\u2019ores et d\u00e9j\u00e0 certaines salles ont programm\u00e9 des suppl\u00e9mentaires.<\/p>\n<p>Les r\u00e9actions du public sont unanimes et les critiques saluent l\u2019exceptionnelle qualit\u00e9 du spectacle. Ainsi, Yves Bergeras du quotidien <em>Le Droit<\/em>,<em> <\/em>\u00e9crit \u00ab Un conteur fou, mi-sage, mi-enfant, po\u00e8te r\u00eaveur, grin\u00e7ant, f\u00e9roce, captivant\u2026 C\u2019\u00e9tait beau \u00e0 en pleurer. \u00bb Et de pr\u00e9ciser que les chansons furent offertes \u00ab \u2026dans un oc\u00e9an de douceur \u00bb. Luc Proulx, de <em>Nord Info<\/em>, pour sa part note que \u00ab La beaut\u00e9 musicale suffirait sans les mots et ces mots survivraient sans \u00eatre chant\u00e9s, mais ensemble ils sont sublimes et d\u2019une grande beaut\u00e9 \u00bb.<\/p>\n<p>La tourn\u00e9e qu\u00e9b\u00e9coise se poursuit jusqu\u2019\u00e0 la mi-avril et reprendra \u00e0 l\u2019automne.\u00a0 Le calendrier est en ligne \u00e0 l\u2019adresse <strong><a href=\"http:\/\/www.richarddesjardins.com\/spectacles\/\" target=\"_blank\">www.richarddesjardins.com\/spectacles\/<\/a><\/strong><\/p>\n<p><em>L\u2019existoire<\/em> est une production de Foukinic.<\/p>\n<p><strong>20 mars<\/strong> &#8211; Longueuil &#8211; Salle Pratt &amp; Whitney Canada &#8211; suppl\u00e9mentaire<br \/>\n<strong>22 mars<\/strong> &#8211; St-Jean-sur-Richelieu -Th\u00e9\u00e2tre des deux Rives<br \/>\n<strong>20 mars<\/strong> &#8211; Sainte-Genevi\u00e8ve &#8211; Salle Pauline-Julien<br \/>\n<strong>23 mars<\/strong> &#8211; Brossard-L\u2019\u00c9toile Banque nationale<br \/>\n<strong>24 mars<\/strong> &#8211; Brossard &#8211; L\u2019\u00c9toile Banque nationale<br \/>\n<strong>25 mars<\/strong> &#8211; Sherbrooke &#8211; Centre culturel de l\u2019Universit\u00e9<br \/>\n<strong>29 mars<\/strong> &#8211; Qu\u00e9bec \u2013 Salle Louis-Fr\u00e9chette &#8211; Grand Th\u00e9\u00e2tre de Qu\u00e9bec<br \/>\n<strong>30 mars<\/strong> &#8211; Qu\u00e9bec \u2013 Salle Louis-Fr\u00e9chette &#8211; Grand Th\u00e9\u00e2tre de Qu\u00e9bec<br \/>\n<strong>5 avril<\/strong> &#8211; Trois-Rivi\u00e8res &#8211; Salle J.-Antonio-Thompson<br \/>\n<strong><\/strong><strong>6 avril<\/strong> &#8211; Victoriaville -Pavillon Arthabaska<br \/>\n<strong><\/strong><strong>7 avril<\/strong> &#8211; Ste-Agathe-des-Monts -Th\u00e9\u00e2tre Le Patriote<br \/>\n<strong><\/strong><strong>12 avril<\/strong> &#8211; Baie-du-Febvre -Th\u00e9\u00e2tre Belcourt<br \/>\n<strong><\/strong><strong>13 avril<\/strong> &#8211; Shawinigan &#8211; Salle Philippe-Fillion<br \/>\n<strong><\/strong><strong>14 avril<\/strong> &#8211; Lasalle &#8211; Salle Jean-Grimaldi<!--:--><\/p>\n","protected":false},"excerpt":{"rendered":"<p>Montr\u00e9al, le 19 mars 2012.\u00a0 Le 29 f\u00e9vrier a d\u00e9but\u00e9 la tourn\u00e9e qu\u00e9b\u00e9coise du spectacle L\u2019existoire. Richard Desjardins est entour\u00e9 de Claude Fradette (guitares),\u00a0 Tommy Gauthier (violon, mandoline, batterie), M\u00e9lanie Auclair (violoncelle, banjo, voix), Jean-Denis Levasseur (saxophones, clarinettes et fl\u00fbtes) et Karl Surprenant (basse et contrebasse). La premi\u00e8re partie est assur\u00e9e par l&rsquo;auteure et performeuse [&hellip;]<\/p>\n","protected":false},"author":1,"featured_media":0,"comment_status":"open","ping_status":"closed","sticky":false,"template":"","format":"standard","meta":{"footnotes":""},"categories":[39,53,59],"tags":[],"class_list":["post-9389","post","type-post","status-publish","format-standard","hentry","category-actualite","category-rythme-et-musique","category-vedette","entry"],"_links":{"self":[{"href":"https:\/\/www.tedpublications.com\/fr\/wp-json\/wp\/v2\/posts\/9389","targetHints":{"allow":["GET"]}}],"collection":[{"href":"https:\/\/www.tedpublications.com\/fr\/wp-json\/wp\/v2\/posts"}],"about":[{"href":"https:\/\/www.tedpublications.com\/fr\/wp-json\/wp\/v2\/types\/post"}],"author":[{"embeddable":true,"href":"https:\/\/www.tedpublications.com\/fr\/wp-json\/wp\/v2\/users\/1"}],"replies":[{"embeddable":true,"href":"https:\/\/www.tedpublications.com\/fr\/wp-json\/wp\/v2\/comments?post=9389"}],"version-history":[{"count":0,"href":"https:\/\/www.tedpublications.com\/fr\/wp-json\/wp\/v2\/posts\/9389\/revisions"}],"wp:attachment":[{"href":"https:\/\/www.tedpublications.com\/fr\/wp-json\/wp\/v2\/media?parent=9389"}],"wp:term":[{"taxonomy":"category","embeddable":true,"href":"https:\/\/www.tedpublications.com\/fr\/wp-json\/wp\/v2\/categories?post=9389"},{"taxonomy":"post_tag","embeddable":true,"href":"https:\/\/www.tedpublications.com\/fr\/wp-json\/wp\/v2\/tags?post=9389"}],"curies":[{"name":"wp","href":"https:\/\/api.w.org\/{rel}","templated":true}]}}