{"id":9082,"date":"2012-03-08T21:18:13","date_gmt":"2012-03-09T02:18:13","guid":{"rendered":"http:\/\/www.tedpublications.com\/fr\/?p=9082"},"modified":"2012-03-08T21:18:13","modified_gmt":"2012-03-09T02:18:13","slug":"jazz-en-rafale-12e-edition-concours-de-la-releve","status":"publish","type":"post","link":"https:\/\/www.tedpublications.com\/fr\/jazz-en-rafale-12e-edition-concours-de-la-releve\/","title":{"rendered":"<!--:fr-->Jazz en Rafale 12e \u00e9dition: Concours de la rel\u00e8ve<!--:-->"},"content":{"rendered":"<p><!--:fr--><\/p>\n<p style=\"text-align: center;\"><a href=\"http:\/\/www.tedpublications.com\/fr\/actualite\/jazz-en-rafale-12e-edition-concours-de-la-releve\/attachment\/jazz_rafale_concours_03_09_2012\/\" rel=\"attachment wp-att-9083\"><img loading=\"lazy\" decoding=\"async\" class=\"aligncenter size-full wp-image-9083\" style=\"border: 0pt none;\" title=\"jazz_rafale_concours_03_09_2012\" src=\"http:\/\/www.tedpublications.com\/fr\/wp-content\/uploads\/2012\/03\/jazz_rafale_concours_03_09_2012.jpg\" alt=\"\" width=\"590\" height=\"371\" \/><\/a><\/p>\n<p style=\"text-align: center;\"><strong>LES FINALISTES DU CONCOURS DE LA REL\u00c8VE 2012<br \/>\nEN 1\u00e8re PARTIE \u00e0 L&rsquo;ASTRAL<\/strong><strong> LES 22, 23, 24, 29 et 30 MARS<\/strong><\/p>\n<p><strong>22 MARS &#8211; 19h &#8211; En 1\u00e8re partie de <\/strong><a href=\"http:\/\/jazzenrafale.com\/programmation\/22-mars-astral-dave-young-remi-bolduc\/\" target=\"_blank\">R\u00e9mi Bolduc Jazz Ensemble &amp; Dave Young<\/a><br \/>\nToundra : Etienne Lapierre (saxophones), Gabriel Gagnon (trombone), Simon Labb\u00e9 (guitare), Gentiane M. Gagnon (piano), Antoine Pelegrin (contrebasse) et Etienne Mason (batterie)<\/p>\n<p><strong>23 MARS &#8211; 20h &#8211; En 1\u00e8re partie de<\/strong> <a href=\"http:\/\/jazzenrafale.com\/programmation\/23-mars-astral-donny-mccaslin-4tet-fima-ephron\/\" target=\"_blank\">Donny McCaslin quartet avec Fima Ephron<\/a><br \/>\nCharles Trudel Trio : Frederic Pauze (contrebasse), Al Bourgeois (batterie) et Charles Trudel (piano)<\/p>\n<p><strong>24 MARS &#8211; 19h &#8211; En 1\u00e8re partie de<\/strong> <a href=\"http:\/\/jazzenrafale.com\/programmation\/24-mars-astral-the-ben-allison-band-4tet\/\" target=\"_blank\">The Ben Allison Band<\/a><br \/>\nThe Brilliant Ally : Ted Crosby (saxophone &amp; clarinette), Simon Millerd (trombone), Maxime Tremblay (guitare), \u2028Kai Basanta (batterie) et James Meger (basse)<\/p>\n<p><strong>29 MARS &#8211; 19h &#8211; En 1\u00e8re partie de<\/strong> <a href=\"http:\/\/jazzenrafale.com\/programmation\/29-mars-astral-brandi-disterheft-4tet\/\" target=\"_blank\">Brandi Disterheft Quintet<\/a><br \/>\nAntoine Pelegrin Quintet : Antoine Pelegrin (contrebasse et basse \u00e9lectrique), Maxime Tremblay-Rheault (guitare \u00e9lectrique), \u00c9tienne Lapierre (saxophone t\u00e9nor), Emilio Reyna (piano), \u00c9tienne Mason (batterie)<\/p>\n<p><strong>30 MARS &#8211; 19h &#8211; En 1\u00e8re partie de<\/strong> <a href=\"http:\/\/jazzenrafale.com\/programmation\/30-mars-astral-alain-caron-se7tentrion\/\" target=\"_blank\">Alain Caron : Sep7entrion<\/a><br \/>\nThe Becky Noble Sextet : Ben Henriques (saxophone t\u00e9nor), Marie-Fatima Rudolf (piano), Nick Di Giovanni (guitare), R\u00e9mi-Jean LeBlanc (basse), Mark Nelson (batterie) et Becky Noble (saxophone alto)<\/p>\n<p>Toutes les informations : <a href=\"http:\/\/www.jazzenrafale.com\" target=\"_blank\"><strong>www.jazzenrafale.com<\/strong><\/a><!--:--><\/p>\n","protected":false},"excerpt":{"rendered":"<p>LES FINALISTES DU CONCOURS DE LA REL\u00c8VE 2012 EN 1\u00e8re PARTIE \u00e0 L&rsquo;ASTRAL LES 22, 23, 24, 29 et 30 MARS 22 MARS &#8211; 19h &#8211; En 1\u00e8re partie de R\u00e9mi Bolduc Jazz Ensemble &amp; Dave Young Toundra : Etienne Lapierre (saxophones), Gabriel Gagnon (trombone), Simon Labb\u00e9 (guitare), Gentiane M. Gagnon (piano), Antoine Pelegrin (contrebasse) [&hellip;]<\/p>\n","protected":false},"author":1,"featured_media":0,"comment_status":"open","ping_status":"closed","sticky":false,"template":"","format":"standard","meta":{"footnotes":""},"categories":[39,53,59],"tags":[],"class_list":["post-9082","post","type-post","status-publish","format-standard","hentry","category-actualite","category-rythme-et-musique","category-vedette","entry"],"_links":{"self":[{"href":"https:\/\/www.tedpublications.com\/fr\/wp-json\/wp\/v2\/posts\/9082","targetHints":{"allow":["GET"]}}],"collection":[{"href":"https:\/\/www.tedpublications.com\/fr\/wp-json\/wp\/v2\/posts"}],"about":[{"href":"https:\/\/www.tedpublications.com\/fr\/wp-json\/wp\/v2\/types\/post"}],"author":[{"embeddable":true,"href":"https:\/\/www.tedpublications.com\/fr\/wp-json\/wp\/v2\/users\/1"}],"replies":[{"embeddable":true,"href":"https:\/\/www.tedpublications.com\/fr\/wp-json\/wp\/v2\/comments?post=9082"}],"version-history":[{"count":0,"href":"https:\/\/www.tedpublications.com\/fr\/wp-json\/wp\/v2\/posts\/9082\/revisions"}],"wp:attachment":[{"href":"https:\/\/www.tedpublications.com\/fr\/wp-json\/wp\/v2\/media?parent=9082"}],"wp:term":[{"taxonomy":"category","embeddable":true,"href":"https:\/\/www.tedpublications.com\/fr\/wp-json\/wp\/v2\/categories?post=9082"},{"taxonomy":"post_tag","embeddable":true,"href":"https:\/\/www.tedpublications.com\/fr\/wp-json\/wp\/v2\/tags?post=9082"}],"curies":[{"name":"wp","href":"https:\/\/api.w.org\/{rel}","templated":true}]}}