{"id":6833,"date":"2011-09-07T14:19:14","date_gmt":"2011-09-07T18:19:14","guid":{"rendered":"http:\/\/www.tedpublications.com\/fr\/?p=6833"},"modified":"2011-09-07T14:19:14","modified_gmt":"2011-09-07T18:19:14","slug":"jill-barber-en-tournee-au-quebec-cet-automne","status":"publish","type":"post","link":"https:\/\/www.tedpublications.com\/fr\/jill-barber-en-tournee-au-quebec-cet-automne\/","title":{"rendered":"<!--:fr-->Jill Barber en tourn\u00e9e au Qu\u00e9bec cet automne<!--:-->"},"content":{"rendered":"<p><!--:fr--><\/p>\n<p style=\"text-align: center;\"><img loading=\"lazy\" decoding=\"async\" class=\"aligncenter size-full wp-image-6835\" style=\"border: 0pt none;\" title=\"jill_barber_09_2011\" src=\"http:\/\/www.tedpublications.com\/fr\/wp-content\/uploads\/2011\/09\/jill_barber_09_2011.jpg\" alt=\"\" width=\"587\" height=\"382\" \/><\/p>\n<p><strong>LA TOURN\u00c9E <em>MISCHIEVOUS MOON<\/em><\/strong><strong> AU QU\u00c9BEC CET AUTOMNE<\/strong><\/p>\n<p><strong>29 septembre &#8211; Sorel-Tracy &#8211; Marine Cabaret<br \/>\n30 septembre &#8211; Salaberry-de-Valleyfield \u2013 Salle Albert-Dumouchel<br \/>\n1 octobre &#8211; Joliette &#8211; Centre Culturel De Joliette<br \/>\n4 octobre &#8211; Drummondville \u2013 Maison des Arts<br \/>\n5 octobre &#8211; Terrebonne &#8211; Th\u00e9atre du Vieux-Terrebonne<br \/>\n6 octobre &#8211; Saint Jean-sur-Richelieu \u2013 Cabaret Th\u00e9\u00e2tre du Vieux-Saint-Jean<br \/>\n7 octobre &#8211; Qu\u00e9bec \u2013 Th\u00e9\u00e2tre du Petit Champlain<br \/>\n8 octobre &#8211; Ch\u00e2teauguay \u2013 Pavillon de l\u2019\u00eele<br \/>\n11 octobre &#8211; Beloeil &#8211; Centre Culturel de Beloeil<br \/>\n12 octobre &#8211; Gatineau &#8211; Maison de la Culture<br \/>\n13 octobre &#8211; Ste-Th\u00e9r\u00e8se &#8211; \u00c9glise Sacr\u00e9 Coeur<br \/>\n14 octobre &#8211; Sherbrooke &#8211; Centennial Theater<br \/>\n15 octobre &#8211; L&rsquo;Assomption &#8211; Th\u00e9atre Hector-Charland<\/strong><\/p>\n<p><strong> <\/strong><\/p>\n<p><strong>Montr\u00e9al, septembre 2011 \u2014<\/strong> Suite au succ\u00e8s r\u00e9colt\u00e9 par son r\u00e9cent album <em>Mischievous Moon<\/em><em> <\/em> paru en avril dernier et un spectacle acclam\u00e9 par la critique lors du r\u00e9cent Festival International de Jazz de Montr\u00e9al, <strong>Jill Barber<\/strong> sera de retour au Qu\u00e9bec pour une tourn\u00e9e de 13 spectacles, du 29 septembre au 16 octobre prochain.<\/p>\n<p>Depuis ses timides d\u00e9buts, Jill Barber, sublime et \u00e9l\u00e9gante n\u2019a jamais cess\u00e9 de charmer. Influenc\u00e9e et inspir\u00e9e par les grandes dames de la chanson que furent Ella Fitzgerald et \u00c9dith Piaf, Jill Barber s\u2019est taill\u00e9 une enviable r\u00e9putation sur la sc\u00e8ne internationale avec son plus r\u00e9cent album, <em>Chances<\/em>, paru en 2008. Sur sc\u00e8ne, elle a su conqu\u00e9rir le public avec un univers empreint d\u2019un profond romantisme, un romantisme inh\u00e9rent \u00e0 sa nature, pr\u00e9sent dans sa vie comme dans son art.<\/p>\n<p>La d\u00e9marche d\u2019\u00e9criture de <em>Mischievous Moon<\/em> a \u00e9t\u00e9 enrichie par une r\u00e9sidence d\u2019artiste au Banff Centre for the Arts dans les Rocheuses canadiennes, aux c\u00f4t\u00e9s de son collaborateur de longue date, le producteur Les Cooper. Membre du groupe de Jill Barber, le violoniste Drew Jurecka s\u2019est joint \u00e0 eux, troquant un temps son titre de musicien accompagnateur pour celui d\u2019arrangeur et compositeur.<\/p>\n<p>Jill Barber a aussi choisi d\u2019aller au-del\u00e0 des barri\u00e8res de la langue. Amoureuse de <em>La vie en rose<\/em> et d\u00e9sireuse de communiquer davantage avec un public francophone fid\u00e8le et de plus en plus vaste, elle chante ici en fran\u00e7ais et en anglais. Au terme de l\u2019enregistrement, la Canadienne s\u2019est inscrite au programme d\u2019immersion en fran\u00e7ais d\u2019une \u00e9cole du sud de la France. Elle esp\u00e8re ainsi pouvoir dialoguer davantage avec le public francophone. Avec <em>Mischievous Moon<\/em>, Jill Barber continue d\u2019explorer la th\u00e9matique de l\u2019amour et la romance, th\u00e8mes qui renvoient \u00e0 la fantasque atmosph\u00e8re d\u2019un clair de lune, mais aussi \u00e0 la part d\u2019ombre qu\u2019il engendre.<!--:--><\/p>\n","protected":false},"excerpt":{"rendered":"<p>LA TOURN\u00c9E MISCHIEVOUS MOON AU QU\u00c9BEC CET AUTOMNE 29 septembre &#8211; Sorel-Tracy &#8211; Marine Cabaret 30 septembre &#8211; Salaberry-de-Valleyfield \u2013 Salle Albert-Dumouchel 1 octobre &#8211; Joliette &#8211; Centre Culturel De Joliette 4 octobre &#8211; Drummondville \u2013 Maison des Arts 5 octobre &#8211; Terrebonne &#8211; Th\u00e9atre du Vieux-Terrebonne 6 octobre &#8211; Saint Jean-sur-Richelieu \u2013 Cabaret Th\u00e9\u00e2tre [&hellip;]<\/p>\n","protected":false},"author":1,"featured_media":0,"comment_status":"open","ping_status":"closed","sticky":false,"template":"","format":"standard","meta":{"footnotes":""},"categories":[39,53,59],"tags":[],"class_list":["post-6833","post","type-post","status-publish","format-standard","hentry","category-actualite","category-rythme-et-musique","category-vedette","entry"],"_links":{"self":[{"href":"https:\/\/www.tedpublications.com\/fr\/wp-json\/wp\/v2\/posts\/6833","targetHints":{"allow":["GET"]}}],"collection":[{"href":"https:\/\/www.tedpublications.com\/fr\/wp-json\/wp\/v2\/posts"}],"about":[{"href":"https:\/\/www.tedpublications.com\/fr\/wp-json\/wp\/v2\/types\/post"}],"author":[{"embeddable":true,"href":"https:\/\/www.tedpublications.com\/fr\/wp-json\/wp\/v2\/users\/1"}],"replies":[{"embeddable":true,"href":"https:\/\/www.tedpublications.com\/fr\/wp-json\/wp\/v2\/comments?post=6833"}],"version-history":[{"count":0,"href":"https:\/\/www.tedpublications.com\/fr\/wp-json\/wp\/v2\/posts\/6833\/revisions"}],"wp:attachment":[{"href":"https:\/\/www.tedpublications.com\/fr\/wp-json\/wp\/v2\/media?parent=6833"}],"wp:term":[{"taxonomy":"category","embeddable":true,"href":"https:\/\/www.tedpublications.com\/fr\/wp-json\/wp\/v2\/categories?post=6833"},{"taxonomy":"post_tag","embeddable":true,"href":"https:\/\/www.tedpublications.com\/fr\/wp-json\/wp\/v2\/tags?post=6833"}],"curies":[{"name":"wp","href":"https:\/\/api.w.org\/{rel}","templated":true}]}}