{"id":6588,"date":"2011-08-19T22:04:47","date_gmt":"2011-08-20T02:04:47","guid":{"rendered":"http:\/\/www.tedpublications.com\/fr\/?p=6588"},"modified":"2011-08-19T22:04:47","modified_gmt":"2011-08-20T02:04:47","slug":"focal-et-naim-une-passion-commune","status":"publish","type":"post","link":"https:\/\/www.tedpublications.com\/fr\/focal-et-naim-une-passion-commune\/","title":{"rendered":"<!--:fr-->Focal et Naim, une passion commune&#8230;<!--:-->"},"content":{"rendered":"<p><!--:fr--><\/p>\n<p style=\"text-align: center;\"><img loading=\"lazy\" decoding=\"async\" class=\"size-full wp-image-6589 aligncenter\" style=\"border: 0pt none;\" title=\"focal_naim_merge_08_2011\" src=\"http:\/\/www.tedpublications.com\/fr\/wp-content\/uploads\/2011\/08\/focal_naim_merge_08_2011.jpg\" alt=\"\" width=\"587\" height=\"389\" \/><\/p>\n<h3><em>Focal et Naim, une passion commune pour le son d\u2019exception<\/em><\/h3>\n<p>Focal et Naim, figures de proue du son haut de gamme unies par leur  passion du son d\u2019exception, annoncent aujourd\u2019hui leur fusion, donnant  ainsi naissance \u00e0 un nouveau leader europ\u00e9en du secteur audio. Focal  &amp; Co d\u00e9tiendra et g\u00e9rera Focal et Naim, qui resteront des marques  ind\u00e9pendantes avec leur philosophie propre et leurs gammes de produits  respectives.<\/p>\n<p>Focal &amp; Co, d\u00e9tenu par Jacques Mahul (Fondateur et Pr\u00e9sident),  par CM-CIC (actionnaire de longue date de Focal) et par les \u00e9quipes de  direction de Focal et Naim, emploiera 325 personnes sur ses sites de  Saint-\u00c9tienne en France et Salisbury au Royaume-Uni. Son chiffre  d\u2019affaires total s\u2019\u00e9l\u00e8vera \u00e0 plus de 55 millions d\u2019euros.<\/p>\n<p>Les \u00e9quipes de recherche et d\u00e9veloppement de Focal et Naim sont au  coeur du succ\u00e8s des deux marques. En unissant ces individus de talent,  Focal &amp; Co va \u00e9tablir un p\u00f4le de R&amp;D capable de hisser Naim et  Focal au rang d\u2019incontournables du son de qualit\u00e9, dans le monde  dynamique de la hi-fi.<\/p>\n<p><strong>Jacques Mahul, fondateur et Pr\u00e9sident du Comit\u00e9 de Surveillance de Focal &amp; Co explique :<\/strong> \u00ab <em>Le  point \u00e0 retenir est qu\u2019il n\u2019y a pas d\u2019avenir pour une entreprise de  haut-parleurs ou d\u2019appareils \u00e9lectroniques isol\u00e9e. Il faut s\u2019orienter  vers des partenariats et des collaborations tant en termes  d\u2019investissement que de recherche et d\u00e9veloppement. C\u2019est le moyen de  r\u00e9ussir mieux et plus vite, tout en restant fid\u00e8le \u00e0 l\u2019esprit de chaque  marque.<\/em> \u00bb<\/p>\n<p><strong>Paul Stephenson, Directeur g\u00e9n\u00e9ral de Naim Audio Ltd et membre du conseil d\u2019administration de Focal &amp; Co ajoute :<\/strong> \u00ab <em>C\u2019est la fusion de deux entreprises \u00e0 l\u2019\u00e9tat d\u2019esprit r\u00e9solument  europ\u00e9en. Nous avons trouv\u00e9 en Focal un partenaire qui partage notre  passion pour la musique et qui nous aidera \u00e0 faire passer Naim \u00e0 la  vitesse sup\u00e9rieure. Nous pouvons accomplir beaucoup plus en nous  unissant qu\u2019en restant isol\u00e9s, mais nous pourrons garder tous les  \u00e9l\u00e9ments sp\u00e9cifiques \u00e0 l\u2019identit\u00e9 de Naim et qui ont fait sa popularit\u00e9  aupr\u00e8s de nos clients. Nous avons des projets sensationnels en cours de  d\u00e9veloppement et cette alliance nous aidera \u00e0 les lancer sur le march\u00e9  aussi vite que possible.<\/em> \u00bb<\/p>\n<p><em>Paroles d\u2019autres actionnaires majeurs :<\/em><strong><br \/>\nChristophe Sicaud, Pr\u00e9sident du Directoire de Focal &amp; Co :<\/strong> \u00ab <em>\u00c0  mes yeux, Focal &amp; Co est la holding  id\u00e9ale pour Focal et Naim.  Nous sommes deux entreprises fortes de notre h\u00e9ritage et \ufb01\u00e8res  d\u2019\u00eatre  europ\u00e9ennes. Cette fusion permettra \u00e0 nos deux marques d\u2019avancer avec  con\ufb01ance,  arm\u00e9es des ressources n\u00e9cessaires pour faire face \u00e0 l\u2019avenir.<\/em> \u00bb<\/p>\n<p><strong>G\u00e9rard Chr\u00e9tien, Directeur g\u00e9n\u00e9ral de Focal-JMlab<\/strong><strong> et membre du conseil d\u2019administration de Focal &amp; Co<\/strong><strong> :<\/strong> \u00ab <em>Il  y a de plus en plus de  m\u00e9lomanes qui appr\u00e9cient un son de qualit\u00e9.  C\u2019est une bonne nouvelle et cela cr\u00e9e des  opportunit\u00e9s de taille pour  nos deux marques. Ce nouveau partenariat aidera Focal et Naim \u00e0  en  tirer parti.<\/em> \u00bb<\/p>\n<p><strong>Fr\u00e9d\u00e9ric Plas, Directeur investissement chez CM-CIC Capital Finance :<\/strong> \u00ab <em>Ces  dix  derni\u00e8res ann\u00e9es, nous avons eu plaisir \u00e0 soutenir la strat\u00e9gie \u00e0  long terme de Focal pour  obtenir une position unique dans le secteur en  tant que marque haut de gamme. Naim est  l\u2019entreprise id\u00e9ale pour ce  projet.<\/em> \u00bb<\/p>\n<p>Cliquez sur la petite photo pour l&rsquo;agrandir: [nggallery id=20]<!--:--><\/p>\n","protected":false},"excerpt":{"rendered":"<p>Focal et Naim, une passion commune pour le son d\u2019exception Focal et Naim, figures de proue du son haut de gamme unies par leur passion du son d\u2019exception, annoncent aujourd\u2019hui leur fusion, donnant ainsi naissance \u00e0 un nouveau leader europ\u00e9en du secteur audio. Focal &amp; Co d\u00e9tiendra et g\u00e9rera Focal et Naim, qui resteront des [&hellip;]<\/p>\n","protected":false},"author":1,"featured_media":0,"comment_status":"open","ping_status":"closed","sticky":false,"template":"","format":"standard","meta":{"footnotes":""},"categories":[57,39,59],"tags":[410,411,412],"class_list":["post-6588","post","type-post","status-publish","format-standard","hentry","category-haute-fidelite","category-actualite","category-vedette","tag-focal","tag-naim","tag-passion","entry"],"_links":{"self":[{"href":"https:\/\/www.tedpublications.com\/fr\/wp-json\/wp\/v2\/posts\/6588","targetHints":{"allow":["GET"]}}],"collection":[{"href":"https:\/\/www.tedpublications.com\/fr\/wp-json\/wp\/v2\/posts"}],"about":[{"href":"https:\/\/www.tedpublications.com\/fr\/wp-json\/wp\/v2\/types\/post"}],"author":[{"embeddable":true,"href":"https:\/\/www.tedpublications.com\/fr\/wp-json\/wp\/v2\/users\/1"}],"replies":[{"embeddable":true,"href":"https:\/\/www.tedpublications.com\/fr\/wp-json\/wp\/v2\/comments?post=6588"}],"version-history":[{"count":0,"href":"https:\/\/www.tedpublications.com\/fr\/wp-json\/wp\/v2\/posts\/6588\/revisions"}],"wp:attachment":[{"href":"https:\/\/www.tedpublications.com\/fr\/wp-json\/wp\/v2\/media?parent=6588"}],"wp:term":[{"taxonomy":"category","embeddable":true,"href":"https:\/\/www.tedpublications.com\/fr\/wp-json\/wp\/v2\/categories?post=6588"},{"taxonomy":"post_tag","embeddable":true,"href":"https:\/\/www.tedpublications.com\/fr\/wp-json\/wp\/v2\/tags?post=6588"}],"curies":[{"name":"wp","href":"https:\/\/api.w.org\/{rel}","templated":true}]}}