{"id":6504,"date":"2011-08-11T15:41:21","date_gmt":"2011-08-11T19:41:21","guid":{"rendered":"http:\/\/www.tedpublications.com\/fr\/?p=6504"},"modified":"2011-08-11T15:41:21","modified_gmt":"2011-08-11T19:41:21","slug":"le-challage-montreal-sonore","status":"publish","type":"post","link":"https:\/\/www.tedpublications.com\/fr\/le-challage-montreal-sonore\/","title":{"rendered":"<!--:fr-->Le Challenge Montr\u00e9al Sonore<!--:-->"},"content":{"rendered":"<p><!--:fr--><\/p>\n<p style=\"text-align: center;\"><img loading=\"lazy\" decoding=\"async\" class=\"aligncenter size-full wp-image-6517\" style=\"border: 0pt none;\" title=\"montreal_sonore_08_2011\" src=\"http:\/\/www.tedpublications.com\/fr\/wp-content\/uploads\/2011\/08\/montreal_sonore_08_2011.jpg\" alt=\"\" width=\"587\" height=\"378\" \/><br \/>\n<code> <\/code><\/p>\n<h3>Sennheiser pr\u00e9sente le \u00abRoud 3\u00bb de la comp\u00e9tition nationale de DJs<\/h3>\n<p>Le 25 ao\u00fbt prochain aura lieu le troisi\u00e8me round du Challenge Montr\u00e9al Sonore au Velvet, la plus grande comp\u00e9tition de DJs au Qu\u00e9bec, pr\u00e9sent\u00e9e par Sennheiser.<\/p>\n<p>Pour ce troisi\u00e8me round du Challenge, nous aurons la chance d\u2019entendre Jul Raken, Marc Picard et MacGuffin! L\u2019affrontement sera suivi de pr\u00e8s par nos juges invit\u00e9s de la soir\u00e9e soit, Nico Archambault, Deric Davis (Fondateur de <strong><a href=\"http:\/\/techno.fm\/\" target=\"_blank\">techno.fm<\/a><\/strong>) et un juge invit\u00e9 surprise !<\/p>\n<p>Encore une fois, les crit\u00e8res d\u2019\u00e9valuation sont simples. Dans une prestation de 30 minutes, les participants devront se d\u00e9marquer par la qualit\u00e9 et l\u2019originalit\u00e9 de leurs productions, par leur performance ainsi que leur interaction avec la foule.<\/p>\n<p>Les gagnants de chacun des rounds recevront $1000 de prix de haute technologie offerts par Sennheiser. Les demi-finales auront lieu en octobre et novembre 2011, suivi de la grande finale en d\u00e9cembre 2011. Le grand gagnant de la comp\u00e9tition remportera une tourn\u00e9e nord-am\u00e9ricaine, en passant par les villes de Toronto, Miami, le Piknic Electronik \u00e0 Montr\u00e9al et le BPM de Playa del Carmen ainsi qu\u2019une sortie officielle sous l&rsquo;\u00e9tiquette Deepsound records!<strong> <\/strong><\/p>\n<blockquote>\n<h3><span style=\"color: #000080;\"><strong>Qui sera le grand gagnant du premier Challenge Montr\u00e9al Sonore ?<\/strong><\/span><\/h3>\n<\/blockquote>\n<p><strong>Le Challenge Montr\u00e9al Sonore<\/strong><br \/>\nJeudi le 25 a\u00f4ut 2011 \u00e0 22h00<br \/>\nau Velvet, 426 St-Gabriel, Montr\u00e9al<br \/>\nBillets en vente \u00e0 la porte<br \/>\nPrix du billet\u00a0: 10<\/p>\n<p><a href=\"http:\/\/www.montrealsonore.com\/\" target=\"_blank\"><strong>http:\/\/www.montrealsonore.com\/<\/strong><\/a><!--:--><\/p>\n","protected":false},"excerpt":{"rendered":"<p>Sennheiser pr\u00e9sente le \u00abRoud 3\u00bb de la comp\u00e9tition nationale de DJs Le 25 ao\u00fbt prochain aura lieu le troisi\u00e8me round du Challenge Montr\u00e9al Sonore au Velvet, la plus grande comp\u00e9tition de DJs au Qu\u00e9bec, pr\u00e9sent\u00e9e par Sennheiser. Pour ce troisi\u00e8me round du Challenge, nous aurons la chance d\u2019entendre Jul Raken, Marc Picard et MacGuffin! L\u2019affrontement [&hellip;]<\/p>\n","protected":false},"author":1,"featured_media":0,"comment_status":"open","ping_status":"closed","sticky":false,"template":"","format":"standard","meta":{"footnotes":""},"categories":[57,39,53,59],"tags":[395,396,169,397],"class_list":["post-6504","post","type-post","status-publish","format-standard","hentry","category-haute-fidelite","category-actualite","category-rythme-et-musique","category-vedette","tag-challenge-montreal-sonore","tag-roud-3","tag-sennheiser","tag-techno-fm","entry"],"_links":{"self":[{"href":"https:\/\/www.tedpublications.com\/fr\/wp-json\/wp\/v2\/posts\/6504","targetHints":{"allow":["GET"]}}],"collection":[{"href":"https:\/\/www.tedpublications.com\/fr\/wp-json\/wp\/v2\/posts"}],"about":[{"href":"https:\/\/www.tedpublications.com\/fr\/wp-json\/wp\/v2\/types\/post"}],"author":[{"embeddable":true,"href":"https:\/\/www.tedpublications.com\/fr\/wp-json\/wp\/v2\/users\/1"}],"replies":[{"embeddable":true,"href":"https:\/\/www.tedpublications.com\/fr\/wp-json\/wp\/v2\/comments?post=6504"}],"version-history":[{"count":0,"href":"https:\/\/www.tedpublications.com\/fr\/wp-json\/wp\/v2\/posts\/6504\/revisions"}],"wp:attachment":[{"href":"https:\/\/www.tedpublications.com\/fr\/wp-json\/wp\/v2\/media?parent=6504"}],"wp:term":[{"taxonomy":"category","embeddable":true,"href":"https:\/\/www.tedpublications.com\/fr\/wp-json\/wp\/v2\/categories?post=6504"},{"taxonomy":"post_tag","embeddable":true,"href":"https:\/\/www.tedpublications.com\/fr\/wp-json\/wp\/v2\/tags?post=6504"}],"curies":[{"name":"wp","href":"https:\/\/api.w.org\/{rel}","templated":true}]}}