{"id":6492,"date":"2011-08-11T15:12:01","date_gmt":"2011-08-11T19:12:01","guid":{"rendered":"http:\/\/www.tedpublications.com\/fr\/?p=6492"},"modified":"2011-08-11T15:12:01","modified_gmt":"2011-08-11T19:12:01","slug":"vallieres-le-monde-tourne-fort","status":"publish","type":"post","link":"https:\/\/www.tedpublications.com\/fr\/vallieres-le-monde-tourne-fort\/","title":{"rendered":"<!--:fr-->Valli\u00e8res: Le Monde tourne fort<!--:-->"},"content":{"rendered":"<p><!--:fr--><\/p>\n<p style=\"text-align: center;\"><img loading=\"lazy\" decoding=\"async\" class=\"aligncenter size-full wp-image-6493\" style=\"border: 0pt none;\" title=\"vincent_vallieres_08_2011\" src=\"http:\/\/www.tedpublications.com\/fr\/wp-content\/uploads\/2011\/08\/vincent_vallieres_08_2011.jpg\" alt=\"\" width=\"587\" height=\"391\" \/><\/p>\n<p><strong>Num\u00e9ro 1 des ventes deux ans apr\u00e8s sa sortie<\/strong><\/p>\n<p>Num\u00e9ro 1 des ventes francophones \u00e0 sa sortie le 1er\u00a0septembre 2009, l&rsquo;album <em>Le monde tourne fort<\/em> de Vincent Valli\u00e8res fait un retour au sommet deux ans plus tard et ce,  trois mois apr\u00e8s s&rsquo;\u00eatre vu d\u00e9cerner la certification disque d&rsquo;or pour  40\u00a0000\u00a0copies vendues\u00a0\u2014\u00a0\u00e0 ce jour, plus de 55\u00a0000\u00a0copies ont trouv\u00e9  preneurs.<\/p>\n<p>Depuis janvier 2011, l&rsquo;album est rest\u00e9 30  semaines au top\u00a010 des ventes, dont 8\u00a0semaines au top\u00a02.  L&rsquo;impressionnante vague de sympathie soulev\u00e9e par son quatri\u00e8me extrait,  <em>On\u00a0va\u00a0s&rsquo;aimer encore<\/em>, n&rsquo;est pas \u00e9trang\u00e8re \u00e0 tout ce succ\u00e8s.  Num\u00e9ro\u00a01 au BDS au mois de mai dernier, l&rsquo;extrait, au top\u00a05 depuis  janvier 2011, est bien en voie de devenir, selon les programmateurs  musicaux, la chanson francophone de l&rsquo;\u00e9t\u00e9, comme le confirme les  quelques 675\u00a0000\u00a0visionnements du clip enregistr\u00e9s sur YouTube.<\/p>\n<p><object style=\"width: 590px; height: 350px;\" classid=\"clsid:d27cdb6e-ae6d-11cf-96b8-444553540000\" width=\"590\" height=\"350\" codebase=\"http:\/\/download.macromedia.com\/pub\/shockwave\/cabs\/flash\/swflash.cab#version=6,0,40,0\"><param name=\"src\" value=\"http:\/\/www.youtube.com\/v\/1phXlom_SII\" \/><embed style=\"width: 590px; height: 350px;\" type=\"application\/x-shockwave-flash\" width=\"590\" height=\"350\" src=\"http:\/\/www.youtube.com\/v\/1phXlom_SII\"><\/embed><\/object><\/p>\n<p>Mais au-del\u00e0 d&rsquo;une flop\u00e9e de chiffres et de  statistiques, entendons-nous sur le fait que le succ\u00e8s de Valli\u00e8res  tient avant tout \u00e0 la qualit\u00e9 et l&rsquo;authenticit\u00e9 qui se d\u00e9gage autant de  ses chansons que de ses nombreux spectacles.<\/p>\n<p>\u00c0 ce sujet, Valli\u00e8res foulera \u00e0 nouveau les planches \u00e0 l&rsquo;automne et l&rsquo;hiver 2011 avec <em>Valli\u00e8res au coin de la rue<\/em>, un spectacle intime pr\u00e9sent\u00e9 \u00e0 guichets ferm\u00e9s tout l&rsquo;\u00e9t\u00e9 dans le cadre du ROSEQ et qui se poursuivra jusqu&rsquo;au printemps 2012.<\/p>\n<p>Et parce que Valli\u00e8res c&rsquo;est aussi de vieux amis  qui savent rocker une sc\u00e8ne, voici les derni\u00e8res chances d&rsquo;attraper le  groupe avant la fin de la tourn\u00e9e <em>Le monde tourne fort<\/em>.<\/p>\n<p><strong><a href=\"www.vincentvallieres.com\" target=\"_blank\">www.vincentvallieres.com<\/a><\/strong><!--:--><\/p>\n","protected":false},"excerpt":{"rendered":"<p>Num\u00e9ro 1 des ventes deux ans apr\u00e8s sa sortie Num\u00e9ro 1 des ventes francophones \u00e0 sa sortie le 1er\u00a0septembre 2009, l&rsquo;album Le monde tourne fort de Vincent Valli\u00e8res fait un retour au sommet deux ans plus tard et ce, trois mois apr\u00e8s s&rsquo;\u00eatre vu d\u00e9cerner la certification disque d&rsquo;or pour 40\u00a0000\u00a0copies vendues\u00a0\u2014\u00a0\u00e0 ce jour, plus [&hellip;]<\/p>\n","protected":false},"author":1,"featured_media":0,"comment_status":"open","ping_status":"closed","sticky":false,"template":"","format":"standard","meta":{"footnotes":""},"categories":[39,53,59],"tags":[390,391,392,393,394],"class_list":["post-6492","post","type-post","status-publish","format-standard","hentry","category-actualite","category-rythme-et-musique","category-vedette","tag-le-monde-tourne-fort","tag-roseq","tag-vallieres","tag-vallieres-au-coin-de-la-rue","tag-vincent-vallieres","entry"],"_links":{"self":[{"href":"https:\/\/www.tedpublications.com\/fr\/wp-json\/wp\/v2\/posts\/6492","targetHints":{"allow":["GET"]}}],"collection":[{"href":"https:\/\/www.tedpublications.com\/fr\/wp-json\/wp\/v2\/posts"}],"about":[{"href":"https:\/\/www.tedpublications.com\/fr\/wp-json\/wp\/v2\/types\/post"}],"author":[{"embeddable":true,"href":"https:\/\/www.tedpublications.com\/fr\/wp-json\/wp\/v2\/users\/1"}],"replies":[{"embeddable":true,"href":"https:\/\/www.tedpublications.com\/fr\/wp-json\/wp\/v2\/comments?post=6492"}],"version-history":[{"count":0,"href":"https:\/\/www.tedpublications.com\/fr\/wp-json\/wp\/v2\/posts\/6492\/revisions"}],"wp:attachment":[{"href":"https:\/\/www.tedpublications.com\/fr\/wp-json\/wp\/v2\/media?parent=6492"}],"wp:term":[{"taxonomy":"category","embeddable":true,"href":"https:\/\/www.tedpublications.com\/fr\/wp-json\/wp\/v2\/categories?post=6492"},{"taxonomy":"post_tag","embeddable":true,"href":"https:\/\/www.tedpublications.com\/fr\/wp-json\/wp\/v2\/tags?post=6492"}],"curies":[{"name":"wp","href":"https:\/\/api.w.org\/{rel}","templated":true}]}}