{"id":6166,"date":"2011-07-21T08:50:58","date_gmt":"2011-07-21T12:50:58","guid":{"rendered":"http:\/\/www.tedpublications.com\/fr\/?p=6166"},"modified":"2011-07-21T08:50:58","modified_gmt":"2011-07-21T12:50:58","slug":"4e-edition-du-festival-jazz-de-mont-tramblant","status":"publish","type":"post","link":"https:\/\/www.tedpublications.com\/fr\/4e-edition-du-festival-jazz-de-mont-tramblant\/","title":{"rendered":"<!--:fr-->4e edition du Festival Jazz de Mont- Tramblant<!--:-->"},"content":{"rendered":"<p><!--:fr--><figure id=\"attachment_6169\" aria-describedby=\"caption-attachment-6169\" style=\"width: 587px\" class=\"wp-caption aligncenter\"><img loading=\"lazy\" decoding=\"async\" class=\"size-full wp-image-6169 \" style=\"border: 0pt none;\" title=\"vic_voguel_07_2011\" src=\"http:\/\/www.tedpublications.com\/fr\/wp-content\/uploads\/2011\/07\/vic_voguel_07_2011.jpg\" alt=\"\" width=\"587\" height=\"293\" \/><figcaption id=\"caption-attachment-6169\" class=\"wp-caption-text\">Vic Vogel<\/figcaption><\/figure><\/p>\n<p style=\"text-align: left;\"><code> <\/code><\/p>\n<p style=\"text-align: left;\"><img loading=\"lazy\" decoding=\"async\" class=\"alignleft size-full wp-image-6168\" title=\"festi_jazz_07_2011\" src=\"http:\/\/www.tedpublications.com\/fr\/wp-content\/uploads\/2011\/07\/festi_jazz_07_2011.jpg\" alt=\"\" width=\"288\" height=\"231\" \/><strong>4e edition du Festival Jazz de Mont-Tramblant<\/strong><strong><em><br \/>\nPr\u00e8s de 60 concerts jazz gratuits\u00a0 du 10 au 14 ao\u00fbt 2011<\/em><\/strong><\/p>\n<p><strong>5 jours de Jazz<\/strong> sur 2 sc\u00e8nes ext\u00e9rieures et dans plus de 15 caf\u00e9s, restos, bars et h\u00f4tels de Mont-Tremblant, secteur centre-ville et village.<\/p>\n<p>Du mercredi 10 ao\u00fbt au dimanche 14 ao\u00fbt le <strong>Festi Jazz Mont-Tremblant<\/strong> et son porte-parole <strong>Vic Vogel<\/strong>, vous invitent \u00e0 la 4e \u00e9dition 100% jazz !<\/p>\n<p>\u00c0 sa quatri\u00e8me ann\u00e9e d\u2019existence, le Festi Jazz Mont-Tremblant accueille l\u2019incontournable pianiste Vic Vogel pour parrainer l\u2019\u00e9v\u00e9nement. Cette ann\u00e9e, les festivit\u00e9s s\u2019\u00e9chelonnent sur cinq jours plut\u00f4t que quatre, du 10 au 14 ao\u00fbt.<\/p>\n<p>Vogel, pianiste, compositeur, orchestrateur de renomm\u00e9e internationale, se produira sur la grande sc\u00e8ne du Festi Jazz le vendredi 12 ao\u00fbt, \u00e0 21 h. Le Montr\u00e9alais s\u2019impose dans son style depuis plus de 50 ans. En 1968, il a fond\u00e9 le Vic Vogel Jazz Big Band, un groupe-\u00e9cole o\u00f9 il forme les talents du Qu\u00e9bec.<\/p>\n<p>Le ma\u00eetre a \u00e9t\u00e9 l\u2019orchestrateur d\u2019importantes c\u00e9r\u00e9monies dont celles de terre des Hommes (1967), des Jeux Olympiques (1976) et des Jeux du Canada (1985). Plus de 20 ann\u00e9es cons\u00e9cutives, il a jou\u00e9 au Festival international de jazz de Montr\u00e9al, le seul musicien \u00e0 d\u00e9tenir cette mention.<\/p>\n<p>Pr\u00e8s de 60 concerts se tiendront gratuitement dans les secteurs centre-ville et village de Mont-Tremblant. Quelques-uns envahiront l\u2019\u00e9glise Sacr\u00e9-C\u0153ur-de-J\u00e9sus, endroit que la ville souhaite transformer en salle de spectacle. Le Festi Jazz d\u00e9sire d\u00e9mocratiser cette musique tout en devenant un \u00ab haut lieu de d\u00e9couvertes musicales, en pr\u00e9sentant les meilleurs artistes de jazz d\u2019ici et de l\u2019\u00e9tranger \u00bb.<\/p>\n<p><a href=\"http:\/\/jazzmttremblant.com\/programmation.php\" target=\"_blank\">http:\/\/jazzmttremblant.com\/programmation.php<\/a><!--:--><\/p>\n","protected":false},"excerpt":{"rendered":"<p>4e edition du Festival Jazz de Mont-Tramblant Pr\u00e8s de 60 concerts jazz gratuits\u00a0 du 10 au 14 ao\u00fbt 2011 5 jours de Jazz sur 2 sc\u00e8nes ext\u00e9rieures et dans plus de 15 caf\u00e9s, restos, bars et h\u00f4tels de Mont-Tremblant, secteur centre-ville et village. Du mercredi 10 ao\u00fbt au dimanche 14 ao\u00fbt le Festi Jazz Mont-Tremblant [&hellip;]<\/p>\n","protected":false},"author":1,"featured_media":0,"comment_status":"open","ping_status":"closed","sticky":false,"template":"","format":"standard","meta":{"footnotes":""},"categories":[39,53],"tags":[226,227,228,229,230,217,231,232,233],"class_list":["post-6166","post","type-post","status-publish","format-standard","hentry","category-actualite","category-rythme-et-musique","tag-4e","tag-band","tag-big","tag-edition","tag-festival","tag-jazz","tag-mont-tramblant","tag-vic","tag-vogel","entry"],"_links":{"self":[{"href":"https:\/\/www.tedpublications.com\/fr\/wp-json\/wp\/v2\/posts\/6166","targetHints":{"allow":["GET"]}}],"collection":[{"href":"https:\/\/www.tedpublications.com\/fr\/wp-json\/wp\/v2\/posts"}],"about":[{"href":"https:\/\/www.tedpublications.com\/fr\/wp-json\/wp\/v2\/types\/post"}],"author":[{"embeddable":true,"href":"https:\/\/www.tedpublications.com\/fr\/wp-json\/wp\/v2\/users\/1"}],"replies":[{"embeddable":true,"href":"https:\/\/www.tedpublications.com\/fr\/wp-json\/wp\/v2\/comments?post=6166"}],"version-history":[{"count":0,"href":"https:\/\/www.tedpublications.com\/fr\/wp-json\/wp\/v2\/posts\/6166\/revisions"}],"wp:attachment":[{"href":"https:\/\/www.tedpublications.com\/fr\/wp-json\/wp\/v2\/media?parent=6166"}],"wp:term":[{"taxonomy":"category","embeddable":true,"href":"https:\/\/www.tedpublications.com\/fr\/wp-json\/wp\/v2\/categories?post=6166"},{"taxonomy":"post_tag","embeddable":true,"href":"https:\/\/www.tedpublications.com\/fr\/wp-json\/wp\/v2\/tags?post=6166"}],"curies":[{"name":"wp","href":"https:\/\/api.w.org\/{rel}","templated":true}]}}