{"id":595,"date":"2009-08-06T16:24:34","date_gmt":"2009-08-06T16:24:34","guid":{"rendered":"http:\/\/www.tedpublications.com\/fr\/?p=595"},"modified":"2009-08-06T16:24:34","modified_gmt":"2009-08-06T16:24:34","slug":"le-guitarriste-paco-pena-au-theatre-outremont","status":"publish","type":"post","link":"https:\/\/www.tedpublications.com\/fr\/le-guitarriste-paco-pena-au-theatre-outremont\/","title":{"rendered":"<!--:fr-->Le guitarriste Paco Pe\u00f1a au Th\u00e9\u00e2tre Outremont<!--:-->"},"content":{"rendered":"<p><!--:fr--><code> <\/code><br \/>\n<strong>Le Th\u00e9\u00e2tre Outremont accueille<\/strong><strong> le guitariste flamenco Paco Pe\u00f1a<\/strong><strong> dans le cadre de la s\u00e9rie Jazz \u00e0 l\u2019ann\u00e9e<\/strong><\/p>\n<p><em>Billets en vente d\u00e8s samedi \u00e0 midi<\/em><\/p>\n<p><strong>Montr\u00e9al, le jeudi 6 ao\u00fbt 2009<\/strong> &#8211; La saison <strong>2009-2010<\/strong> de la <strong><em>s\u00e9rie Jazz \u00e0 l\u2019ann\u00e9e<\/em><\/strong> pr\u00e9sent\u00e9e par <strong>TD<\/strong> s\u2019\u00e9tendra cet automne au <strong>Th\u00e9\u00e2tre Outremont<\/strong>, qui sera l\u2019h\u00f4te d\u2019un concert du guitariste espagnol <strong>Paco Pe\u00f1a<\/strong> le <strong>vendredi 23 octobre <\/strong>prochain \u00e0 <strong>20 h. Billets mis en vente d\u00e8s ce samedi, 8 ao\u00fbt, \u00e0 midi.<\/strong><\/p>\n<p>Du Carnegie Hall de New York au Royal  Albert Hall de Londres, ce professeur, compositeur, producteur et  directeur artistique a \u00e9t\u00e9 nomm\u00e9 \u00ab meilleur guitariste flamenco de  l\u2019ann\u00e9e \u00bb cinq ans de suite par le <em>America\u2019s Guitar Magazine<\/em> et le <em>New York Times<\/em> loue sa virtuosit\u00e9.<\/p>\n<p>Accompagn\u00e9 de ses musiciens, chanteurs et  danseurs, Paco Pe\u00f1a, ce ma\u00eetre espagnol de la guitare souvent compar\u00e9 \u00e0  Paco de Lucia, explore l\u2019essence du flamenco, alliant authenticit\u00e9 et  innovation, et chacun de ses spectacles se r\u00e9v\u00e8le une v\u00e9ritable visite  des traditions folkloriques arabe, gitane et espagnole.<\/p>\n<p><strong>Il reste \u00e9galement des billets<\/strong><strong> pour ces autres<\/strong><br \/>\n<strong>concerts de l<em>a s\u00e9rie <\/em><em>Jazz<\/em><em> \u00e0 l\u2019ann\u00e9e <\/em><\/strong><em><strong>:<\/strong><\/em><\/p>\n<p><strong>\u00c0 L\u2019Astral<\/strong><\/p>\n<p><strong>Erik Truffaz<\/strong> &#8211; <strong>3 septembre, 20 h<\/strong><\/p>\n<p><strong>Matt Andersen<\/strong> &#8211; <strong>16 septembre, 20 h<\/strong><\/p>\n<p><strong>Yaron Herman<\/strong> <strong>Trio <\/strong>&#8211; <strong>17 septembre, 20h<\/strong><\/p>\n<p><strong>Harry Manx<\/strong> <strong>Solo<\/strong> &#8211; <strong>18 et 19 septembre, 20 h<\/strong><\/p>\n<p><strong>Hypnotic Brass Ensemble<\/strong> &#8211; <strong>22 septembre<\/strong>, <strong>20 h<\/strong><\/p>\n<p><strong>Ronnie Baker Brooks<\/strong> &#8211; <strong>23 septembre, 20 h<\/strong><\/p>\n<p><strong>McCoy Tyner<\/strong> <strong>Trio<\/strong> &#8211; <strong>24, 25 et 26 septembre, 20 h<\/strong><\/p>\n<p><strong>Allan Holdsworth Trio<\/strong> &#8211; <strong>30 septembre et 1<sup>er<\/sup> octobre, 20 h<\/strong><\/p>\n<p><strong>Tierney Sutton Band<\/strong> &#8211;<strong> 6 octobre, 20 h<\/strong><\/p>\n<p><strong>The Sociopaths avec Charles Papasoff, Coral Egan et Matt Herskowitz <\/strong>&#8211; <strong>8 octobre, 20 h<\/strong><\/p>\n<p><strong>Kurt Rosenwinkel<\/strong> <strong>Standards \u00ab Trio \u00bb <\/strong>&#8211; <strong>10 octobre, 20 h<\/strong><\/p>\n<p><strong>Afro-Cuban All Stars<\/strong> &#8211; <strong>30 octobre, 20 h<\/strong><\/p>\n<p><strong>Duke Robillard<\/strong> &#8211;<strong> 4 novembre, 20 h<\/strong><\/p>\n<p><strong>Steve Amirault<\/strong> <strong>Trio<\/strong> &#8211; <strong>5 novembre, 20 h<\/strong><\/p>\n<p><strong>Suzanne Vega<\/strong> &#8211; <strong>7 et 8 novembre, 20 h<\/strong><\/p>\n<p><strong>Susie Arioli<\/strong> &#8211;<strong> 12 et 13 novembre, 20 h<\/strong><\/p>\n<p><strong>Sara Tavares<\/strong> &#8211; <strong>17 novembre, 20 h<\/strong><\/p>\n<p><strong>Cowboy Junkies<\/strong> &#8211; <strong>18 et 19 novembre, 20 h<\/strong><\/p>\n<p><strong>Carol Welsman<\/strong> &#8211; <strong>20 et 21 novembre, 20 h<\/strong><\/p>\n<p><strong>Alex Cuba<\/strong> &#8211; <strong>27 novembre, 20 h<\/strong><\/p>\n<p><strong>Soir\u00e9e sp\u00e9ciale avec John Pizzarelli<\/strong> <strong>et Coral Egan <\/strong>&#8211; <strong>3 et 4 d\u00e9cembre, 20 h<\/strong><br \/>\n<strong>Au M\u00e9tropolis<\/strong><\/p>\n<p><strong>Keb\u2019 Mo\u2019 Band<\/strong> &#8211; <strong>15 octobre, 20 h<\/strong><\/p>\n<p><strong>The Derek Trucks Band<\/strong> &#8211;<strong> 7 novembre, 20 h<\/strong><\/p>\n<p><strong>John Mayall and the Bluesbreakers<\/strong> &#8211; <strong>22 novembre, 20 h<\/strong><\/p>\n<p>Organisme sans but lucratif, le Festival International de Jazz de Montr\u00e9al poursuit, pour une 10<sup>e <\/sup>ann\u00e9e  cons\u00e9cutive, sa mission de diffusion et de d\u00e9veloppement du jazz et de  ses musiques cousines, en r\u00e9investissant ses surplus dans la  pr\u00e9sentation de concerts sp\u00e9ciaux de sa s\u00e9rie <em>Jazz \u00e0 l\u2019ann\u00e9e<\/em>. Avec l\u2019appui de partenaires publics, plus pr\u00e9cis\u00e9ment de la <strong>Soci\u00e9t\u00e9<\/strong><strong> de d\u00e9veloppement des entreprises culturelles (SODEC)<\/strong> et du <strong>minist\u00e8re du Patrimoine canadien<\/strong>,  il peut ainsi offrir au public montr\u00e9alais et \u00e0 ses visiteurs la  possibilit\u00e9 de vivre au rythme du jazz toute l\u2019ann\u00e9e durant ! Le  Festival tient \u00e9galement \u00e0 souligner l\u2019appui de <strong>Bell<\/strong>, partenaire de la s\u00e9rie, ainsi que celui du <strong>Hyatt Regency Montr\u00e9al<\/strong>, l\u2019h\u00f4tel officiel de la s\u00e9rie <em>Jazz \u00e0 l\u2019ann\u00e9e<\/em>.<\/p>\n<p><strong>Billets en vente d\u00e8s samedi \u00e0 midi<\/strong><\/p>\n<p>Les billets pour ce nouveau concert inscrit \u00e0 la programmation automne\/hiver 2009-2010 de la s\u00e9rie <em>Jazz \u00e0 l\u2019ann\u00e9e<\/em> seront en vente d\u00e8s samedi \u00e0 midi. On peut se les procurer \u00e0 la billetterie du <strong>Th\u00e9\u00e2tre Outremont <\/strong>(1248, avenue Bernard Ouest), \u00e0 la billetterie centrale du Festival, situ\u00e9e au <strong>M\u00e9tropolis<\/strong> (59, rue Sainte\u2011Catherine Est), ou par <strong>Ticketpro<\/strong> &#8211; <a title=\"http:\/\/www.ticketpro.ca\/\" href=\"http:\/\/www.ticketpro.ca\/\" target=\"_blank\">ticketpro.ca<\/a>, 514 908\u20119090 ou 1 866 908\u20119090. Pour plus de renseignements, il faut joindre la Ligne Info-Jazz Bell au <strong>514 871\u20111881<\/strong>, sans frais au <strong>1 888 515\u20110515<\/strong> ou visiter le <a title=\"http:\/\/www.montrealjazzfest.com\/\" href=\"http:\/\/www.montrealjazzfest.com\/\" target=\"_blank\">montrealjazzfest.com<\/a>.<!--:--><\/p>\n","protected":false},"excerpt":{"rendered":"<p>Le Th\u00e9\u00e2tre Outremont accueille le guitariste flamenco Paco Pe\u00f1a dans le cadre de la s\u00e9rie Jazz \u00e0 l\u2019ann\u00e9e Billets en vente d\u00e8s samedi \u00e0 midi Montr\u00e9al, le jeudi 6 ao\u00fbt 2009 &#8211; La saison 2009-2010 de la s\u00e9rie Jazz \u00e0 l\u2019ann\u00e9e pr\u00e9sent\u00e9e par TD s\u2019\u00e9tendra cet automne au Th\u00e9\u00e2tre Outremont, qui sera l\u2019h\u00f4te d\u2019un concert [&hellip;]<\/p>\n","protected":false},"author":1,"featured_media":0,"comment_status":"open","ping_status":"closed","sticky":false,"template":"","format":"standard","meta":{"footnotes":""},"categories":[53,54],"tags":[],"class_list":["post-595","post","type-post","status-publish","format-standard","hentry","category-rythme-et-musique","category-video","entry"],"_links":{"self":[{"href":"https:\/\/www.tedpublications.com\/fr\/wp-json\/wp\/v2\/posts\/595","targetHints":{"allow":["GET"]}}],"collection":[{"href":"https:\/\/www.tedpublications.com\/fr\/wp-json\/wp\/v2\/posts"}],"about":[{"href":"https:\/\/www.tedpublications.com\/fr\/wp-json\/wp\/v2\/types\/post"}],"author":[{"embeddable":true,"href":"https:\/\/www.tedpublications.com\/fr\/wp-json\/wp\/v2\/users\/1"}],"replies":[{"embeddable":true,"href":"https:\/\/www.tedpublications.com\/fr\/wp-json\/wp\/v2\/comments?post=595"}],"version-history":[{"count":0,"href":"https:\/\/www.tedpublications.com\/fr\/wp-json\/wp\/v2\/posts\/595\/revisions"}],"wp:attachment":[{"href":"https:\/\/www.tedpublications.com\/fr\/wp-json\/wp\/v2\/media?parent=595"}],"wp:term":[{"taxonomy":"category","embeddable":true,"href":"https:\/\/www.tedpublications.com\/fr\/wp-json\/wp\/v2\/categories?post=595"},{"taxonomy":"post_tag","embeddable":true,"href":"https:\/\/www.tedpublications.com\/fr\/wp-json\/wp\/v2\/tags?post=595"}],"curies":[{"name":"wp","href":"https:\/\/api.w.org\/{rel}","templated":true}]}}