{"id":44324,"date":"2025-05-30T18:43:44","date_gmt":"2025-05-30T22:43:44","guid":{"rendered":"https:\/\/www.tedpublications.com\/fr\/?p=44324"},"modified":"2025-05-30T18:43:44","modified_gmt":"2025-05-30T22:43:44","slug":"new-album-by-dominique-fils-aime","status":"publish","type":"post","link":"https:\/\/www.tedpublications.com\/fr\/en\/new-album-by-dominique-fils-aime\/","title":{"rendered":"New Album by Dominique Fils-Aim\u00e9"},"content":{"rendered":"<p><span style=\"font-family: Abril Fatface; font-size: 24px; color: #800000;\"><strong>Dominique Fils-Aim\u00e9<\/strong>\u2019s new album<br \/>\n<em>Live at The Festival International de Jazz de Montr\u00e9al<br \/>\n<\/em>will be available starting June 6 via <strong>Ensoul Records<\/strong>.<\/span><\/p>\n<p><a href=\"https:\/\/www.tedpublications.com\/fr\/wp-content\/uploads\/2025\/05\/dominique_fils_aime_3-1.jpg\"><img loading=\"lazy\" decoding=\"async\" class=\"wp-image-44336 alignleft\" src=\"https:\/\/www.tedpublications.com\/fr\/wp-content\/uploads\/2025\/05\/dominique_fils_aime_3-1-550x550.jpg\" alt=\"\" width=\"400\" height=\"400\" srcset=\"https:\/\/www.tedpublications.com\/fr\/wp-content\/uploads\/2025\/05\/dominique_fils_aime_3-1-550x550.jpg 550w, https:\/\/www.tedpublications.com\/fr\/wp-content\/uploads\/2025\/05\/dominique_fils_aime_3-1-647x647.jpg 647w, https:\/\/www.tedpublications.com\/fr\/wp-content\/uploads\/2025\/05\/dominique_fils_aime_3-1-150x150.jpg 150w, https:\/\/www.tedpublications.com\/fr\/wp-content\/uploads\/2025\/05\/dominique_fils_aime_3-1-768x768.jpg 768w, https:\/\/www.tedpublications.com\/fr\/wp-content\/uploads\/2025\/05\/dominique_fils_aime_3-1-600x600.jpg 600w, https:\/\/www.tedpublications.com\/fr\/wp-content\/uploads\/2025\/05\/dominique_fils_aime_3-1-45x45.jpg 45w, https:\/\/www.tedpublications.com\/fr\/wp-content\/uploads\/2025\/05\/dominique_fils_aime_3-1.jpg 1080w\" sizes=\"auto, (max-width: 400px) 100vw, 400px\" \/><\/a><em>Performing in Quebec City, Osaka, Vienna, Casablanca, Rotterdam, Baie St-Paul, and on a U.S. tour in September.<\/em><\/p>\n<p><strong>Montreal, May 2025<\/strong>\u00a0\u2013 After performing nearly 20\u00a0shows across Sweden, Germany, Spain, France, and England, <strong>Dominique Fils-Aim\u00e9<\/strong> will release her new album <em>Live at The Festival International de Jazz de Montr\u00e9al<\/em> on June\u00a06. The album is a lasting memory of her major outdoor performance on June\u00a029, 2024, where <strong>Dominique<\/strong> gracefully revisited her discography, joined on stage by 16\u00a0musicians and backing vocalists.<\/p>\n<p><strong>Dominique Fils-Aim\u00e9<\/strong> brings a new dimension to each track, expanding her vocal range and improvising original melodies. The band also takes creative risks, pushing the boundaries of <strong>Dominique<\/strong>\u2019s repertoire with fresh, bold sounds. <em>Live at The Festival International de Jazz de Montr\u00e9al<\/em> explores a wide and beautiful sonic landscape, from the upbeat rhythm of <em>Tall Lion Down<\/em> to the explosive energy of <em>Love Take Over<\/em> and the renewed interpretation of <em>While We Wait<\/em>. Together, <strong>Dominique<\/strong> and her ensemble push their limits, delivering an unforgettable performance.<\/p>\n<p><strong>Dominique Fils-Aim\u00e9<\/strong> and her exceptional band will perform two shows at the <strong>Grand Th\u00e9\u00e2tre de Qu\u00e9bec<\/strong> on May\u00a031 before flying to Japan to take part in the <strong>World Expo<\/strong> in Osaka. The tour then continues to Vienna (opening for <strong>Jamie<\/strong> <strong>Cullum<\/strong> at Jazz \u00e0 Vienne), <strong>Casablanca<\/strong> (at the <strong>Jazzablanca Festival<\/strong>), and Rotterdam (at the legendary <strong>North Sea Jazz Festival<\/strong>), before returning to Canada to perform at <strong>Le Festif!<\/strong> in Baie St-Paul on July\u00a018.<\/p>\n<p><a href=\"https:\/\/www.tedpublications.com\/fr\/wp-content\/uploads\/2025\/05\/dominique_fils_aime_6-1.jpg\"><img loading=\"lazy\" decoding=\"async\" class=\"wp-image-44338 alignright\" src=\"https:\/\/www.tedpublications.com\/fr\/wp-content\/uploads\/2025\/05\/dominique_fils_aime_6-1-500x550.jpg\" alt=\"\" width=\"326\" height=\"359\" srcset=\"https:\/\/www.tedpublications.com\/fr\/wp-content\/uploads\/2025\/05\/dominique_fils_aime_6-1-500x550.jpg 500w, https:\/\/www.tedpublications.com\/fr\/wp-content\/uploads\/2025\/05\/dominique_fils_aime_6-1-588x647.jpg 588w, https:\/\/www.tedpublications.com\/fr\/wp-content\/uploads\/2025\/05\/dominique_fils_aime_6-1-768x845.jpg 768w, https:\/\/www.tedpublications.com\/fr\/wp-content\/uploads\/2025\/05\/dominique_fils_aime_6-1.jpg 890w\" sizes=\"auto, (max-width: 326px) 100vw, 326px\" \/><\/a>In September, <strong>Dominique<\/strong> will embark on an extensive U.S. tour with shows in Boston, New York, Philadelphia, Washington, Minneapolis, Los Angeles, San Francisco, Seattle, Monterey, Phoenix, and Santa Fe. Full tour dates and details are available <a href=\"https:\/\/domiofficial.com\/en\/\"><strong>HERE<\/strong><\/a>.<\/p>\n<p>Originally from Montreal, <strong>Dominique Fils-Aim\u00e9<\/strong> captivates audiences by first creating a soft, intimate atmosphere. She gradually builds each piece, riff by riff, with every note charged with emotion. This approach invites listeners into her creative process\u00a0\u2014where a single note or word, felt deeply, can spark an entirely new composition. These moments of pure emotion, expressed with clarity, are woven throughout the performance. The haunting vocals in <em>Fall And All<\/em> highlight <strong>Dominique<\/strong>\u2019s artistic intuition. Her voice resonates like a mantra, opening an internal space where every emotion takes root. The audience\u2019s silence underscores the transcendent quality of her performance.<\/p>\n<p>On stage, <strong>Dominique<\/strong>\u2019s music unfolds in its full richness and depth. Some songs blend seamlessly into the next, each ending flowing into a new beginning. This structure, like most of her artistic choices, is deliberate. It allows her to tell a story of energetic transformation, with each emotion building on the one before it. In retrospect, every feeling becomes essential to the experience of the present moment. The show\u2019s continuity invites the audience to enter a state of flow with the musicians.<\/p>\n<p><iframe loading=\"lazy\" title=\"YouTube video player\" src=\"https:\/\/www.youtube.com\/embed\/MCBcNVF9eKE?si=pMz7UdgbW-wv9l9c\" width=\"890\" height=\"500\" frameborder=\"0\" allowfullscreen=\"allowfullscreen\"><\/iframe><\/p>\n<p><strong>ON TOUR<\/strong><br \/>\n31\/05\u00a0\u2013 Quebec City\u00a0\u2013 <strong>Grand Th\u00e9\u00e2tre de Qu\u00e9bec<\/strong>\u00a0\u2013 4:00\u00a0PM and 8:00\u00a0PM<br \/>\n23\/06 to 30\/06\u00a0\u2013 Osaka (Japan)\u00a0\u2013 <strong>World Expo<\/strong><br \/>\n10\/07\u00a0\u2013 Vienna (France)\u00a0\u2013 Opening for <strong>Jamie Cullum<\/strong> \u2013\u00a0<strong>Jazz \u00e0 Vienne<\/strong><br \/>\n11\/07\u00a0\u2013 Casablanca (Morocco)\u00a0\u2013 <strong>Jazzablanca Festival<\/strong><br \/>\n13\/07\u00a0\u2013 Rotterdam (Netherlands)\u00a0\u2013 <strong>North Sea Jazz Festival<\/strong><br \/>\n18\/07\u00a0\u2013 Baie-St-Paul (Canada)\u00a0\u2013 <strong>Le Festif!<\/strong><br \/>\n02\/08\u00a0\u2013 Campbellford (Canada)\u00a0\u2013 <strong>Westben Festival<\/strong><br \/>\n04\/08\u00a0\u2013 Canmore (Canada)\u00a0\u2013 <strong>Canmore Folk Festival<\/strong><br \/>\n05\/09 to 30\/09\u00a0\u2013 U.S. Tour<\/p>\n","protected":false},"excerpt":{"rendered":"<p>Dominique Fils-Aim\u00e9\u2019s new album Live at The Festival International de Jazz de Montr\u00e9al will be available starting June 6 via Ensoul Records. Performing in Quebec City, Osaka, Vienna, Casablanca, Rotterdam, Baie St-Paul, and on a U.S. tour in September. Montreal, May 2025\u00a0\u2013 After performing nearly 20\u00a0shows across Sweden, Germany, Spain, France, and England, Dominique Fils-Aim\u00e9 [&hellip;]<\/p>\n","protected":false},"author":154720,"featured_media":44335,"comment_status":"closed","ping_status":"open","sticky":false,"template":"","format":"standard","meta":{"footnotes":""},"categories":[1359,2727,2725],"tags":[],"class_list":["post-44324","post","type-post","status-publish","format-standard","has-post-thumbnail","hentry","category-headline-en","category-rhythm-and-music","category-whats-new","entry","has-media"],"_links":{"self":[{"href":"https:\/\/www.tedpublications.com\/fr\/wp-json\/wp\/v2\/posts\/44324","targetHints":{"allow":["GET"]}}],"collection":[{"href":"https:\/\/www.tedpublications.com\/fr\/wp-json\/wp\/v2\/posts"}],"about":[{"href":"https:\/\/www.tedpublications.com\/fr\/wp-json\/wp\/v2\/types\/post"}],"author":[{"embeddable":true,"href":"https:\/\/www.tedpublications.com\/fr\/wp-json\/wp\/v2\/users\/154720"}],"replies":[{"embeddable":true,"href":"https:\/\/www.tedpublications.com\/fr\/wp-json\/wp\/v2\/comments?post=44324"}],"version-history":[{"count":7,"href":"https:\/\/www.tedpublications.com\/fr\/wp-json\/wp\/v2\/posts\/44324\/revisions"}],"predecessor-version":[{"id":44343,"href":"https:\/\/www.tedpublications.com\/fr\/wp-json\/wp\/v2\/posts\/44324\/revisions\/44343"}],"wp:featuredmedia":[{"embeddable":true,"href":"https:\/\/www.tedpublications.com\/fr\/wp-json\/wp\/v2\/media\/44335"}],"wp:attachment":[{"href":"https:\/\/www.tedpublications.com\/fr\/wp-json\/wp\/v2\/media?parent=44324"}],"wp:term":[{"taxonomy":"category","embeddable":true,"href":"https:\/\/www.tedpublications.com\/fr\/wp-json\/wp\/v2\/categories?post=44324"},{"taxonomy":"post_tag","embeddable":true,"href":"https:\/\/www.tedpublications.com\/fr\/wp-json\/wp\/v2\/tags?post=44324"}],"curies":[{"name":"wp","href":"https:\/\/api.w.org\/{rel}","templated":true}]}}