{"id":4402,"date":"2011-03-22T09:54:08","date_gmt":"2011-03-22T13:54:08","guid":{"rendered":"http:\/\/www.tedpublications.com\/fr\/?p=4402"},"modified":"2011-03-22T09:54:08","modified_gmt":"2011-03-22T13:54:08","slug":"sennheiser-canada-travaille-de-concert-avec-ctv","status":"publish","type":"post","link":"https:\/\/www.tedpublications.com\/fr\/sennheiser-canada-travaille-de-concert-avec-ctv\/","title":{"rendered":"<!--:fr-->Sennheiser Canada travaille de concert avec CTV<!--:-->"},"content":{"rendered":"<p><!--:fr--><img loading=\"lazy\" decoding=\"async\" class=\"aligncenter size-full wp-image-4406\" title=\"ctv_sennheiser_2_03_2011_2\" src=\"http:\/\/www.tedpublications.com\/fr\/wp-content\/uploads\/2011\/03\/ctv_sennheiser_2_03_2011_2.jpg\" alt=\"\" width=\"580\" height=\"435\" \/><\/p>\n<p style=\"text-align: center;\"><em>Vue d&rsquo;un plateau de tournage dans un studio de CTV<\/em><br \/>\n<code> <\/code><br \/>\n<span style=\"color: #800000;\"><strong>Sennheiser Canada travaille de concert avec CTV \u00e0 la mise \u00e0 niveau de l&rsquo;infrastructure<br \/>\nsans fil de plusieurs emplacements, d\u00e9butant par l\u2019\u00e9tablissement phare de Toronto <\/strong><\/span><\/p>\n<p><span style=\"color: #800000;\">E<\/span>n pr\u00e9vision de la r\u00e9assignation des fr\u00e9quences de la bande de 700\u00a0MHz, le plus grand radiot\u00e9l\u00e9diffuseur priv\u00e9 au pays se tourne vers Sennheiser pour ses microphones et autres \u00e9quipements sans fil<br \/>\n<strong><br \/>\n<\/strong>Toronto \u2013 le 22 mars 2011 \u2013 Sennheiser annon\u00e7ait r\u00e9cemment qu&rsquo;elle proc\u00e9dait \u00e0 une installation digne de mention pour le r\u00e9seau CTV, le plus grand radiot\u00e9l\u00e9diffuseur au Canada. Cette installation assurera une fonctionnalit\u00e9 sans fil de classe mondiale dans l&rsquo;ensemble et pour chacun des \u00e9tablissements de CTV \u00e0 travers le pays. Avec 28 stations traditionnelles, 29 stations sp\u00e9cialis\u00e9es et 33 postes de radio, le r\u00e9seau CTV rejoint plus de 25 millions d&rsquo;auditeurs chaque semaine, offrant une vaste programmation \u00e0 succ\u00e8s, incluant des sports, des nouvelles et du divertissement.<\/p>\n<p>Cette r\u00e9cente installation de Sennheiser offre l&rsquo;assurance que le r\u00e9seau pourra maintenir un niveau de qualit\u00e9 et une fiabilit\u00e9 de classe mondiale pour toutes ses mises en ondes, en toute conformit\u00e9 avec les r\u00e8gles gouvernementales, tandis que le Canada se pr\u00e9pare \u00e0 la transition \u00e0 la bande de 700\u00a0MHz.<\/p>\n<p>\u00ab\u00a0Nous utilisons des microphones et autres \u00e9quipements Sennheiser depuis l&rsquo;inauguration de nos studios en 1960\u00a0\u00bb, nous dit Allan Morris, vice-pr\u00e9sident directeur de l&rsquo;ing\u00e9nierie, des op\u00e9rations et des TI \u00e0 CTV inc. \u00ab\u00a0\u00c0 travers les nombreuses \u00e9tapes de notre croissance pendant les d\u00e9cennies qui ont suivi, Sennheiser a prouv\u00e9 sa valeur en termes de performance et d&rsquo;absolue fiabilit\u00e9. Et m\u00eame si nos besoins continuent d&rsquo;\u00e9voluer, nous savons que nous pourrons compter sur Sennheiser pour nous procurer la qualit\u00e9 et la polyvalence capables de soutenir notre croissance.\u00a0\u00bb<\/p>\n<p>Tout r\u00e9cemment, Sennheiser a fourni \u00e0 CTV 80 canaux sans fil pour ses \u00e9missions incluant des microphones Lavalier MKE 2-Gold, des \u00e9metteurs SK 5212 et des r\u00e9cepteurs EM 3732. En plus, Sennheiser procurait \u00e0 CTV soixante canaux de retours de sc\u00e8ne intraauriculaires et d&rsquo;interphone sans fil, \u00e9quip\u00e9s d&rsquo;\u00e9metteurs EM 2050 et r\u00e9cepteurs de poche EK 2000. Les r\u00e9cepteurs Sennheiser EM 3732 offrent une qualit\u00e9 sonore exceptionnelle, avec amplement de bande passante commutable. Au surplus, ces appareils peuvent \u00eatre configur\u00e9s pour fonctionner tout aussi bien dans un environnement num\u00e9rique ou analogique.<\/p>\n<p>\u00ab\u00a0L&rsquo;\u00e9tablissement phare de CTV \u00e0 Toronto est un local immense; chaque studio est con\u00e7u pour r\u00e9pondre \u00e0 des besoins de diffusion tr\u00e8s pr\u00e9cis,\u00a0\u00bb commente Doug Spears, directeur des ventes pour la radiot\u00e9l\u00e9diffusion chez Sennheiser Canada. \u00ab\u00a0Notre nouvelle installation sans fil simplifie la gestion des radiofr\u00e9quences chez CTV tout en offrant plus d&rsquo;options aux \u00e9quipes de production et aux artistes en ondes. Et, d&rsquo;une fa\u00e7on peut-\u00eatre encore plus importante, elle offre au r\u00e9seau l&rsquo;infrastructure n\u00e9cessaire \u00e0 sa croissance future.\u00a0\u00bb L&rsquo;installation devrait \u00eatre termin\u00e9e au d\u00e9but d&rsquo;avril.<\/p>\n<p><a href=\"http:\/\/www.sennheiser.ca\/live\/senn\/index\/fr\/\" target=\"_blank\">http:\/\/www.sennheiser.ca\/live\/senn\/index\/fr\/<\/a><\/p>\n<p><span style=\"font-size: medium;\"><span style=\"font-family: Verdana,Helvetica,Arial;\">[nggallery id=6]<\/span><\/span><!--:--><\/p>\n","protected":false},"excerpt":{"rendered":"<p>Vue d&rsquo;un plateau de tournage dans un studio de CTV Sennheiser Canada travaille de concert avec CTV \u00e0 la mise \u00e0 niveau de l&rsquo;infrastructure sans fil de plusieurs emplacements, d\u00e9butant par l\u2019\u00e9tablissement phare de Toronto En pr\u00e9vision de la r\u00e9assignation des fr\u00e9quences de la bande de 700\u00a0MHz, le plus grand radiot\u00e9l\u00e9diffuseur priv\u00e9 au pays se [&hellip;]<\/p>\n","protected":false},"author":1,"featured_media":0,"comment_status":"open","ping_status":"closed","sticky":false,"template":"","format":"standard","meta":{"footnotes":""},"categories":[39,59],"tags":[],"class_list":["post-4402","post","type-post","status-publish","format-standard","hentry","category-actualite","category-vedette","entry"],"_links":{"self":[{"href":"https:\/\/www.tedpublications.com\/fr\/wp-json\/wp\/v2\/posts\/4402","targetHints":{"allow":["GET"]}}],"collection":[{"href":"https:\/\/www.tedpublications.com\/fr\/wp-json\/wp\/v2\/posts"}],"about":[{"href":"https:\/\/www.tedpublications.com\/fr\/wp-json\/wp\/v2\/types\/post"}],"author":[{"embeddable":true,"href":"https:\/\/www.tedpublications.com\/fr\/wp-json\/wp\/v2\/users\/1"}],"replies":[{"embeddable":true,"href":"https:\/\/www.tedpublications.com\/fr\/wp-json\/wp\/v2\/comments?post=4402"}],"version-history":[{"count":0,"href":"https:\/\/www.tedpublications.com\/fr\/wp-json\/wp\/v2\/posts\/4402\/revisions"}],"wp:attachment":[{"href":"https:\/\/www.tedpublications.com\/fr\/wp-json\/wp\/v2\/media?parent=4402"}],"wp:term":[{"taxonomy":"category","embeddable":true,"href":"https:\/\/www.tedpublications.com\/fr\/wp-json\/wp\/v2\/categories?post=4402"},{"taxonomy":"post_tag","embeddable":true,"href":"https:\/\/www.tedpublications.com\/fr\/wp-json\/wp\/v2\/tags?post=4402"}],"curies":[{"name":"wp","href":"https:\/\/api.w.org\/{rel}","templated":true}]}}