{"id":43394,"date":"2024-09-18T18:36:36","date_gmt":"2024-09-18T22:36:36","guid":{"rendered":"https:\/\/www.tedpublications.com\/fr\/?p=43394"},"modified":"2024-09-23T13:05:55","modified_gmt":"2024-09-23T17:05:55","slug":"jordi-savall-claudio-monteverdi-revolution-2","status":"publish","type":"post","link":"https:\/\/www.tedpublications.com\/fr\/jordi-savall-claudio-monteverdi-revolution-2\/","title":{"rendered":"Jordi Savall | Claudio Monteverdi \u2013 Revolution"},"content":{"rendered":"<p><strong>\u00a0<\/strong>La Capella Reial de Catalunya et Hesp\u00e8rion XXI<br \/>\n<em><span style=\"font-size: 36px; font-family: Abril Fatface; color: #993300;\"><strong>Les larmes et le feu des muses<\/strong><\/span><br \/>\n<\/em>John Dowland, Anthony Holborne, Samuel Scheidt, Jacomo de Gorzanis<\/p>\n<p><strong>Traquen\u2019Art<\/strong>\u00a0est heureux d\u2019accueillir, en premi\u00e8re Nord-Am\u00e9ricaine, <strong>Jordi Savall\u00a0\u2013 Claudio Monteverdi <em>R\u00e9volution<\/em>, <\/strong><strong><em>The Tears and the Fire of the Muses<\/em><\/strong> (<strong><em>Les larmes et le feu des muses<\/em><\/strong>), pour deux repr\u00e9sentations au Qu\u00e9bec.<\/p>\n<p><a href=\"https:\/\/www.tedpublications.com\/fr\/wp-content\/uploads\/2024\/09\/Jordi-Savall-Lavaux-8216-scaled-1.jpg\"><img loading=\"lazy\" decoding=\"async\" class=\"alignnone wp-image-43410\" src=\"https:\/\/www.tedpublications.com\/fr\/wp-content\/uploads\/2024\/09\/Jordi_Savall_Lavaux_8216_caled-825x550.jpg\" alt=\"\" width=\"890\" height=\"593\" srcset=\"https:\/\/www.tedpublications.com\/fr\/wp-content\/uploads\/2024\/09\/Jordi_Savall_Lavaux_8216_caled-825x550.jpg 825w, https:\/\/www.tedpublications.com\/fr\/wp-content\/uploads\/2024\/09\/Jordi_Savall_Lavaux_8216_caled-647x431.jpg 647w, https:\/\/www.tedpublications.com\/fr\/wp-content\/uploads\/2024\/09\/Jordi_Savall_Lavaux_8216_caled-768x512.jpg 768w, https:\/\/www.tedpublications.com\/fr\/wp-content\/uploads\/2024\/09\/Jordi_Savall_Lavaux_8216_caled-272x182.jpg 272w, https:\/\/www.tedpublications.com\/fr\/wp-content\/uploads\/2024\/09\/Jordi_Savall_Lavaux_8216_caled.jpg 1080w\" sizes=\"auto, (max-width: 890px) 100vw, 890px\" \/><\/a><br \/>\nLe public qu\u00e9b\u00e9cois adore le gambiste\u00a0<strong>Jordi Savall<\/strong>\u00a0pour sa curiosit\u00e9 in\u00e9puisable, sa musicalit\u00e9 exceptionnelle et son talent unique \u00e0 relier les gens, les lieux et les \u00e9poques \u00e0 travers un r\u00e9pertoire captivant.<\/p>\n<p>Dans ce programme, le maestro aux multiples talents et virtuose de la viole explore l&rsquo;influence de <strong>Claudio Monteverdi\u00a0<\/strong>\u2013 compositeur visionnaire, pionnier de l&rsquo;op\u00e9ra et th\u00e9oricien musical brillant\u00a0\u2013 \u00e0 travers ses \u0153uvres sacr\u00e9es et profanes, ainsi que celles de <strong>John Dowland, Anthony Holborne, Samuel Scheidt <\/strong>et<strong>Jacomo de Garzanis.<\/strong> Cette saison marque \u00e9galement le 50<sup>e<\/sup>\u00a0anniversaire de la cr\u00e9ation du prestigieux ensemble de musique ancienne de <strong>Savall<\/strong>, <strong>Hesp\u00e8rion\u00a0XXI<\/strong>, accompagn\u00e9 ici par les sublimes voix de <strong>La Capella Reial de Catalunya.<\/strong><\/p>\n<p><strong><a href=\"https:\/\/www.tedpublications.com\/fr\/wp-content\/uploads\/2024\/09\/jordisavall4.jpg\"><img loading=\"lazy\" decoding=\"async\" class=\"wp-image-43399 alignleft\" src=\"https:\/\/www.tedpublications.com\/fr\/wp-content\/uploads\/2024\/09\/jordisavall4-454x550.jpg\" alt=\"\" width=\"300\" height=\"364\" srcset=\"https:\/\/www.tedpublications.com\/fr\/wp-content\/uploads\/2024\/09\/jordisavall4-454x550.jpg 454w, https:\/\/www.tedpublications.com\/fr\/wp-content\/uploads\/2024\/09\/jordisavall4-534x647.jpg 534w, https:\/\/www.tedpublications.com\/fr\/wp-content\/uploads\/2024\/09\/jordisavall4-768x931.jpg 768w, https:\/\/www.tedpublications.com\/fr\/wp-content\/uploads\/2024\/09\/jordisavall4.jpg 1080w\" sizes=\"auto, (max-width: 300px) 100vw, 300px\" \/><\/a>Programme<\/strong><br \/>\n\u0152uvres de <strong>Claudio Monteverdi<\/strong> (1567-1643), <strong>John Dowland<\/strong> (1563-1626), <strong>Anthony Holborne <\/strong>(1545-1602), <strong>Samuel Scheidt<\/strong> (1587-1654) et <strong>Jacomo de Garzanis<\/strong> (ca. 1520-1575\/1579).<\/p>\n<p><strong>Tickets<\/strong><br \/>\n<strong>Quebec\u00a0\u2013 Palais Montcalm\u00a0\u2013 Octobre\u00a06, 2024\u00a0\u2013 4\u00a0pm<\/strong><br \/>\n995, place d\u2019Youville<br \/>\n<span style=\"color: #993300;\"><a style=\"color: #993300;\" href=\"https:\/\/shared.outlook.inky.com\/link?domain=palaismontcalm.ca&amp;t=h.eJxdjssOgyAURH_FsG5EBHm46q_g9dKSIiiFVdN_L2y7m2TmnMyH1BzIOpBnKedK6WmD9e8jxQI2HCNYchvIqw8ilpQfUmqmZk1DBY_b_aq4Idi6-zRCOqjhzmyzABDKKDkxwyetJFvQMS04atpgoReuOBsn1d3Y3S7b2PB_Xe_31scaQoulH2XfH2LINVk.MEUCIBZU0bqhJGpOfKFqhRA0_zzkwm9YsLZ-5u9xZpcT8aoiAiEAxeS1igNHhjmjCNOfZ13NH7VROnOXKTGEPrc6Ldj0ltw\" target=\"_blank\" rel=\"noopener\"><strong>palaismontcalm.ca<\/strong><\/a><\/span><br \/>\n418 641-6040 \u2013 1 866 842-2112<\/p>\n<p><strong>Montreal\u00a0\u2013 Maison symphonique\u00a0\u2013 Octobre\u00a07, 2024\u00a0\u2013 <\/strong><strong>19\u00a0h 30<\/strong><br \/>\n1600, rue Saint-Urbain Steet<br \/>\n<span style=\"color: #993300;\"><a style=\"color: #993300;\" href=\"https:\/\/shared.outlook.inky.com\/link?domain=placedesarts.com&amp;t=h.eJxdjjkOwyAURK9iUUcGDGZxlauwfBIrBGwMVZS7B9p0I72Zp_mgViLaJvSs9dgwPqJx4OEypV6zy290m9Br8AQ1l4cQispF4djcDvZ-NrDgTPN7HmWsWdB24c5xqaUgVDOipKArBKo4A4X7mKuVSUZnIocbhjsUk_r8Xze47zy1GHus4yf9_gAf0DT6.MEQCIHOnu1TboreJh_q76setTCFFYd5nX7jNd_fSbuODWiARAiAHCAA12MCig8WnbMUgucrnKgQKWbImBSzyv_3XDD76GA\" target=\"_blank\" rel=\"noopener\"><strong>placedesarts.com<\/strong><\/a><\/span><br \/>\n514\u00a0842-2112\u00a0\u2013 1\u00a0877\u00a0641-6040<\/p>\n","protected":false},"excerpt":{"rendered":"<p>\u00a0La Capella Reial de Catalunya et Hesp\u00e8rion XXI Les larmes et le feu des muses John Dowland, Anthony Holborne, Samuel Scheidt, Jacomo de Gorzanis Traquen\u2019Art\u00a0est heureux d\u2019accueillir, en premi\u00e8re Nord-Am\u00e9ricaine, Jordi Savall\u00a0\u2013 Claudio Monteverdi R\u00e9volution, The Tears and the Fire of the Muses (Les larmes et le feu des muses), pour deux repr\u00e9sentations au Qu\u00e9bec. [&hellip;]<\/p>\n","protected":false},"author":4,"featured_media":43397,"comment_status":"closed","ping_status":"open","sticky":false,"template":"","format":"standard","meta":{"footnotes":""},"categories":[57,39,53],"tags":[],"class_list":["post-43394","post","type-post","status-publish","format-standard","has-post-thumbnail","hentry","category-haute-fidelite","category-actualite","category-rythme-et-musique","entry","has-media"],"_links":{"self":[{"href":"https:\/\/www.tedpublications.com\/fr\/wp-json\/wp\/v2\/posts\/43394","targetHints":{"allow":["GET"]}}],"collection":[{"href":"https:\/\/www.tedpublications.com\/fr\/wp-json\/wp\/v2\/posts"}],"about":[{"href":"https:\/\/www.tedpublications.com\/fr\/wp-json\/wp\/v2\/types\/post"}],"author":[{"embeddable":true,"href":"https:\/\/www.tedpublications.com\/fr\/wp-json\/wp\/v2\/users\/4"}],"replies":[{"embeddable":true,"href":"https:\/\/www.tedpublications.com\/fr\/wp-json\/wp\/v2\/comments?post=43394"}],"version-history":[{"count":6,"href":"https:\/\/www.tedpublications.com\/fr\/wp-json\/wp\/v2\/posts\/43394\/revisions"}],"predecessor-version":[{"id":43411,"href":"https:\/\/www.tedpublications.com\/fr\/wp-json\/wp\/v2\/posts\/43394\/revisions\/43411"}],"wp:featuredmedia":[{"embeddable":true,"href":"https:\/\/www.tedpublications.com\/fr\/wp-json\/wp\/v2\/media\/43397"}],"wp:attachment":[{"href":"https:\/\/www.tedpublications.com\/fr\/wp-json\/wp\/v2\/media?parent=43394"}],"wp:term":[{"taxonomy":"category","embeddable":true,"href":"https:\/\/www.tedpublications.com\/fr\/wp-json\/wp\/v2\/categories?post=43394"},{"taxonomy":"post_tag","embeddable":true,"href":"https:\/\/www.tedpublications.com\/fr\/wp-json\/wp\/v2\/tags?post=43394"}],"curies":[{"name":"wp","href":"https:\/\/api.w.org\/{rel}","templated":true}]}}