{"id":4250,"date":"2011-03-16T16:00:54","date_gmt":"2011-03-16T20:00:54","guid":{"rendered":"http:\/\/www.tedpublications.com\/fr\/?p=4250"},"modified":"2011-03-16T16:00:54","modified_gmt":"2011-03-16T20:00:54","slug":"soicee-douverture-geri-allen-elisabeth-kontomanou","status":"publish","type":"post","link":"https:\/\/www.tedpublications.com\/fr\/soicee-douverture-geri-allen-elisabeth-kontomanou\/","title":{"rendered":"<!--:fr-->Soir\u00e9e d&rsquo;Ouverture: Geri Allen &#038; Elisabeth Kontomanou<!--:-->"},"content":{"rendered":"<p><!--:fr--><img loading=\"lazy\" decoding=\"async\" class=\"aligncenter size-full wp-image-4251\" title=\"geri-allen_03_2011\" src=\"http:\/\/www.tedpublications.com\/fr\/wp-content\/uploads\/2011\/03\/geri-allen_03_2011.jpg\" alt=\"\" width=\"580\" height=\"386\" \/><br \/>\n<code> <\/code><br \/>\n<span style=\"color: #800000;\"><strong>Soir \u00e9e d&rsquo;ouverture:\u00a016 Mars<\/strong><\/span><\/p>\n<h2><span style=\"color: #800000;\">Geri Allen &amp; Elisabeth Kontomanou<br \/>\nHommage\u00a0\u00e0 Billie Holiday<\/span><\/h2>\n<p><strong>Astral &#8211; 20h<\/strong><\/p>\n<p>La l\u00e9gendaire pianiste am\u00e9ricaine Geri Allen et la grande dame du jazz vocal fran\u00e7ais Elisabeth Kontomanou seront r\u00e9unies pour un hommage \u00e0 celle qui aura laiss\u00e9 son emprunte ind\u00e9l\u00e9bile sur le jazz avec sa profondeur, sa sensibilit\u00e9 et sa voix unique : Billie Holiday.<\/p>\n<p>Pianiste versatile, inspir\u00e9e \u00e0 la fois par Keith Jarrett, Herbie Hancock et Bill Evans, Geri Allen a jou\u00e9 avec les plus grands (Betty Carter, Wayne Shorter, Ornette Coleman&#8230;) tout en poursuivant sa carri\u00e8re solo.<\/p>\n<p><img loading=\"lazy\" decoding=\"async\" class=\"aligncenter size-full wp-image-4252\" title=\"elizabeth_kontomanou_03_2011\" src=\"http:\/\/www.tedpublications.com\/fr\/wp-content\/uploads\/2011\/03\/elizabeth_kontomanou_03_2011.jpg\" alt=\"\" width=\"580\" height=\"461\" \/><\/p>\n<p>Gr\u00e9co-Africaine, n\u00e9e en France, Elisabeth Kontomanou a collabor\u00e9 avec de nombreux musiciens sur la sc\u00e8ne europ\u00e9enne aussi bien qu\u2019am\u00e9ricaine, notamment Leon Parker, Michel Legrand, Mike Stern, Alain Jean-Marie. Gr\u00e2ce \u00e0 sa voix velout\u00e9 et son timbre unique, elle a \u00e9t\u00e9 consacr\u00e9e en 2006 \u201cmeilleur artiste vocal\u201d aux victoires du jazz.<\/p>\n<p>Trouvez notre programmation compl\u00e8te\u00a0sur:<a href=\"http:\/\/www.jazzenrafale.com\" target=\"_blank\"> jazzenrafale.com<\/a><!--:--><\/p>\n","protected":false},"excerpt":{"rendered":"<p>Soir \u00e9e d&rsquo;ouverture:\u00a016 Mars Geri Allen &amp; Elisabeth Kontomanou Hommage\u00a0\u00e0 Billie Holiday Astral &#8211; 20h La l\u00e9gendaire pianiste am\u00e9ricaine Geri Allen et la grande dame du jazz vocal fran\u00e7ais Elisabeth Kontomanou seront r\u00e9unies pour un hommage \u00e0 celle qui aura laiss\u00e9 son emprunte ind\u00e9l\u00e9bile sur le jazz avec sa profondeur, sa sensibilit\u00e9 et sa voix [&hellip;]<\/p>\n","protected":false},"author":1,"featured_media":0,"comment_status":"open","ping_status":"closed","sticky":false,"template":"","format":"standard","meta":{"footnotes":""},"categories":[59],"tags":[],"class_list":["post-4250","post","type-post","status-publish","format-standard","hentry","category-vedette","entry"],"_links":{"self":[{"href":"https:\/\/www.tedpublications.com\/fr\/wp-json\/wp\/v2\/posts\/4250","targetHints":{"allow":["GET"]}}],"collection":[{"href":"https:\/\/www.tedpublications.com\/fr\/wp-json\/wp\/v2\/posts"}],"about":[{"href":"https:\/\/www.tedpublications.com\/fr\/wp-json\/wp\/v2\/types\/post"}],"author":[{"embeddable":true,"href":"https:\/\/www.tedpublications.com\/fr\/wp-json\/wp\/v2\/users\/1"}],"replies":[{"embeddable":true,"href":"https:\/\/www.tedpublications.com\/fr\/wp-json\/wp\/v2\/comments?post=4250"}],"version-history":[{"count":0,"href":"https:\/\/www.tedpublications.com\/fr\/wp-json\/wp\/v2\/posts\/4250\/revisions"}],"wp:attachment":[{"href":"https:\/\/www.tedpublications.com\/fr\/wp-json\/wp\/v2\/media?parent=4250"}],"wp:term":[{"taxonomy":"category","embeddable":true,"href":"https:\/\/www.tedpublications.com\/fr\/wp-json\/wp\/v2\/categories?post=4250"},{"taxonomy":"post_tag","embeddable":true,"href":"https:\/\/www.tedpublications.com\/fr\/wp-json\/wp\/v2\/tags?post=4250"}],"curies":[{"name":"wp","href":"https:\/\/api.w.org\/{rel}","templated":true}]}}