{"id":4178,"date":"2011-03-11T12:28:45","date_gmt":"2011-03-11T17:28:45","guid":{"rendered":"http:\/\/www.tedpublications.com\/fr\/?p=4178"},"modified":"2011-03-11T12:28:45","modified_gmt":"2011-03-11T17:28:45","slug":"losm-entrez-voir-des-maintenant","status":"publish","type":"post","link":"https:\/\/www.tedpublications.com\/fr\/losm-entrez-voir-des-maintenant\/","title":{"rendered":"<!--:fr-->L&rsquo;OSM !  Entrez voir d\u00e8s maintenant&#8230;<!--:-->"},"content":{"rendered":"<p><!--:fr--><code> <\/code><\/p>\n<h2 style=\"text-align: left;\"><span style=\"color: #800000;\">Ce qu&rsquo;elle vous r\u00e9serve en 2011-2012<\/span><\/h2>\n<h3><em><span style=\"color: #800000;\">Premi\u00e8re saison dans la nouvelle r\u00e9sidence de l\u2019OSM:<br \/>\nd\u00e9voilement des grandes s\u00e9ries r\u00e9guli\u00e8res et r\u00e9citals<\/span><\/em><\/h3>\n<p><span style=\"color: #800000;\"><strong>Lancement de la campagne de renouvellement de l&rsquo;abonnement:<\/strong><\/span><br \/>\nUn <strong>service personnalis\u00e9 pour assurer aux abonn\u00e9s la priorit\u00e9 sur l\u2019attribution<br \/>\ndes si\u00e8ges<\/strong> dans la nouvelle salle.<\/p>\n<p><strong>Kent Nagano<\/strong> dirige la <em><strong>Passion selon saint Jean de Bach<\/strong><\/em>, le <strong><em>Requiem<\/em><\/strong> de Mozart, la <strong><em>Turangal\u00eel\u00e2-Symphonie<\/em><em>Symphonie fantastique<\/em><\/strong> de Messiaen, la  de Berlioz, la <strong><em>Symphonie \u00ab du Nouveau Monde \u00bb<\/em><\/strong> de Dvo\u0159\u00e1k, la <strong><em>Symphonie \u00ab Romantique \u00bb<\/em><\/strong> de Bruckner et un cycle de plusieurs oeuvres de <strong>Boulez<\/strong>.<\/p>\n<p><span style=\"color: #800000;\"><strong>De grands solistes invit\u00e9s dont:<\/strong><\/span><br \/>\nLe fl\u00fbtiste <strong>Sir James Galway<\/strong>, les violonistes <strong>Gidon Kremer<\/strong>, <strong>Joshua Bell<\/strong>, <strong>Vadim Repin<\/strong>, <strong>James Ehnes<\/strong> et <strong>Hilary Hahn<\/strong>, le violoncelliste <strong>Gautier Capu\u00e7on<\/strong>, les pianistes <strong>Leif Ove Andsnes<\/strong>, <strong>Marc-Andr\u00e9 Hamelin<\/strong>, <strong>Nelson Freire<\/strong>, <strong>Till Fellner<\/strong>, <strong>Alain Lef\u00e8vre<\/strong> et <strong>Angela Hewit<\/strong>t, la soprano <strong>Deborah Voigt<\/strong>, le baryton <strong>Christian Gerhaher<\/strong> et le t\u00e9nor <strong>Marc Hervieux<\/strong>.<\/p>\n<p style=\"text-align: left;\"><span style=\"color: #800000;\"><strong>Des chefs d&rsquo;orchestre invit\u00e9s dont:<\/strong><\/span><br \/>\n<strong>Franz-Paul Decker, Michel Plasson, Rafael Fr\u00fchbeck de Burgos, Jacques Lacombe, Sir Roger Norrington, James Conlon, St\u00e9phane Den\u00e8ve et Lawrence Foster<\/strong>.<\/p>\n<p><span style=\"color: #800000;\"><strong>Une s\u00e9rie de r\u00e9citals avec les pianistes :<\/strong><\/span><br \/>\n<strong>Lang Lang, Evgeny Kissin, H\u00e9l\u00e8ne Grimaud et Menahem Pressler<\/strong><\/p>\n<p><strong>Montr\u00e9al, le 7 octobre 2010<\/strong> : Le directeur musical de l&rsquo;OSM, <strong>Kent Nagano<\/strong>, a d\u00e9voil\u00e9 aujourd&rsquo;hui la programmation des grandes s\u00e9ries r\u00e9guli\u00e8res de concerts que l&rsquo;Orchestre pr\u00e9sentera durant la saison 2011-2012, dans la nouvelle r\u00e9sidence de l&rsquo;OSM. En plus de continuer \u00e0 proposer des concerts les mardis, mercredis et dimanches, l\u2019OSM proposera d\u00e8s la saison prochaine Les Grands Concerts du Jeudi et Les Grands Samedis OSM. La nouvelle structure des s\u00e9ries a l&rsquo;avantage de permettre jusqu&rsquo;\u00e0 trois repr\u00e9sentations de certains programmes.<\/p>\n<p>Ce d\u00e9voilement des grandes s\u00e9ries marque le lancement de la <strong>campagne de renouvellement des abonnements<\/strong>, qui a lieu exceptionnellement d\u00e8s cet automne afin de remplir la promesse de l&rsquo;OSM d&rsquo;accorder \u00e0 ses abonn\u00e9s la priorit\u00e9 sur l&rsquo;attribution des si\u00e8ges de la nouvelle salle. L\u2019Orchestre d\u00e9voilera ult\u00e9rieurement les autres concerts pr\u00e9sent\u00e9s en 2011-2012, incluant le concert d\u2019ouverture dirig\u00e9 par maestro Nagano.<\/p>\n<p>Le directeur musical, <strong>Kent Nagano<\/strong>, a d\u00e9clar\u00e9: <em>\u00ab Il est tr\u00e8s inspirant de savoir que le nom de l&rsquo;OSM sera d\u00e9sormais associ\u00e9 \u00e0 une salle offrant la meilleure exp\u00e9rience symphonique possible. En ce sens, je salue une fois de plus l&rsquo;int\u00e9r\u00eat et l&rsquo;engagement de la soci\u00e9t\u00e9 qu\u00e9b\u00e9coise envers les arts et la culture. Mes coll\u00e8gues de l&rsquo;Orchestre et moi souhaitons vivre ce moment d&rsquo;histoire avec l&rsquo;ensemble du public, que nous invitons \u00e0 nous joindre dans la nouvelle salle de concert. Nous esp\u00e9rons avoir le plaisir d&rsquo;y partager ne serait-ce qu&rsquo;une parcelle de l&rsquo;infinit\u00e9 d&rsquo;\u00e9motions que la musique symphonique peut nous inspirer \u00e0 tous. \u00bb<\/em><\/p>\n<p>La chef de la direction de l&rsquo;OSM, <strong>Madeleine Careau<\/strong>, a rappel\u00e9 le caract\u00e8re unique de la saison \u00e0 venir, qui marquera le d\u00e9but d&rsquo;un nouveau chapitre attendu de l&rsquo;histoire de l&rsquo;Orchestre. <em>\u00ab L&rsquo;OSM, a-t-elle affirm\u00e9, est d&rsquo;ailleurs tr\u00e8s heureux d&rsquo;entreprendre cette nouvelle \u00e9tape sous la direction de Kent Nagano, dont le contrat a r\u00e9cemment \u00e9t\u00e9 renouvel\u00e9. Par ce d\u00e9voilement des grandes s\u00e9ries de concerts, l&rsquo;entr\u00e9e en place de l&rsquo;Orchestre dans sa nouvelle r\u00e9sidence devient une r\u00e9alit\u00e9 de plus en plus palpable. L&rsquo;OSM esp\u00e8re accueillir dans cette salle de calibre mondial, rendue possible gr\u00e2ce au Gouvernement du Qu\u00e9bec, le public qui l&rsquo;a fid\u00e8lement accompagn\u00e9 au fil des ann\u00e9es pass\u00e9es, mais aussi de nouveaux visages, pr\u00eats \u00e0 d\u00e9couvrir la beaut\u00e9 de la musique symphonique avec l&rsquo;Orchestre. \u00bb<\/em><\/p>\n<p><span style=\"color: #800000;\"><strong>Les grandes s\u00e9ries r\u00e9guli\u00e8res de la saison 2011-2012<\/strong><\/span><br \/>\nLa structure des grandes s\u00e9ries r\u00e9guli\u00e8res de l&rsquo;OSM a \u00e9t\u00e9 modifi\u00e9e, certains concerts ayant \u00e9t\u00e9 d\u00e9plac\u00e9s afin de maintenant pouvoir offrir Les Grands Concerts du <strong>Jeudi<\/strong> et Les Grands <strong>Samedis<\/strong> OSM. L&rsquo;OSM continuera de pr\u00e9senter des concerts les <strong>mardis, mercredis et dimanches (apr\u00e8s-midi)<\/strong>, tandis que les Matins symphoniques seront maintenant pr\u00e9sent\u00e9s les <strong>vendredis<\/strong>. Certains des programmes seront donn\u00e9s en repr\u00e9sentation double ou triple, une nouveaut\u00e9 de la saison \u00e0 venir. Chacune des huit grandes s\u00e9ries comprendra six concerts.<\/p>\n<p>Pour cette premi\u00e8re saison dans sa nouvelle salle, l&rsquo;OSM pr\u00e9sentera un panorama musical riche et vari\u00e9, avec des oeuvres d\u00e9coulant de diverses traditions et de diff\u00e9rentes \u00e9poques. Au coeur des grandes s\u00e9ries r\u00e9guli\u00e8res se trouvent des oeuvres ma\u00eetresses du r\u00e9pertoire romantique, notamment compos\u00e9es par Schubert (Symphonie no 5), <strong>Dvo\u0159\u00e1k (Symphonie \u00ab du Nouveau Monde \u00bb, Berlioz<\/strong> <strong><em>(Symphonie fantastique)<\/em><\/strong>, Bizet (Symphonie no 1), Franck <em>(Variations symphoniques)<\/em>,<strong> Bruckner (Symphonie \u00ab Romantique \u00bb)<\/strong> et<strong> R. Strauss (Don Quichotte)<\/strong>.<\/p>\n<p>Maestro Nagano dirigera la <strong>Passion selon saint Jean de Bach<\/strong> et le <strong>Requiem de Mozart<\/strong>, deux magistrales oeuvres chorales sacr\u00e9es.<\/p>\n<p>Le r\u00e9pertoire du XXe si\u00e8cle occupe \u00e9galement une place de choix dans cette programmation, l&rsquo;\u00e9cole russe \u00e9tant particuli\u00e8rement repr\u00e9sent\u00e9e, avec la <strong>Symphonie no 15 de Chostakovitch, la Symphonie no 3 de Prokofiev<\/strong> et ses Concertos pour violon nos 1 et 2, interpr\u00e9t\u00e9s par Hilary Hahn et Vadim Repin. L&rsquo;\u00e9cole fran\u00e7aise est \u00e9galement \u00e0 l&rsquo;honneur, notamment avec <em>La Mer<\/em> de Debussy, <em>La Valse<\/em> et le Concerto pour la main gauche de Ravel.<\/p>\n<p>Le directeur musical de l\u2019OSM dirigera la <em><strong>Turangal\u00eel\u00e2-Symphonie<\/strong><\/em> <strong>de Messiaen<\/strong>, dont il avait dirig\u00e9 l\u2019op\u00e9ra Saint Fran\u00e7ois d\u2019Assise en 2008, une prestation qui a remport\u00e9 le Grand Prix du Conseil des Arts Montr\u00e9al. Kent Nagano et l\u2019OSM pr\u00e9senteront de plus un cycle de plusieurs oeuvres d&rsquo;un compositeur essentiel du r\u00e9pertoire contemporain, <strong>Pierre Boulez<\/strong> (notamment Notations nos 1 \u00e0 4 et<em> Le Soleil des eaux<\/em>).<\/p>\n<p><span style=\"color: #800000;\"><strong>De grands pianistes en r\u00e9cital<\/strong><\/span><br \/>\nL&rsquo;OSM renoue avec la pr\u00e9sentation d&rsquo;une s\u00e9rie de r\u00e9citals donn\u00e9s par de prestigieux artistes invit\u00e9s. Les pianistes <strong>Lang Lang, Evgeny Kissin, H\u00e9l\u00e8ne Grimaud<\/strong> et <strong>Menahem Pressler<\/strong> (avec ses invit\u00e9s en formation de chambre) sont \u00e0 l&rsquo;affiche de cette s\u00e9rie en 2011-2012.<\/p>\n<p><span style=\"color: #800000;\"><strong>De grands artistes invit\u00e9s<\/strong><\/span><br \/>\n<strong><em>L&rsquo;Orchestre recevra notamment:<\/em><\/strong><\/p>\n<ul>\n<li> les pianistes <strong>Leif Ove Andsnes<\/strong>, pour une premi\u00e8re prestation \u00e0 l&rsquo;OSM depuis 1998 (Concerto no 1 de Beethoven), <strong>Boris Berezovsky<\/strong>, <strong>Marc-Andr\u00e9 Hamelin <\/strong>(<em>Variations symphoniques<\/em> de Franck, Ballade de Faur\u00e9), <strong>Nelson Freire<\/strong> (Concerto no 20 de Mozart), <strong>Angela Hewitt<\/strong> (<em>Turangal\u00eel\u00e2-Symphonie<\/em> de Messiaen), <strong>Till Fellner<\/strong> (Concerto no 2 de Beethoven \u2013 l&rsquo;enregistrement de Kent Nagano, Till Fellner et l&rsquo;OSM des Concertos pour piano nos 4 et 5 de Beethoven pour ECM\/Analekta a fait l&rsquo;objet de la S\u00e9lection orchestrale du prestigieux BBC Music Magazine),<strong> Benedetto Lupo<\/strong> (Concerto pour la main gauche de Ravel), <strong>Alain Lef\u00e8vre<\/strong> (Concerto de Schumann), Simone Dinnerstein, qui fera ses d\u00e9buts \u00e0 l&rsquo;OSM (<em>Rhapsody <\/em>in Blue de Gershwin);<\/li>\n<li>en r\u00e9cital, les pianistes <strong>Lang Lang, H\u00e9l\u00e8ne Grimaud<\/strong> et<strong> Evgeny Kissin<\/strong> ainsi que <strong>Menahem Pressler<\/strong> et ses invit\u00e9s, en formation de chambre;<\/li>\n<li>les violonistes <strong>Gidon Kremer<\/strong>, pour une premi\u00e8re prestation \u00e0 l&rsquo;OSM depuis 1998 (Concerto de Tcha\u00efkovski), <strong>Vadim Repin<\/strong> (Concerto no 2 de Prokofiev), <strong>Joshua Bell<\/strong> (Concerto de Glazounov), <strong>James Ehnes<\/strong> (Concerto en mi mineur de Mendelssohn), <strong>Hilary Hahn<\/strong> (Concerto no 1 de Prokofiev), <strong>Ray Chen<\/strong>, qui fera ses d\u00e9buts \u00e0 l&rsquo;OSM (Concerto de Sibelius);<\/li>\n<li>le violoncelliste <strong>Gautier Capu\u00e7on<\/strong> (Concerto no 1 de Saint-Sa\u00ebns) pour la premi\u00e8re fois avec l\u2019OSM;<\/li>\n<li>le fl\u00fbtiste <strong>Sir James Galway<\/strong>, pour une premi\u00e8re prestation \u00e0 l&rsquo;OSM en plus de 25 ans (Concerto pour fl\u00fbte no 1 de Mozart et Concerto pour deux fl\u00fbtes de Cimarosa avec <strong>Lady Jeanne Galway<\/strong>);<\/li>\n<li>la soprano <strong>Deborah Voigt<\/strong>, pour une premi\u00e8re prestation \u00e0 l&rsquo;OSM depuis 1995 (airs d&rsquo;op\u00e9ras de Wagner, Puccini et R. Strauss);<\/li>\n<li>le baryton <strong>Christian Gerhaher<\/strong> (<em>Kindertotenlieder<\/em> et extraits de <em>Lieder aus Des Knaben Wunderhorn<\/em> de Mahler \u2013 <strong>Christian Gerhaher<\/strong> a livr\u00e9 une interpr\u00e9tation encens\u00e9e par la critique du <em>Chant de la Terre<\/em> de Mahler sur l&rsquo;enregistrement r\u00e9alis\u00e9 avec Kent Nagano et l&rsquo;OSM pour Sony);<\/li>\n<li>le t\u00e9nor <strong>Marc Hervieux<\/strong> (airs d&rsquo;op\u00e9ras italiens);<\/li>\n<li>les chefs d&rsquo;orchestre <strong>Franz-Paul Decker, Michel Plasson, Rafael Fr\u00fchbeck de Burgos, Sir Roger Norrington, James Conlon, St\u00e9phane Den\u00e8ve, Jacques Lacombe, Lawrence Foster, Ludovic Morlot, Carlo Rizzari;<\/strong><\/li>\n<li>Cinq musiciens de l&rsquo;OSM seront solistes: <strong>Richard Roberts<\/strong>, violon solo (<em>Arc<\/em>, pour violon et orchestre de Louie), <strong>Timothy Hutchins<\/strong>, fl\u00fbte solo (<em>M\u00e9moriale<\/em>, pour fl\u00fbte solo et huit instruments de Boulez), <strong>Theodore Baskin<\/strong>, hautbois solo (cr\u00e9ation d&rsquo;une commande de l&rsquo;OSM pour hautbois et orchestre d&rsquo;Evangelista), <strong>Neal Gripp<\/strong>, alto solo (Don Quichotte de R. Strauss), <strong>Brian Manker,<\/strong> violoncelle solo (<em>Don Quichotte<\/em> de R. Strauss).<\/li>\n<\/ul>\n<p><span style=\"color: #800000;\"><strong>Un service personnalis\u00e9 et flexible et un site web personnalis\u00e9<\/strong><\/span><br \/>\nLes abonn\u00e9s recevront \u00e0 la mi-octobre une pochette con\u00e7ue tout sp\u00e9cialement pour eux, selon leurs dossiers individuels. Gr\u00e2ce \u00e0 cet outil, ils pourront prendre connaissance de leurs s\u00e9ries de concerts et de l&rsquo;adresse de leur site internet personnalis\u00e9. Par l&rsquo;entremise de ce site, les abonn\u00e9s auront l&rsquo;occasion de faire une visite virtuelle de la salle, en visionner la sc\u00e8ne telle qu&rsquo;ils la verront \u00e0 partir de la section de leur nouveau si\u00e8ge et ainsi renouveler leur abonnement. Il leur sera \u00e9galement possible de faire l&rsquo;\u00e9coute d\u2019une vid\u00e9o dans lequel la nouvelle salle est pr\u00e9sent\u00e9e par Kent Nagano, Tateo Nakajima, acousticien et sc\u00e9nographe d\u2019Artec Consultants Inc., Jack Diamond et Michel Languedoc, respectivement chef concepteur (architecture) et directeur de projet (architecture), tous deux pour la firme Diamond &amp; Schmitt + \u00c6difica.<\/p>\n<p>Les abonn\u00e9s ne pouvant acc\u00e9der \u00e0 leur site internet pourront toutefois prendre rendez-vous avec un conseiller de l&rsquo;OSM, qui les accompagnera dans cette d\u00e9marche. La campagne des nouveaux abonnements d\u00e9butera d\u00e8s janvier prochain.<\/p>\n<p><strong><span style=\"color: #800000;\">Des partenariats essentiels pour l&rsquo;OSM<\/span><\/strong><br \/>\nL&rsquo;OSM se consid\u00e8re privil\u00e9gi\u00e9 de pouvoir compter sur le soutien de pr\u00e9cieux partenaires et remercie \u00e0 cet effet son pr\u00e9sentateur Hydro-Qu\u00e9bec, associ\u00e9 \u00e0 l&rsquo;Orchestre depuis plus de dix ans. L&rsquo;OSM remercie \u00e9galement Banque Nationale Groupe financier, fid\u00e8le collaborateur de saison, et le diffuseur officiel de l&rsquo;Orchestre, Radio-Canada.<\/p>\n<p>L&rsquo;Orchestre exprime sa reconnaissance \u00e0 Air Canada, Power Corporation du Canada et Homeocan, trois commanditaires qui se sont associ\u00e9s aux s\u00e9ries 2011-2012, de m\u00eame qu&rsquo;\u00e0 l&rsquo;ensemble de ses autres commanditaires, tant ceux qui ont d\u00e9j\u00e0 renouvel\u00e9 leur commandite que ceux qui collaboreront avec l&rsquo;Orchestre pour une premi\u00e8re fois la saison prochaine.<\/p>\n<p>La contribution des partenaires gouvernementaux de l&rsquo;Orchestre \u00e9tant indispensable \u00e0 son fonctionnement, l&rsquo;Orchestre remercie son principal partenaire public, Loto-Qu\u00e9bec, de m\u00eame que le Conseil des Arts du Canada et le Conseil des Arts de Montr\u00e9al.<\/p>\n<p>L&rsquo;OSM salue enfin tous ses autres partenaires, qui apportent, \u00e0 diff\u00e9rents niveaux, un soutien essentiel \u00e0 ses activit\u00e9s.<\/p>\n<p>D&rsquo;autres concerts seront ult\u00e9rieurement annonc\u00e9s, incluant le concert inaugural dirig\u00e9 par Kent Nagano.<\/p>\n<p>L\u2019Orchestre symphonique de Montr\u00e9al est pr\u00e9sent\u00e9 par Hydro-Qu\u00e9bec<br \/>\nLa saison 2011-2012 est pr\u00e9sent\u00e9e en collaboration avec Banque Nationale Groupe financier<\/p>\n<p><span style=\"color: #800000;\"><strong>ORCHESTRE SYMPHONIQUE DE MONTR\u00c9AL<\/strong><\/span><br \/>\n260, boul. de Maisonneuve Ouest, 2e \u00e9tage<br \/>\nMontr\u00e9al (Qu\u00e9bec) H2X 1Y9<br \/>\nService \u00e0 la client\u00e8le : 514.842.9951 \/ 1.888.842.9951<br \/>\n<a href=\"http:\/\/www.osm.ca\" target=\"_blank\">www.osm.ca<\/a><!--:--><\/p>\n","protected":false},"excerpt":{"rendered":"<p>Ce qu&rsquo;elle vous r\u00e9serve en 2011-2012 Premi\u00e8re saison dans la nouvelle r\u00e9sidence de l\u2019OSM: d\u00e9voilement des grandes s\u00e9ries r\u00e9guli\u00e8res et r\u00e9citals Lancement de la campagne de renouvellement de l&rsquo;abonnement: Un service personnalis\u00e9 pour assurer aux abonn\u00e9s la priorit\u00e9 sur l\u2019attribution des si\u00e8ges dans la nouvelle salle. Kent Nagano dirige la Passion selon saint Jean de [&hellip;]<\/p>\n","protected":false},"author":1,"featured_media":0,"comment_status":"open","ping_status":"closed","sticky":false,"template":"","format":"standard","meta":{"footnotes":""},"categories":[39,54],"tags":[],"class_list":["post-4178","post","type-post","status-publish","format-standard","hentry","category-actualite","category-video","entry"],"_links":{"self":[{"href":"https:\/\/www.tedpublications.com\/fr\/wp-json\/wp\/v2\/posts\/4178","targetHints":{"allow":["GET"]}}],"collection":[{"href":"https:\/\/www.tedpublications.com\/fr\/wp-json\/wp\/v2\/posts"}],"about":[{"href":"https:\/\/www.tedpublications.com\/fr\/wp-json\/wp\/v2\/types\/post"}],"author":[{"embeddable":true,"href":"https:\/\/www.tedpublications.com\/fr\/wp-json\/wp\/v2\/users\/1"}],"replies":[{"embeddable":true,"href":"https:\/\/www.tedpublications.com\/fr\/wp-json\/wp\/v2\/comments?post=4178"}],"version-history":[{"count":0,"href":"https:\/\/www.tedpublications.com\/fr\/wp-json\/wp\/v2\/posts\/4178\/revisions"}],"wp:attachment":[{"href":"https:\/\/www.tedpublications.com\/fr\/wp-json\/wp\/v2\/media?parent=4178"}],"wp:term":[{"taxonomy":"category","embeddable":true,"href":"https:\/\/www.tedpublications.com\/fr\/wp-json\/wp\/v2\/categories?post=4178"},{"taxonomy":"post_tag","embeddable":true,"href":"https:\/\/www.tedpublications.com\/fr\/wp-json\/wp\/v2\/tags?post=4178"}],"curies":[{"name":"wp","href":"https:\/\/api.w.org\/{rel}","templated":true}]}}