{"id":41380,"date":"2023-11-16T18:41:42","date_gmt":"2023-11-16T23:41:42","guid":{"rendered":"https:\/\/www.tedpublications.com\/fr\/?p=41380"},"modified":"2023-11-30T15:44:26","modified_gmt":"2023-11-30T20:44:26","slug":"le-nouveau-moniteur-trio6-st6-de-focal","status":"publish","type":"post","link":"https:\/\/www.tedpublications.com\/fr\/le-nouveau-moniteur-trio6-st6-de-focal\/","title":{"rendered":"Le nouveau moniteur Trio6 ST6 de Focal"},"content":{"rendered":"<p><span style=\"font-family: arial, helvetica, sans-serif;\">Les 13 et 14 novembre 2023, la soci\u00e9t\u00e9 <strong>Focal Naim America<\/strong> proc\u00e9dait \u00e0 la pr\u00e9sentation de son nouveau moniteur professionnel, le <em>Trio6<\/em>, de la s\u00e9rie <em>ST6<\/em>. Les espaces des <strong>Studios Piccolo<\/strong> situ\u00e9s au 1977 de la rue Lepailleur \u00e0 Montr\u00e9al ont \u00e9t\u00e9 utilis\u00e9s \u00e0 cet effet. <\/span><\/p>\n<p><span style=\"font-family: arial, helvetica, sans-serif;\">Ce nouveau mod\u00e8le de moniteur vient remplacer le <em>Trio6 Be<\/em> de <strong>Focal<\/strong> qui a d\u00e9j\u00e0 une tr\u00e8s bonne carri\u00e8re et une bonne pr\u00e9sence dans plusieurs studios d\u2019enregistrement mondiaux. Gr\u00e2ce \u00e0 son <em>double mode focus<\/em>, le moniteur <em>Trio6 ST6<\/em> peut se transformer en une enceinte d\u2019une, de deux ou de trois voies pour adapter sa sonorit\u00e9 selon les besoins du mixage ou pour une \u00e9coute en mode rapproch\u00e9e. C\u2019est comme avoir trois moniteurs en un seul bo\u00eetier. De plus, son module <em>tweeter\u00a0<\/em>\/\u00a0m\u00e9dium est orientable pour l\u2019utilisation de l\u2019enceinte en position verticale ou horizontale. Dans la position horizontale, un filtre <em>LMF<\/em> 160\u00a0Hz est pr\u00e9vu pour les r\u00e9flexions dues au positionnement sur les consoles.<\/span><\/p>\n<p><span style=\"font-family: arial, helvetica, sans-serif;\">Le nouveau <em>Trio6 ST6<\/em> est une enceinte de <em>monitoring<\/em> active \u00e0 trois voies qui comprend donc trois amplificateurs fonctionnant en classe\u00a0<em>G<\/em>. Ces derniers alimentent s\u00e9par\u00e9ment les trois transducteurs avec un module de 50\u00a0W pour le <em>tweeter<\/em> et un module de 100\u00a0W chacun pour le m\u00e9dium de 13\u00a0cm et le <em>woofer<\/em> de 20\u00a0cm. On a gard\u00e9 le <em>tweeter<\/em> \u00e0 d\u00f4me invers\u00e9 en B\u00e9ryllium et sa dispersion a \u00e9t\u00e9 am\u00e9lior\u00e9e gr\u00e2ce \u00e0 son nouveau pavillon et sa grille protectrice. De plus, ce <em>tweeter<\/em> est \u00e9quip\u00e9 d\u2019une chambre arri\u00e8re qui l\u2019isole des vibrations du haut-parleur de m\u00e9dium.<br \/>\n<\/span><\/p>\n<p><a href=\"https:\/\/www.tedpublications.com\/fr\/wp-content\/uploads\/2023\/11\/Trio6-ST6_console.jpg\"><img loading=\"lazy\" decoding=\"async\" class=\"alignnone wp-image-41384\" src=\"https:\/\/www.tedpublications.com\/fr\/wp-content\/uploads\/2023\/11\/Trio6-ST6_console-733x550.jpg\" alt=\"\" width=\"890\" height=\"668\" srcset=\"https:\/\/www.tedpublications.com\/fr\/wp-content\/uploads\/2023\/11\/Trio6-ST6_console-733x550.jpg 733w, https:\/\/www.tedpublications.com\/fr\/wp-content\/uploads\/2023\/11\/Trio6-ST6_console-647x485.jpg 647w, https:\/\/www.tedpublications.com\/fr\/wp-content\/uploads\/2023\/11\/Trio6-ST6_console-768x576.jpg 768w, https:\/\/www.tedpublications.com\/fr\/wp-content\/uploads\/2023\/11\/Trio6-ST6_console.jpg 1080w\" sizes=\"auto, (max-width: 890px) 100vw, 890px\" \/><\/a><\/p>\n<p><span style=\"font-family: arial, helvetica, sans-serif;\">Le transducteur de m\u00e9dium et le <em>woofer<\/em> reprennent le principe du c\u00f4ne en mat\u00e9riau composite\u00a0<em>W<\/em> et ils sont maintenant dot\u00e9s de la nouvelle suspension <em>TMD<\/em>. Le moniteur <em>Trio6 ST6<\/em> b\u00e9n\u00e9ficie \u00e9galement d\u2019une superbe \u00e9b\u00e9nisterie renforc\u00e9e <em>IAL<\/em> et d\u2019un \u00e9vent laminaire. De multiples autres fonctionnalit\u00e9s viennent compl\u00e9ter cet \u00e9quipement professionnel dont un filtre passe-haut et un mode de mise en veille automatique d\u00e9brayable.<\/span><\/p>\n<p><span style=\"font-family: arial, helvetica, sans-serif;\">Cette enceinte de r\u00e9f\u00e9rence est fabriqu\u00e9e enti\u00e8rement en France et elle r\u00e9pond maintenant aux besoins actuels des studios d\u2019enregistrement. Elle peut \u00e9galement subvenir aux besoins des audiophiles qui recherchent la pr\u00e9cision et la neutralit\u00e9 dans la reproduction musicale. Le <em>Trio6 ST6<\/em> est actuellement disponible au Canada \u00e0 un prix de 4\u00a0500\u00a0$ l\u2019unit\u00e9 par l\u2019entremise de diff\u00e9rentes boutiques d\u2019\u00e9quipement professionnel.<\/span><\/p>\n<p>Distribu\u00e9 au Canada par: \u00a0<a href=\"https:\/\/www.focalnaimamerica.com\/\" target=\"_blank\" rel=\"noopener\"><span style=\"font-family: arial, helvetica, sans-serif; color: #000000;\"><strong><span style=\"color: #800000;\">focal.com<\/span><\/strong><\/span><\/a><\/p>\n","protected":false},"excerpt":{"rendered":"<p>Les 13 et 14 novembre 2023, la soci\u00e9t\u00e9 Focal Naim America proc\u00e9dait \u00e0 la pr\u00e9sentation de son nouveau moniteur professionnel, le Trio6, de la s\u00e9rie ST6. Les espaces des Studios Piccolo situ\u00e9s au 1977 de la rue Lepailleur \u00e0 Montr\u00e9al ont \u00e9t\u00e9 utilis\u00e9s \u00e0 cet effet. Ce nouveau mod\u00e8le de moniteur vient remplacer le Trio6 [&hellip;]<\/p>\n","protected":false},"author":7,"featured_media":41383,"comment_status":"closed","ping_status":"open","sticky":false,"template":"","format":"standard","meta":{"footnotes":""},"categories":[57,39],"tags":[],"class_list":["post-41380","post","type-post","status-publish","format-standard","has-post-thumbnail","hentry","category-haute-fidelite","category-actualite","entry","has-media"],"_links":{"self":[{"href":"https:\/\/www.tedpublications.com\/fr\/wp-json\/wp\/v2\/posts\/41380","targetHints":{"allow":["GET"]}}],"collection":[{"href":"https:\/\/www.tedpublications.com\/fr\/wp-json\/wp\/v2\/posts"}],"about":[{"href":"https:\/\/www.tedpublications.com\/fr\/wp-json\/wp\/v2\/types\/post"}],"author":[{"embeddable":true,"href":"https:\/\/www.tedpublications.com\/fr\/wp-json\/wp\/v2\/users\/7"}],"replies":[{"embeddable":true,"href":"https:\/\/www.tedpublications.com\/fr\/wp-json\/wp\/v2\/comments?post=41380"}],"version-history":[{"count":4,"href":"https:\/\/www.tedpublications.com\/fr\/wp-json\/wp\/v2\/posts\/41380\/revisions"}],"predecessor-version":[{"id":41382,"href":"https:\/\/www.tedpublications.com\/fr\/wp-json\/wp\/v2\/posts\/41380\/revisions\/41382"}],"wp:featuredmedia":[{"embeddable":true,"href":"https:\/\/www.tedpublications.com\/fr\/wp-json\/wp\/v2\/media\/41383"}],"wp:attachment":[{"href":"https:\/\/www.tedpublications.com\/fr\/wp-json\/wp\/v2\/media?parent=41380"}],"wp:term":[{"taxonomy":"category","embeddable":true,"href":"https:\/\/www.tedpublications.com\/fr\/wp-json\/wp\/v2\/categories?post=41380"},{"taxonomy":"post_tag","embeddable":true,"href":"https:\/\/www.tedpublications.com\/fr\/wp-json\/wp\/v2\/tags?post=41380"}],"curies":[{"name":"wp","href":"https:\/\/api.w.org\/{rel}","templated":true}]}}