{"id":40172,"date":"2023-07-25T15:09:26","date_gmt":"2023-07-25T19:09:26","guid":{"rendered":"https:\/\/www.tedpublications.com\/fr\/?p=40172"},"modified":"2023-07-25T15:11:26","modified_gmt":"2023-07-25T19:11:26","slug":"voyages-autres-histoires-other-stories","status":"publish","type":"post","link":"https:\/\/www.tedpublications.com\/fr\/voyages-autres-histoires-other-stories\/","title":{"rendered":"Voyages &#038; Autres Histoires &#038; Other Stories"},"content":{"rendered":"<p><span style=\"color: #800000;\"><strong><span style=\"font-family: Abril Fatface; font-size: 36px;\">GUY B\u00c9LANGER<\/span><\/strong><\/span><br \/>\n<span style=\"color: #800000;\"><em><span style=\"font-family: Abril Fatface; font-size: 36px;\">Voyages &amp; Autres Histoires &amp; Other Stories<\/span><\/em><\/span><\/p>\n<p>Disques BROS, 22301<\/p>\n<p><strong>Guy B\u00e9langer<\/strong> qui en est \u00e0 son septi\u00e8me album solo en carri\u00e8re, en plus de deux trames sonores en compagnie de <strong>Claude Fradette <\/strong>pour les films de son fr\u00e8re <strong>Louis B\u00e9langer<\/strong>, n\u2019a plus besoin de pr\u00e9sentation.<\/p>\n<p>En plus d\u2019exceller \u00e0 l\u2019harmonica, son compagnon de routes et de voyages, il se d\u00e9marque, comme \u00e0 son habitude, dans l\u2019art d\u2019assembler un opus de titres instrumentaux et chant\u00e9s, de blues et de pi\u00e8ces aux atmosph\u00e8res \u00e9vocatrices, voire cin\u00e9matographiques\u2009!<\/p>\n<p>Dans ces derni\u00e8res, il insuffle son \u00e2me sensible de compositeur impressionniste et s\u2019y d\u00e9ploie de l\u2019int\u00e9rieur. En ce qui a trait \u00e0 l\u2019instrumental <em>Duck Soup<\/em> du <em>jazzman<\/em> guitariste am\u00e9ricain<strong> Jim Hall<\/strong>, il se paie la traite en toute libert\u00e9 \u00e9changeant les <em>licks<\/em> enlev\u00e9s avec le <em>fabuleux et r\u00e9serv\u00e9<\/em> <strong>Rob McDonald<\/strong>, \u00e0 la guitare\u2009!<\/p>\n<p>Quelle chimie, quelle complicit\u00e9 et quel appui, ce qui lui permet, alors, de souffler en toute libert\u00e9, toutes voiles dehors\u2009!<\/p>\n<p><strong>B\u00e9langer<\/strong> a aussi la qualit\u00e9 de savoir s\u2019entourer de musiciens de grand talent et d\u2019invit\u00e9s sp\u00e9ciaux tri\u00e9s sur le volet. <strong>Michel Dufour<\/strong>, batterie, percussions, et <strong>Marc-Andr\u00e9 Drouin<\/strong>, basses, compl\u00e8tent \u00e9l\u00e9gamment et solidement le <em>band<\/em>. Parmi ses autres complices, soulignons <strong>Sylvie Desgroseillers<\/strong> qui reprend avec \u00e9nergie et tripes <em>Do I Move You<\/em>, un incontournable de <strong>Nina Simone<\/strong>.<\/p>\n<p><strong>Alec McElcheran<\/strong> contribue, pour sa part, au chant et \u00e0 la basse sur sa <em>funky<\/em> et dansante composition <em>How Do You Do It<\/em>. Un jet de sel dans le gumbo\u2009! <em>Nieve<\/em> (<em>Neige<\/em>), un instrumental lumineux du guitariste <strong>Claude Fradette<\/strong>, me touche tout particuli\u00e8rement comme s\u2019il soulignait le c\u00f4t\u00e9 r\u00e9jouissant du g\u00e9om\u00e9trique flocon blanc. Exquis\u2009!<\/p>\n<p><strong>Guy B\u00e9langer<\/strong>, harmonica et voix, habite chaleureusement, avec les \u00e9lans du c\u0153ur <em>No On Else<\/em>, cette magnifique ballade du chanteur et compositeur <strong>Ian Janes<\/strong> de la Nouvelle-\u00c9cosse. Elle lui va comme un gant qu\u2019il aurait tricot\u00e9 lui-m\u00eame et qui lui sied naturellement.<\/p>\n<p>Des trois compositions instrumentales de <strong>Guy B\u00e9langer<\/strong>, int\u00e9gr\u00e9es parmi ces s\u00e9lections de choix, <em>The Sun Will Rise<\/em> est celle que j\u2019affectionne tout particuli\u00e8rement pour cette joie, lumi\u00e8re des profondeurs, et cette r\u00e9silience habitant le mouvement o\u00f9 le rouge et le noir s\u2019\u00e9pousent dans les feux annonc\u00e9s du jour.<\/p>\n<p>Une belle introspection, comme un espoir en une certitude. Au bout du chemin, un extrait musical <strong>Fradette-B\u00e9langer<\/strong> tir\u00e9 du film <em>Vivre \u00e0 100 milles \u00e0 l\u2019heure<\/em> de <strong>Louis B\u00e9langer,<\/strong> le fr\u00e8re de <strong>Guy<\/strong>, conclut ce <em>Voyages &amp; Autres Histoires &amp; Others Stories<\/em> dans la magnificence et les ch\u0153urs <em>full of soul<\/em> de <strong>Nanette Workman<\/strong>.<\/p>\n<p>En terminant, ne me reste qu\u2019\u00e0 mentionner la contribution organique et \u00e9th\u00e9r\u00e9e de <strong>Bruce Cameron<\/strong> au piano, au <strong>Rhodes<\/strong> et \u00e0 l\u2019orgue <em>B3<\/em> sur deux titres de ce floril\u00e8ge rafra\u00eechissant, savamment concoct\u00e9. D\u2019un instrument de cirque jadis m\u00e9pris\u00e9, <strong>Guy B\u00e9langer<\/strong> fait jaillir une musique grandiose. Chapeau\u2009!<\/p>\n<p><a href=\"https:\/\/www.guybelangermusic.com\/?fbclid=IwAR0X7kd4-VyXW4zuCnv6zIGLNeBjt8Icw5VsHOWUhetC0u8ckaEzOMyVYwI\" target=\"_blank\" rel=\"noopener\"><span style=\"color: #800000;\">https:\/\/www.guybelangermusic.com<\/span><\/a><\/p>\n","protected":false},"excerpt":{"rendered":"<p>GUY B\u00c9LANGER Voyages &amp; Autres Histoires &amp; Other Stories Disques BROS, 22301 Guy B\u00e9langer qui en est \u00e0 son septi\u00e8me album solo en carri\u00e8re, en plus de deux trames sonores en compagnie de Claude Fradette pour les films de son fr\u00e8re Louis B\u00e9langer, n\u2019a plus besoin de pr\u00e9sentation. En plus d\u2019exceller \u00e0 l\u2019harmonica, son compagnon [&hellip;]<\/p>\n","protected":false},"author":18,"featured_media":40180,"comment_status":"closed","ping_status":"open","sticky":false,"template":"","format":"standard","meta":{"footnotes":""},"categories":[1],"tags":[],"class_list":["post-40172","post","type-post","status-publish","format-standard","has-post-thumbnail","hentry","category-uncategorized","entry","has-media"],"_links":{"self":[{"href":"https:\/\/www.tedpublications.com\/fr\/wp-json\/wp\/v2\/posts\/40172","targetHints":{"allow":["GET"]}}],"collection":[{"href":"https:\/\/www.tedpublications.com\/fr\/wp-json\/wp\/v2\/posts"}],"about":[{"href":"https:\/\/www.tedpublications.com\/fr\/wp-json\/wp\/v2\/types\/post"}],"author":[{"embeddable":true,"href":"https:\/\/www.tedpublications.com\/fr\/wp-json\/wp\/v2\/users\/18"}],"replies":[{"embeddable":true,"href":"https:\/\/www.tedpublications.com\/fr\/wp-json\/wp\/v2\/comments?post=40172"}],"version-history":[{"count":3,"href":"https:\/\/www.tedpublications.com\/fr\/wp-json\/wp\/v2\/posts\/40172\/revisions"}],"predecessor-version":[{"id":40175,"href":"https:\/\/www.tedpublications.com\/fr\/wp-json\/wp\/v2\/posts\/40172\/revisions\/40175"}],"wp:featuredmedia":[{"embeddable":true,"href":"https:\/\/www.tedpublications.com\/fr\/wp-json\/wp\/v2\/media\/40180"}],"wp:attachment":[{"href":"https:\/\/www.tedpublications.com\/fr\/wp-json\/wp\/v2\/media?parent=40172"}],"wp:term":[{"taxonomy":"category","embeddable":true,"href":"https:\/\/www.tedpublications.com\/fr\/wp-json\/wp\/v2\/categories?post=40172"},{"taxonomy":"post_tag","embeddable":true,"href":"https:\/\/www.tedpublications.com\/fr\/wp-json\/wp\/v2\/tags?post=40172"}],"curies":[{"name":"wp","href":"https:\/\/api.w.org\/{rel}","templated":true}]}}