{"id":39838,"date":"2023-06-16T13:42:26","date_gmt":"2023-06-16T17:42:26","guid":{"rendered":"https:\/\/www.tedpublications.com\/fr\/?p=39838"},"modified":"2023-06-16T13:42:26","modified_gmt":"2023-06-16T17:42:26","slug":"entrevue-avec-rene-laflamme-et-la-platine-nagra","status":"publish","type":"post","link":"https:\/\/www.tedpublications.com\/fr\/entrevue-avec-rene-laflamme-et-la-platine-nagra\/","title":{"rendered":"Entrevue avec Ren\u00e9 Laflamme et la platine Nagra"},"content":{"rendered":"<p><strong>Ren\u00e9 Laflamme<\/strong> est un habitu\u00e9 des salons de produits de haute-fid\u00e9lit\u00e9, tenus \u00e0 travers le monde. Il se fait un devoir de participer \u00e0 celui de Montr\u00e9al depuis plusieurs ann\u00e9es. Plusieurs se souviennent des disques officiels qui \u00e9taient produits par <strong>Ren\u00e9<\/strong> et <strong>Fidelio<\/strong> <strong>Audio<\/strong> en collaboration avec l\u2019\u00e9quipe du salon.<\/p>\n<p><iframe loading=\"lazy\" title=\"YouTube video player\" src=\"https:\/\/www.youtube.com\/embed\/m_J6ETTsXjI\" width=\"890\" height=\"510\" frameborder=\"0\" allowfullscreen=\"allowfullscreen\"><\/iframe><\/p>\n<p>Cette ann\u00e9e, <strong>Ren\u00e9 Laflamme<\/strong> accompagn\u00e9 du magasin <strong>Filtronique<\/strong>, nous pr\u00e9sente une cha\u00eene st\u00e9r\u00e9ophonique de tr\u00e8s grande qualit\u00e9 comprenant des composantes <strong>Nagra<\/strong>, des enceintes acoustiques <strong>Wilson<\/strong> et des c\u00e2bles <strong>Sitech<\/strong>. Plus particuli\u00e8rement, il nous pr\u00e9sente la nouvelle platine <strong>Nagra<\/strong>, qui est tout \u00e0 fait impressionnante, ainsi que l\u2019album vinyle <em>70<sup>e<\/sup>\u00a0anniversaire<\/em> de <strong>Nagra<\/strong>.<\/p>\n<p><span style=\"color: #800000;\"><a style=\"color: #800000;\" href=\"https:\/\/www.nagraaudio.com\/\" target=\"_blank\" rel=\"noopener\"><strong>https:\/\/www.nagraaudio.com\/<\/strong><\/a><\/span><\/p>\n","protected":false},"excerpt":{"rendered":"<p>Ren\u00e9 Laflamme est un habitu\u00e9 des salons de produits de haute-fid\u00e9lit\u00e9, tenus \u00e0 travers le monde. Il se fait un devoir de participer \u00e0 celui de Montr\u00e9al depuis plusieurs ann\u00e9es. Plusieurs se souviennent des disques officiels qui \u00e9taient produits par Ren\u00e9 et Fidelio Audio en collaboration avec l\u2019\u00e9quipe du salon. Cette ann\u00e9e, Ren\u00e9 Laflamme accompagn\u00e9 [&hellip;]<\/p>\n","protected":false},"author":154553,"featured_media":39840,"comment_status":"closed","ping_status":"open","sticky":false,"template":"","format":"standard","meta":{"footnotes":""},"categories":[57,39],"tags":[],"class_list":["post-39838","post","type-post","status-publish","format-standard","has-post-thumbnail","hentry","category-haute-fidelite","category-actualite","entry","has-media"],"_links":{"self":[{"href":"https:\/\/www.tedpublications.com\/fr\/wp-json\/wp\/v2\/posts\/39838","targetHints":{"allow":["GET"]}}],"collection":[{"href":"https:\/\/www.tedpublications.com\/fr\/wp-json\/wp\/v2\/posts"}],"about":[{"href":"https:\/\/www.tedpublications.com\/fr\/wp-json\/wp\/v2\/types\/post"}],"author":[{"embeddable":true,"href":"https:\/\/www.tedpublications.com\/fr\/wp-json\/wp\/v2\/users\/154553"}],"replies":[{"embeddable":true,"href":"https:\/\/www.tedpublications.com\/fr\/wp-json\/wp\/v2\/comments?post=39838"}],"version-history":[{"count":3,"href":"https:\/\/www.tedpublications.com\/fr\/wp-json\/wp\/v2\/posts\/39838\/revisions"}],"predecessor-version":[{"id":39842,"href":"https:\/\/www.tedpublications.com\/fr\/wp-json\/wp\/v2\/posts\/39838\/revisions\/39842"}],"wp:featuredmedia":[{"embeddable":true,"href":"https:\/\/www.tedpublications.com\/fr\/wp-json\/wp\/v2\/media\/39840"}],"wp:attachment":[{"href":"https:\/\/www.tedpublications.com\/fr\/wp-json\/wp\/v2\/media?parent=39838"}],"wp:term":[{"taxonomy":"category","embeddable":true,"href":"https:\/\/www.tedpublications.com\/fr\/wp-json\/wp\/v2\/categories?post=39838"},{"taxonomy":"post_tag","embeddable":true,"href":"https:\/\/www.tedpublications.com\/fr\/wp-json\/wp\/v2\/tags?post=39838"}],"curies":[{"name":"wp","href":"https:\/\/api.w.org\/{rel}","templated":true}]}}