{"id":3706,"date":"2011-02-16T21:51:05","date_gmt":"2011-02-17T02:51:05","guid":{"rendered":"http:\/\/www.tedpublications.com\/fr\/?p=3706"},"modified":"2011-02-16T21:51:05","modified_gmt":"2011-02-17T02:51:05","slug":"mai-un-premier-disque-de-compositions","status":"publish","type":"post","link":"https:\/\/www.tedpublications.com\/fr\/mai-un-premier-disque-de-compositions\/","title":{"rendered":"<!--:fr-->\u00ab MAI \u00bb: Un premier disque de compositions&#8230;<!--:-->"},"content":{"rendered":"<p><!--:fr--><code> <\/code><\/p>\n<h3><span style=\"color: #800000;\"><strong>Pour la pianiste jazz Marie-Claire Durand<\/strong><\/span><\/h3>\n<p><strong><img loading=\"lazy\" decoding=\"async\" class=\"alignleft size-full wp-image-3707\" title=\"mai_cover\" src=\"http:\/\/www.tedpublications.com\/fr\/wp-content\/uploads\/2011\/02\/mai_cover.jpg\" alt=\"\" width=\"252\" height=\"238\" \/>Montr\u00e9al, le jeudi 10 f\u00e9vrier 2011<\/strong> \u2013 Impr\u00e9gn\u00e9e de racines europ\u00e9ennes et attir\u00e9e par le jazz scandinave aux sonorit\u00e9s feutr\u00e9es et subtiles, la pianiste <strong>Marie-Claire Durand <\/strong>pr\u00e9sente \u00ab\u00a0<strong>MAI<\/strong> \u00bb (autoproduction), un premier disque de compositions dont elle signe des arrangements aux influences qui vont du jazz scandinave (Esbjorn Svensson, Bugge Wesseltoft), aux ambiances rock inspir\u00e9es par <em>The Bad Plus<\/em>, en passant par les atmosph\u00e8res \u00e9th\u00e9r\u00e9es des pianistes Paul Bley et Bobo Stenson.<\/p>\n<p>R\u00e9unissant de jeunes musiciens, <strong>Jean-Nicolas Trottier<\/strong>, trombone (album), <strong>Matthieu Van Vliet<\/strong>, trombone (live), <strong>David Carbonneau<\/strong>, trompette, <strong>S\u00e9bastien Pellerin<\/strong>, contrebasse, <strong>Alain Bourgeois<\/strong>, batterie, et <strong>Marie-Claire Durand<\/strong>, au piano, \u00e0 la composition et aux arrangements, le Quintet Marie-Claire Durand offre ici une collection de huit compositions originales dont l\u2019interpr\u00e9tation refl\u00e8te une maturit\u00e9 d\u2019ensemble acquise au fil du temps, \u00e0 l&rsquo;image du travail accompli pendant plus de trois ann\u00e9es de complicit\u00e9 musicale. Le groupe a d\u2019ailleurs obtenu la reconnaissance du public montr\u00e9alais \u00e0 plusieurs occasions, notamment \u00e0 l&rsquo;Off Festival de Jazz de Montr\u00e9al en 2009 et au Festival de Jazz de Sutton en 2010.<\/p>\n<p><img loading=\"lazy\" decoding=\"async\" class=\"alignleft size-full wp-image-3708\" title=\"marie_claire_durand\" src=\"http:\/\/www.tedpublications.com\/fr\/wp-content\/uploads\/2011\/02\/marie_claire_durand.jpg\" alt=\"\" width=\"180\" height=\"244\" \/>Originaire de Qu\u00e9bec et ayant termin\u00e9 l\u2019automne dernier une Ma\u00eetrise en composition jazz \u00e0 l&rsquo;universit\u00e9 McGill (Jan Jarczyk, Andr\u00e9 White et Jeff Johnston), <strong>Marie-Claire Durand<\/strong> se fait de plus en plus remarquer sur la sc\u00e8ne montr\u00e9alaise et collabore au sein de divers projets en tant que musicienne et compositrice (Takk, M-Theory Collective, Light Made Louder). Ayant toujours eu un penchant pour le jazz scandinave, Marie-Claire s&rsquo;est rendue en Norv\u00e8ge \u00e0 deux reprises (2008, 2009), o\u00f9 elle a notamment particip\u00e9 au <em>International Realtime Music Symposium<\/em>, un atelier ax\u00e9 sur l&rsquo;interaction entre l&rsquo;improvisation et la composition. Marie-Claire s&rsquo;int\u00e9resse de plus en plus \u00e0 l&rsquo;improvisation libre (<em>free<\/em>), courant avec lequel elle s&rsquo;est familiaris\u00e9e lors d&rsquo;ateliers \u00e0 Banff (2006) ainsi qu\u2019\u00e0 Brooklyn (2010).<\/p>\n<p>Disponible chez <strong>HMV<\/strong>, <strong>Amazon.ca<\/strong>, <strong>marieclairedurand.com<\/strong> ainsi que via <strong>iTunes<\/strong>.<\/p>\n<p><a href=\"http:\/\/www.marieclairedurand.com\/\">www.marieclairedurand.com<\/a><\/p>\n<p><a href=\"http:\/\/www.myspace.com\/marieclairedurand\">www.myspace.com\/marieclairedurand<\/a><!--:--><\/p>\n","protected":false},"excerpt":{"rendered":"<p>Pour la pianiste jazz Marie-Claire Durand Montr\u00e9al, le jeudi 10 f\u00e9vrier 2011 \u2013 Impr\u00e9gn\u00e9e de racines europ\u00e9ennes et attir\u00e9e par le jazz scandinave aux sonorit\u00e9s feutr\u00e9es et subtiles, la pianiste Marie-Claire Durand pr\u00e9sente \u00ab\u00a0MAI \u00bb (autoproduction), un premier disque de compositions dont elle signe des arrangements aux influences qui vont du jazz scandinave (Esbjorn Svensson, [&hellip;]<\/p>\n","protected":false},"author":1,"featured_media":0,"comment_status":"open","ping_status":"closed","sticky":false,"template":"","format":"standard","meta":{"footnotes":""},"categories":[53,54],"tags":[],"class_list":["post-3706","post","type-post","status-publish","format-standard","hentry","category-rythme-et-musique","category-video","entry"],"_links":{"self":[{"href":"https:\/\/www.tedpublications.com\/fr\/wp-json\/wp\/v2\/posts\/3706","targetHints":{"allow":["GET"]}}],"collection":[{"href":"https:\/\/www.tedpublications.com\/fr\/wp-json\/wp\/v2\/posts"}],"about":[{"href":"https:\/\/www.tedpublications.com\/fr\/wp-json\/wp\/v2\/types\/post"}],"author":[{"embeddable":true,"href":"https:\/\/www.tedpublications.com\/fr\/wp-json\/wp\/v2\/users\/1"}],"replies":[{"embeddable":true,"href":"https:\/\/www.tedpublications.com\/fr\/wp-json\/wp\/v2\/comments?post=3706"}],"version-history":[{"count":0,"href":"https:\/\/www.tedpublications.com\/fr\/wp-json\/wp\/v2\/posts\/3706\/revisions"}],"wp:attachment":[{"href":"https:\/\/www.tedpublications.com\/fr\/wp-json\/wp\/v2\/media?parent=3706"}],"wp:term":[{"taxonomy":"category","embeddable":true,"href":"https:\/\/www.tedpublications.com\/fr\/wp-json\/wp\/v2\/categories?post=3706"},{"taxonomy":"post_tag","embeddable":true,"href":"https:\/\/www.tedpublications.com\/fr\/wp-json\/wp\/v2\/tags?post=3706"}],"curies":[{"name":"wp","href":"https:\/\/api.w.org\/{rel}","templated":true}]}}