{"id":36887,"date":"2022-06-25T16:45:34","date_gmt":"2022-06-25T20:45:34","guid":{"rendered":"https:\/\/www.tedpublications.com\/fr\/?p=36887"},"modified":"2022-06-25T17:13:26","modified_gmt":"2022-06-25T21:13:26","slug":"focal-powered-by-naim-a-miami-et-a-austin-aux-etats-unis","status":"publish","type":"post","link":"https:\/\/www.tedpublications.com\/fr\/focal-powered-by-naim-a-miami-et-a-austin-aux-etats-unis\/","title":{"rendered":"Focal Powered by Naim, \u00e0 Miami et \u00e0 Austin aux \u00c9tats-Unis"},"content":{"rendered":"<p><span style=\"font-family: helvetica; font-size: 24px; color: #800000;\">Apr\u00e8s Houston, des espaces Focal Powered by Naim<\/span><br \/>\n<span style=\"font-family: helvetica; font-size: 24px; color: #800000;\">ouvrent \u00e0 <strong>Miami<\/strong> et \u00e0 <strong>Austin<\/strong> aux <em>\u00c9tats-Unis<\/em>.<\/span><\/p>\n<p><em><strong><span style=\"font-family: helvetica; font-size: 20px;\">Exp\u00e9rience sonore unique et \u00e9motions garanties en magasin<\/span><\/strong><\/em><\/p>\n<p><span style=\"font-family: helvetica;\"><strong>Juin 2022<\/strong>\u00a0\u2013 <strong>Focal<\/strong>, marque fran\u00e7aise de r\u00e9f\u00e9rence en acoustique, et <strong>Naim<\/strong>, <em>leader<\/em> britannique en \u00e9lectronique, inaugurent deux nouveaux espaces de marque aux \u00c9tats-Unis.<\/span><\/p>\n<p><span style=\"font-family: helvetica;\">G\u00e9r\u00e9 par <strong>Antonio Gaspard<\/strong>, le <em>shop-in-shop<\/em> \u00e0 Miami (Floride) ouvre au sein du magasin <strong>CasaHiFi<\/strong>. Le second est un <em>showroom<\/em> enti\u00e8rement d\u00e9di\u00e9 \u00e0 <strong>Focal<\/strong> et <strong>Naim<\/strong>, dirig\u00e9 par <strong>Chris Ross<\/strong>. Il s\u2019installe \u00e0 Austin (Texas). Si ces espaces pr\u00e9sentent comme nulle part ailleurs les univers et les collections de produits <strong>Focal<\/strong> et <strong>Naim<\/strong>, ils offrent avant tout une exp\u00e9rience unique aux clients.<\/span><\/p>\n<p><span style=\"font-family: helvetica;\"><span style=\"color: #800000; font-size: 20px;\"><em>Focal Powered by Naim<\/em><\/span><strong><span style=\"color: #800000; font-size: 20px;\"> <span style=\"font-size: 24px;\">Miami<br \/>\n<\/span><\/span><\/strong><\/span><\/p>\n<p><a href=\"https:\/\/www.tedpublications.com\/fr\/wp-content\/uploads\/2022\/06\/Juan-HIFI-Miami-SocialMedia-8.jpg\"><img loading=\"lazy\" decoding=\"async\" class=\"alignnone wp-image-36895\" src=\"https:\/\/www.tedpublications.com\/fr\/wp-content\/uploads\/2022\/06\/Juan-HIFI-Miami-SocialMedia-8-666x550.jpg\" alt=\"\" width=\"890\" height=\"735\" srcset=\"https:\/\/www.tedpublications.com\/fr\/wp-content\/uploads\/2022\/06\/Juan-HIFI-Miami-SocialMedia-8-666x550.jpg 666w, https:\/\/www.tedpublications.com\/fr\/wp-content\/uploads\/2022\/06\/Juan-HIFI-Miami-SocialMedia-8-647x534.jpg 647w, https:\/\/www.tedpublications.com\/fr\/wp-content\/uploads\/2022\/06\/Juan-HIFI-Miami-SocialMedia-8-768x634.jpg 768w, https:\/\/www.tedpublications.com\/fr\/wp-content\/uploads\/2022\/06\/Juan-HIFI-Miami-SocialMedia-8-470x388.jpg 470w, https:\/\/www.tedpublications.com\/fr\/wp-content\/uploads\/2022\/06\/Juan-HIFI-Miami-SocialMedia-8.jpg 1080w\" sizes=\"auto, (max-width: 890px) 100vw, 890px\" \/><\/a><\/p>\n<p><span style=\"font-family: helvetica;\">Implant\u00e9 au sein du magasin <strong>CasaHiFi<\/strong>, dans le quartier r\u00e9put\u00e9 de <em>Coconut Grove<\/em>, ce <em>shop-in-shop<\/em> lumineux se compose de quatre salles de d\u00e9monstration offrant des \u00e9coutes musicales immersives, ainsi que d\u2019un <em>bar \u00e0 casques<\/em> pour des \u00e9coutes plus intimistes et personnelles. Con\u00e7u \u00e9galement autour de l\u2019exp\u00e9rience et du partage, il incarne l\u2019univers de <strong>Focal<\/strong> et de <strong>Naim<\/strong> et pr\u00e9sente la richesse de leurs collections de produits (enceintes colonnes, sans fil, compactes, <em>Home Cin\u00e9ma<\/em>\u00a0; casques hi-fi ouverts et ferm\u00e9s\u00a0; lecteurs <em>CD<\/em> et de musique en <em>streaming<\/em>\u00a0; amplificateurs\u2026).<\/span><\/p>\n<table style=\"border-collapse: collapse; width: 98.2206%; height: 151px;\">\n<tbody>\n<tr style=\"height: 292px;\">\n<td style=\"width: 46.4734%; height: 151px; text-align: center; vertical-align: middle;\"><span style=\"font-family: helvetica;\"><strong>Focal Powered by Naim Miami<br \/>\n<\/strong>2610 South Dixie Hwy<\/span><br \/>\n<span style=\"font-family: helvetica;\">33133, Florida, Miami <\/span><span style=\"font-family: helvetica;\">USA<\/span><br \/>\n<span style=\"font-family: helvetica;\"><strong>Email<\/strong>\u00a0: <a href=\"mailto:fpbn@casahifi.com\">fpbn@casahifi.com<\/a><\/span><br \/>\n<span style=\"font-family: helvetica;\"><strong>Website<\/strong>\u00a0: <a href=\"http:\/\/www.casahifi.com\" target=\"_blank\" rel=\"noopener\">http:\/\/www.casahifi.com<\/a><\/span><br \/>\n<span style=\"font-family: helvetica;\"><strong>Ouverture officielle<\/strong>\u00a0: 21 juin, 2022<\/span><\/td>\n<td style=\"width: 588.645%; height: 151px; vertical-align: top;\"><strong><a href=\"https:\/\/www.tedpublications.com\/fr\/wp-content\/uploads\/2022\/06\/Juan-HIFI-Miami-SocialMedia-20.jpg\"><img loading=\"lazy\" decoding=\"async\" class=\"wp-image-36896 aligncenter\" src=\"https:\/\/www.tedpublications.com\/fr\/wp-content\/uploads\/2022\/06\/Juan-HIFI-Miami-SocialMedia-20-640x550.jpg\" alt=\"\" width=\"400\" height=\"344\" srcset=\"https:\/\/www.tedpublications.com\/fr\/wp-content\/uploads\/2022\/06\/Juan-HIFI-Miami-SocialMedia-20-640x550.jpg 640w, https:\/\/www.tedpublications.com\/fr\/wp-content\/uploads\/2022\/06\/Juan-HIFI-Miami-SocialMedia-20-647x556.jpg 647w, https:\/\/www.tedpublications.com\/fr\/wp-content\/uploads\/2022\/06\/Juan-HIFI-Miami-SocialMedia-20-768x660.jpg 768w, https:\/\/www.tedpublications.com\/fr\/wp-content\/uploads\/2022\/06\/Juan-HIFI-Miami-SocialMedia-20-470x404.jpg 470w, https:\/\/www.tedpublications.com\/fr\/wp-content\/uploads\/2022\/06\/Juan-HIFI-Miami-SocialMedia-20.jpg 1080w\" sizes=\"auto, (max-width: 400px) 100vw, 400px\" \/><\/a><\/strong><\/td>\n<\/tr>\n<\/tbody>\n<\/table>\n<p><span style=\"font-family: helvetica;\"><span style=\"color: #800000; font-size: 20px;\"><em>Focal Powered by Naim<\/em><\/span><strong><span style=\"color: #800000; font-size: 20px;\"> <span style=\"font-size: 24px;\">Austin<br \/>\n<\/span><\/span><\/strong>Comme tous les magasins du r\u00e9seau, le <em>showroom<\/em> d\u2019Austin est un espace conceptualis\u00e9 aux univers et valeurs <strong>Focal<\/strong> et <strong>Naim<\/strong>. Deux salles de d\u00e9monstration, un <em>bar \u00e0 casques<\/em> et des zones de vie ouvertes permettent aux clients de d\u00e9couvrir des produits d\u2019exception, d\u2019appr\u00e9cier leur qualit\u00e9 et plus encore leur restitution sonore. Des finitions exclusives sont \u00e9galement \u00e0 d\u00e9couvrir\u00a0: les iconiques enceintes <strong>Focal<\/strong> <em>Grande Utopia<\/em> sont pr\u00e9sent\u00e9es dans une finition <em>Ziricote<\/em> exceptionnelle. Originaire du Mexique et d\u2019Am\u00e9rique centrale, ce bois pr\u00e9cieux est caract\u00e9ris\u00e9 par un veinage fascinant et des couleurs multiples. Il est travaill\u00e9 \u00e0 la main par les \u00e9b\u00e9nistes <strong>Focal<\/strong>.<\/span><\/p>\n<p><span style=\"font-family: helvetica;\"><strong><a href=\"https:\/\/www.tedpublications.com\/fr\/wp-content\/uploads\/2022\/06\/big-room-side-surround-copy.jpg\"><img loading=\"lazy\" decoding=\"async\" class=\"alignleft wp-image-36906\" src=\"https:\/\/www.tedpublications.com\/fr\/wp-content\/uploads\/2022\/06\/big-room-side-surround-copy-635x550.jpg\" alt=\"\" width=\"499\" height=\"432\" srcset=\"https:\/\/www.tedpublications.com\/fr\/wp-content\/uploads\/2022\/06\/big-room-side-surround-copy-635x550.jpg 635w, https:\/\/www.tedpublications.com\/fr\/wp-content\/uploads\/2022\/06\/big-room-side-surround-copy-647x561.jpg 647w, https:\/\/www.tedpublications.com\/fr\/wp-content\/uploads\/2022\/06\/big-room-side-surround-copy-768x666.jpg 768w, https:\/\/www.tedpublications.com\/fr\/wp-content\/uploads\/2022\/06\/big-room-side-surround-copy-470x407.jpg 470w, https:\/\/www.tedpublications.com\/fr\/wp-content\/uploads\/2022\/06\/big-room-side-surround-copy.jpg 1080w\" sizes=\"auto, (max-width: 499px) 100vw, 499px\" \/><\/a>Focal Powered by Naim Austin<br \/>\n<\/strong>9112 Anderson Mill Rd. &#8211; Ste. B400<\/span><br \/>\n<span style=\"font-family: helvetica;\">Austin, TX 78729 <\/span><span style=\"font-family: helvetica;\">USA<\/span><br \/>\n<span style=\"font-family: helvetica;\"><strong>Email<\/strong>\u00a0: <a href=\"mailto:austin@focalpoweredbynaim.com\">austin@focalpoweredbynaim.com<\/a><\/span><br \/>\n<span style=\"font-family: helvetica;\">Ouverture officielle\u00a0: 23 juin, 2022<\/span><\/p>\n<p><span style=\"font-family: helvetica;\"><strong><span style=\"color: #800000; font-size: 20px;\">Services sur Mesure<br \/>\n<\/span><\/strong>\u00c0 travers leur r\u00e9seau mondial de magasins et de shop-in-shops, <strong>Focal<\/strong> et <strong>Naim<\/strong> s\u2019adressent \u00e0 tous\u00a0: des amateurs de musique jusqu\u2019aux pures audiophiles. Tous sont au centre des attentions et b\u00e9n\u00e9ficient de conseils avis\u00e9s. En s\u2019associant \u00e0 des experts de l\u2019audio et partenaires de longue date, les marques garantissent un accueil et des services sur-mesure \u00e0 chacun pour r\u00e9pondre \u00e0 toutes les demandes. Il est d\u2019ailleurs possible de prendre rendez-vous pour des \u00e9coutes privatis\u00e9es et personnalis\u00e9es\u00a0; elles permettent de saisir pleinement la qualit\u00e9 du son <strong>Focal<\/strong> et <strong>Naim<\/strong> et, surtout, de se projeter chez soi.<\/span><\/p>\n<p><a href=\"https:\/\/www.tedpublications.com\/fr\/wp-content\/uploads\/2022\/06\/Headphone-row-copy.jpg\"><img loading=\"lazy\" decoding=\"async\" class=\"alignnone wp-image-36910 size-large\" src=\"https:\/\/www.tedpublications.com\/fr\/wp-content\/uploads\/2022\/06\/Headphone-row-copy-890x356.jpg\" alt=\"\" width=\"890\" height=\"356\" srcset=\"https:\/\/www.tedpublications.com\/fr\/wp-content\/uploads\/2022\/06\/Headphone-row-copy-890x356.jpg 890w, https:\/\/www.tedpublications.com\/fr\/wp-content\/uploads\/2022\/06\/Headphone-row-copy-647x259.jpg 647w, https:\/\/www.tedpublications.com\/fr\/wp-content\/uploads\/2022\/06\/Headphone-row-copy-768x307.jpg 768w, https:\/\/www.tedpublications.com\/fr\/wp-content\/uploads\/2022\/06\/Headphone-row-copy-470x188.jpg 470w, https:\/\/www.tedpublications.com\/fr\/wp-content\/uploads\/2022\/06\/Headphone-row-copy.jpg 1080w\" sizes=\"auto, (max-width: 890px) 100vw, 890px\" \/><\/a><\/p>\n<p><span style=\"font-family: helvetica; color: #800000; font-size: 20px;\"><strong>Focal Powered by Naim Network<br \/>\n<\/strong><\/span><span style=\"font-family: helvetica;\">Le r\u00e9seau Focal Powered by Naim\u00a0: S\u00e9oul Cheongdam-dong (Cor\u00e9e du Sud), S\u00e9oul Starfield Hanam (Cor\u00e9e du Sud), Lyon (France), Prague (R\u00e9publique tch\u00e8que), Adelaide (Australie), Guangzhou (Chine), Sydney (Australie), Houston (\u00c9tats-Unis), Berlin (Allemagne), Sevenoaks (Grande-Bretagne), Cannes (France), Perth (Australie), Melbourne (Australie), Saskatoon (Canada), Bucarest (Roumanie), Bangalore (Inde), Vilnius, (Lituanie), Barrie (Canada), Winnipeg (Canada), Miami (\u00c9tats-Unis), Austin (\u00c9tats-Unis), Perpignan (France), Taipei (Taiwan).<\/span><\/p>\n","protected":false},"excerpt":{"rendered":"<p>Apr\u00e8s Houston, des espaces Focal Powered by Naim ouvrent \u00e0 Miami et \u00e0 Austin aux \u00c9tats-Unis. Exp\u00e9rience sonore unique et \u00e9motions garanties en magasin Juin 2022\u00a0\u2013 Focal, marque fran\u00e7aise de r\u00e9f\u00e9rence en acoustique, et Naim, leader britannique en \u00e9lectronique, inaugurent deux nouveaux espaces de marque aux \u00c9tats-Unis. G\u00e9r\u00e9 par Antonio Gaspard, le shop-in-shop \u00e0 Miami [&hellip;]<\/p>\n","protected":false},"author":4,"featured_media":36894,"comment_status":"closed","ping_status":"open","sticky":false,"template":"","format":"standard","meta":{"footnotes":""},"categories":[60,57,39,9],"tags":[],"class_list":["post-36887","post","type-post","status-publish","format-standard","has-post-thumbnail","hentry","category-cinema-maison","category-haute-fidelite","category-actualite","category-top-news","entry","has-media"],"_links":{"self":[{"href":"https:\/\/www.tedpublications.com\/fr\/wp-json\/wp\/v2\/posts\/36887","targetHints":{"allow":["GET"]}}],"collection":[{"href":"https:\/\/www.tedpublications.com\/fr\/wp-json\/wp\/v2\/posts"}],"about":[{"href":"https:\/\/www.tedpublications.com\/fr\/wp-json\/wp\/v2\/types\/post"}],"author":[{"embeddable":true,"href":"https:\/\/www.tedpublications.com\/fr\/wp-json\/wp\/v2\/users\/4"}],"replies":[{"embeddable":true,"href":"https:\/\/www.tedpublications.com\/fr\/wp-json\/wp\/v2\/comments?post=36887"}],"version-history":[{"count":21,"href":"https:\/\/www.tedpublications.com\/fr\/wp-json\/wp\/v2\/posts\/36887\/revisions"}],"predecessor-version":[{"id":36916,"href":"https:\/\/www.tedpublications.com\/fr\/wp-json\/wp\/v2\/posts\/36887\/revisions\/36916"}],"wp:featuredmedia":[{"embeddable":true,"href":"https:\/\/www.tedpublications.com\/fr\/wp-json\/wp\/v2\/media\/36894"}],"wp:attachment":[{"href":"https:\/\/www.tedpublications.com\/fr\/wp-json\/wp\/v2\/media?parent=36887"}],"wp:term":[{"taxonomy":"category","embeddable":true,"href":"https:\/\/www.tedpublications.com\/fr\/wp-json\/wp\/v2\/categories?post=36887"},{"taxonomy":"post_tag","embeddable":true,"href":"https:\/\/www.tedpublications.com\/fr\/wp-json\/wp\/v2\/tags?post=36887"}],"curies":[{"name":"wp","href":"https:\/\/api.w.org\/{rel}","templated":true}]}}