{"id":36504,"date":"2022-05-11T12:25:36","date_gmt":"2022-05-11T16:25:36","guid":{"rendered":"https:\/\/www.tedpublications.com\/fr\/?p=36504"},"modified":"2022-05-11T12:27:38","modified_gmt":"2022-05-11T16:27:38","slug":"focal-presente-lenceinte-encastrable-300-ica6-lors-du-ise-2022","status":"publish","type":"post","link":"https:\/\/www.tedpublications.com\/fr\/focal-presente-lenceinte-encastrable-300-ica6-lors-du-ise-2022\/","title":{"rendered":"Focal pr\u00e9sente l&rsquo;enceinte encastrable 300 ICA6 lors du ISE 2022"},"content":{"rendered":"<p><span style=\"font-family: helvetica;\"><span style=\"font-size: 24px; color: #800000;\"><em>Focal pr\u00e9sente 300 ICA6,<\/em><\/span><br \/>\n<span style=\"font-size: 24px; color: #800000;\"><em>une enceinte hi-fi encastrable pour la maison<\/em><\/span><strong><br \/>\n<\/strong><\/span><span style=\"font-family: helvetica;\">La marque fran\u00e7aise <em>leader<\/em> de l\u2019audio r\u00e9v\u00e8le l\u2019enceinte <em>300 ICA6<\/em> \u00e0 l\u2019occasion du salon international <strong>ISE<\/strong> (<strong>Integrated System Europe<\/strong>) de Barcelone (10-13\u00a0mai). Cette enceinte plafond versatile rejoint aujourd\u2019hui la ligne <em>Series 300<\/em> de <strong>Focal<\/strong>. En enrichissant sa gamme d\u2019un produit pour configuration <em>hi-fi<\/em> ou <em>home cin\u00e9ma<\/em>, <strong>Focal<\/strong> offre des \u00e9coutes totalement renouvel\u00e9es \u00e0 la maison et atteste de son statut de r\u00e9f\u00e9rence sur le march\u00e9 des solutions int\u00e9gr\u00e9es<\/span><\/p>\n<p data-wp-editing=\"1\"><span style=\"font-family: helvetica;\"><a href=\"https:\/\/www.tedpublications.com\/fr\/wp-content\/uploads\/2022\/05\/300_ICA6_Ambiance_02_Web.jpg\"><img loading=\"lazy\" decoding=\"async\" class=\"aligncenter wp-image-36514\" src=\"https:\/\/www.tedpublications.com\/fr\/wp-content\/uploads\/2022\/05\/300_ICA6_Ambiance_02_Web-647x458.jpg\" alt=\"\" width=\"890\" height=\"630\" srcset=\"https:\/\/www.tedpublications.com\/fr\/wp-content\/uploads\/2022\/05\/300_ICA6_Ambiance_02_Web-647x458.jpg 647w, https:\/\/www.tedpublications.com\/fr\/wp-content\/uploads\/2022\/05\/300_ICA6_Ambiance_02_Web-777x550.jpg 777w, https:\/\/www.tedpublications.com\/fr\/wp-content\/uploads\/2022\/05\/300_ICA6_Ambiance_02_Web-768x543.jpg 768w, https:\/\/www.tedpublications.com\/fr\/wp-content\/uploads\/2022\/05\/300_ICA6_Ambiance_02_Web-470x332.jpg 470w, https:\/\/www.tedpublications.com\/fr\/wp-content\/uploads\/2022\/05\/300_ICA6_Ambiance_02_Web.jpg 1080w\" sizes=\"auto, (max-width: 890px) 100vw, 890px\" \/><\/a><br \/>\n<\/span><span style=\"font-family: helvetica;\"><strong><em><span style=\"color: #800000; font-size: 24px;\">Savoir-faire et technologies Focal<\/span><\/em><br \/>\n<\/strong>S\u2019inspirant de l\u2019enceinte <em>1000\u00a0ICA6<\/em> pr\u00e9sente dans la ligne haut de gamme <em>Series\u00a01000<\/em>, la <em>300\u00a0ICA6<\/em> int\u00e8gre la ligne <em>Series\u00a0300<\/em> en b\u00e9n\u00e9ficiant de tous les \u00e9l\u00e9ments qui en font le succ\u00e8s\u00a0: une fabrication fran\u00e7aise soign\u00e9e dans les ateliers <strong>Focal<\/strong> \u00e0 Saint-Etienne\u00a0; un <em>tweeter<\/em> \u00e0 d\u00f4me invers\u00e9 en aluminium\/magn\u00e9sium et une membrane Flax en lin, des technologies exclusives pour une pr\u00e9cision acoustique de haute qualit\u00e9 et une coh\u00e9rence sonore totale avec les lignes d\u2019enceintes classiques <em>Aria<\/em> et <em>Kanta<\/em> de la marque.<\/span><a href=\"https:\/\/www.tedpublications.com\/fr\/wp-content\/uploads\/2022\/05\/300_ICA6_Face_Grille_Ronde_S_Flam_Web-647x573-1.jpg\"><img loading=\"lazy\" decoding=\"async\" class=\"wp-image-36519 alignleft\" src=\"https:\/\/www.tedpublications.com\/fr\/wp-content\/uploads\/2022\/05\/300_ICA6_Face_Grille_Ronde_S_Flam_Web-647x573-1.jpg\" alt=\"\" width=\"400\" height=\"296\" srcset=\"https:\/\/www.tedpublications.com\/fr\/wp-content\/uploads\/2022\/05\/300_ICA6_Face_Grille_Ronde_S_Flam_Web-647x573-1.jpg 647w, https:\/\/www.tedpublications.com\/fr\/wp-content\/uploads\/2022\/05\/300_ICA6_Face_Grille_Ronde_S_Flam_Web-647x573-1-470x348.jpg 470w\" sizes=\"auto, (max-width: 400px) 100vw, 400px\" \/><\/a><\/p>\n<p data-wp-editing=\"1\"><span style=\"font-family: helvetica;\"><strong>Une enceinte plafond avec angle<br \/>\n<\/strong>La <em>300\u00a0ICA6<\/em> est dot\u00e9e d\u2019un haut-parleur de 16,5\u00a0cm et d\u2019une inclinaison de 35\u00b0 qui supprime <em>l\u2019effet douche<\/em> du son ressenti avec d\u2019autres enceintes. La pr\u00e9sence de cet angle autorise par ailleurs plusieurs positionnements au plafond, jusque dans les coins pour une sonorisation en toute discr\u00e9tion. L\u2019utilisation du produit en enceinte <strong>Dolby<\/strong><em> Atmos\u00ae\u00a0<\/em>\/ <strong>DTS<\/strong><em>:X<\/em> renforce grandement les effets ressentis en audio <em>3D<\/em> ce qui en fait le compl\u00e9ment parfait pour une installation <em>Home Cin\u00e9ma Series 300<\/em>. La technologie <em>Easy Quick Install<\/em> int\u00e9gr\u00e9e garantie enfin une installation rapide et sans outil.<a href=\"https:\/\/www.tedpublications.com\/fr\/wp-content\/uploads\/2022\/05\/300_ICA6_34_02_Web-647x622-1.jpg\"><img loading=\"lazy\" decoding=\"async\" class=\"alignright wp-image-36520\" src=\"https:\/\/www.tedpublications.com\/fr\/wp-content\/uploads\/2022\/05\/300_ICA6_34_02_Web-647x622-1-639x550.jpg\" alt=\"\" width=\"400\" height=\"344\" srcset=\"https:\/\/www.tedpublications.com\/fr\/wp-content\/uploads\/2022\/05\/300_ICA6_34_02_Web-647x622-1-639x550.jpg 639w, https:\/\/www.tedpublications.com\/fr\/wp-content\/uploads\/2022\/05\/300_ICA6_34_02_Web-647x622-1-470x405.jpg 470w, https:\/\/www.tedpublications.com\/fr\/wp-content\/uploads\/2022\/05\/300_ICA6_34_02_Web-647x622-1.jpg 647w\" sizes=\"auto, (max-width: 400px) 100vw, 400px\" \/><\/a><\/span><\/p>\n<p data-wp-editing=\"1\"><span style=\"font-family: helvetica;\"><strong>Un parcours produit sans limite<br \/>\n<\/strong>En concevant, d\u00e9veloppant et fabriquant ses produits, <strong>Focal<\/strong> pense \u00e0 tous les usages et \u00e0 la d\u00e9couverte d\u2019un v\u00e9ritable parcours produits pour ses clients. Chaque syst\u00e8me <strong>Focal<\/strong> peut \u00eatre compl\u00e9t\u00e9 et\u00a0\/\u00a0ou se tourner vers la gamme sup\u00e9rieure via un univers de produits harmonieux en mati\u00e8re d\u2019esth\u00e9tique et de son. Ainsi, l\u2019enceinte <em>300\u00a0ICA6<\/em> pr\u00e9sentant un design similaire et des dimensions identiques aux produits <em>Series\u00a01000<\/em>, le client peut faire \u00e9voluer tr\u00e8s facilement son installation.<\/span><\/p>\n<p><span style=\"font-family: helvetica;\"><strong>Disponibilit\u00e9\u00a0<\/strong>: Mai 2022<\/span><br \/>\n<span style=\"font-family: helvetica;\"><strong>Prix public conseill\u00e9\u00a0<\/strong>: 499\u00a0$ US \/ 649\u00a0$ CA (pi\u00e8ce)<\/span><br \/>\n<span style=\"font-family: helvetica; color: #800000;\"><strong><a style=\"color: #800000;\" href=\"https:\/\/www.focal.com\/france\/focal-la-marque\" target=\"_blank\" rel=\"noopener\">https:\/\/www.focal.com\/france\/focal-la-marque<\/a><\/strong><\/span><\/p>\n<p>&nbsp;<\/p>\n","protected":false},"excerpt":{"rendered":"<p>Focal pr\u00e9sente 300 ICA6, une enceinte hi-fi encastrable pour la maison La marque fran\u00e7aise leader de l\u2019audio r\u00e9v\u00e8le l\u2019enceinte 300 ICA6 \u00e0 l\u2019occasion du salon international ISE (Integrated System Europe) de Barcelone (10-13\u00a0mai). Cette enceinte plafond versatile rejoint aujourd\u2019hui la ligne Series 300 de Focal. En enrichissant sa gamme d\u2019un produit pour configuration hi-fi ou [&hellip;]<\/p>\n","protected":false},"author":4,"featured_media":36509,"comment_status":"closed","ping_status":"open","sticky":false,"template":"","format":"standard","meta":{"footnotes":""},"categories":[60,1334,57,39],"tags":[],"class_list":["post-36504","post","type-post","status-publish","format-standard","has-post-thumbnail","hentry","category-cinema-maison","category-evenements","category-haute-fidelite","category-actualite","entry","has-media"],"_links":{"self":[{"href":"https:\/\/www.tedpublications.com\/fr\/wp-json\/wp\/v2\/posts\/36504","targetHints":{"allow":["GET"]}}],"collection":[{"href":"https:\/\/www.tedpublications.com\/fr\/wp-json\/wp\/v2\/posts"}],"about":[{"href":"https:\/\/www.tedpublications.com\/fr\/wp-json\/wp\/v2\/types\/post"}],"author":[{"embeddable":true,"href":"https:\/\/www.tedpublications.com\/fr\/wp-json\/wp\/v2\/users\/4"}],"replies":[{"embeddable":true,"href":"https:\/\/www.tedpublications.com\/fr\/wp-json\/wp\/v2\/comments?post=36504"}],"version-history":[{"count":13,"href":"https:\/\/www.tedpublications.com\/fr\/wp-json\/wp\/v2\/posts\/36504\/revisions"}],"predecessor-version":[{"id":36517,"href":"https:\/\/www.tedpublications.com\/fr\/wp-json\/wp\/v2\/posts\/36504\/revisions\/36517"}],"wp:featuredmedia":[{"embeddable":true,"href":"https:\/\/www.tedpublications.com\/fr\/wp-json\/wp\/v2\/media\/36509"}],"wp:attachment":[{"href":"https:\/\/www.tedpublications.com\/fr\/wp-json\/wp\/v2\/media?parent=36504"}],"wp:term":[{"taxonomy":"category","embeddable":true,"href":"https:\/\/www.tedpublications.com\/fr\/wp-json\/wp\/v2\/categories?post=36504"},{"taxonomy":"post_tag","embeddable":true,"href":"https:\/\/www.tedpublications.com\/fr\/wp-json\/wp\/v2\/tags?post=36504"}],"curies":[{"name":"wp","href":"https:\/\/api.w.org\/{rel}","templated":true}]}}