{"id":3289,"date":"2011-02-12T13:09:07","date_gmt":"2011-02-12T18:09:07","guid":{"rendered":"http:\/\/www.tedpublications.com\/fr\/?p=3289"},"modified":"2011-02-12T13:09:07","modified_gmt":"2011-02-12T18:09:07","slug":"hindi-zahra-sera-de-retour-au-quebec-en-fevrier","status":"publish","type":"post","link":"https:\/\/www.tedpublications.com\/fr\/hindi-zahra-sera-de-retour-au-quebec-en-fevrier\/","title":{"rendered":"<!--:fr-->Hindi Zahra de retour au Qu\u00e9bec en f\u00e9vrier <!--:-->"},"content":{"rendered":"<p><!--:fr--><code> <\/code><br \/>\n<strong><img loading=\"lazy\" decoding=\"async\" class=\"alignleft size-full wp-image-3290\" title=\"hindi_zara_01_2011\" src=\"http:\/\/www.tedpublications.com\/fr\/wp-content\/uploads\/2011\/02\/hindi_zara_01_2011.jpg\" alt=\"\" width=\"223\" height=\"223\" \/>18 au 21 f\u00e9vrier \u2013 En promotion \u00e0 Montr\u00e9al<\/strong><\/p>\n<p><strong>25 f\u00e9vrier \u2013 Montr\u00e9al \u2013 Club Soda<br \/>\n(Festival Montr\u00e9al en Lumi\u00e8re)<\/strong><\/p>\n<p><strong>27 f\u00e9vrier \u2013 Qu\u00e9bec \u2013 Petit Champlain<\/strong><\/p>\n<p>L\u2019\u00e9toile montante de la musique du monde, la chanteuse d\u2019origine marocaine <strong>Hindi Zahra<\/strong> sera de retour au Qu\u00e9bec en f\u00e9vrier prochain afin de pr\u00e9senter, sur sc\u00e8ne, son premier album <em>Handmade<\/em>, unanimement acclam\u00e9 par la critique mondiale.<\/p>\n<p>Celle dont le nom signifie \u00e0 la fois \u00ab fleur \u00bb et \u00abchance\u00bb est n\u00e9e en 1979 \u00e0 Khouribga, dans une ville mini\u00e8re du sud marocain.<\/p>\n<p>\u00c0 la crois\u00e9e du jazz et du folk, teint\u00e9e d\u2019une couleur orientale unique, <strong>Hindi Zahra<\/strong> a sans aucun doute \u00e9t\u00e9 LA d\u00e9couverte musicale de 2010.<\/p>\n<p>Si elle a toujours chant\u00e9, c\u2019est aux c\u00f4t\u00e9s du collectif men\u00e9 par Spleen &amp; Hugh Coltman qu\u2019elle s\u2019est fait conna\u00eetre. Elle a enchain\u00e9 de nombreux concerts qui lui ont valu une solide r\u00e9putation sc\u00e9nique, lui permettant de jolies rencontres, notamment avec Alain Souchon avec qui elle a collabor\u00e9 pour le titre <em>Sidi Farouch<\/em>, figurant sur <em>Handmade<\/em>.<\/p>\n<p>Artiste compl\u00e8te, auteure, compositrice, arrangeuse, mais aussi  po\u00e8te et peintre, elle fut courtis\u00e9e par les labels de Brian Eno et Damon Albarn, avant de signer chez Blue Note, Capable non seulement d\u2019envouter les sp\u00e9cialistes les plus exigeants, mais \u00e9galement d\u2019\u00e9crire des titres \u00ab\u00a0tubesques\u00a0\u00bb tel que <em>Stand Up<\/em>, le nouvel extrait indubitablement s\u00e9duisant, c\u2019est sur la longueur que Hindi Zahra imposera sa musique et sa forte personnalit\u00e9.<\/p>\n<p>\u00ab\u00a0<em>\u2026une naturelle des planches, une chanteuse magn\u00e9tique, de surcroit une hitmaker de grande qualit\u00e9. \u00c0 l\u2019instar de Ya\u00ebl Na\u00efm, ou la regrett\u00e9e Lhasa, Hindi Zahra s\u2019affiche comme une chanteuse d\u2019aujourd\u2019hui, de surcroit une femme d\u2019aujourd\u2019hui\u00a0: libre, mondiale, hybride\u2026 et pas exactement occidentale.\u00bb<\/em> Alain Brunet &#8211; <strong><em>LA PRESSE<\/em><\/strong><\/p>\n<p>\u00ab\u00a0<em>Toujours ces petits riens qui font la diff\u00e9rence puisque, qu&rsquo;importe l&rsquo;arrangement, l&rsquo;artiste impose le plus naturellement du monde une forte pr\u00e9sence.\u00bb<\/em> Yves Bernard &#8211; <strong><em>LE DEVOIR<\/em><\/strong><!--:--><\/p>\n","protected":false},"excerpt":{"rendered":"<p>18 au 21 f\u00e9vrier \u2013 En promotion \u00e0 Montr\u00e9al 25 f\u00e9vrier \u2013 Montr\u00e9al \u2013 Club Soda (Festival Montr\u00e9al en Lumi\u00e8re) 27 f\u00e9vrier \u2013 Qu\u00e9bec \u2013 Petit Champlain L\u2019\u00e9toile montante de la musique du monde, la chanteuse d\u2019origine marocaine Hindi Zahra sera de retour au Qu\u00e9bec en f\u00e9vrier prochain afin de pr\u00e9senter, sur sc\u00e8ne, son premier [&hellip;]<\/p>\n","protected":false},"author":1,"featured_media":0,"comment_status":"open","ping_status":"closed","sticky":false,"template":"","format":"standard","meta":{"footnotes":""},"categories":[53,54],"tags":[],"class_list":["post-3289","post","type-post","status-publish","format-standard","hentry","category-rythme-et-musique","category-video","entry"],"_links":{"self":[{"href":"https:\/\/www.tedpublications.com\/fr\/wp-json\/wp\/v2\/posts\/3289","targetHints":{"allow":["GET"]}}],"collection":[{"href":"https:\/\/www.tedpublications.com\/fr\/wp-json\/wp\/v2\/posts"}],"about":[{"href":"https:\/\/www.tedpublications.com\/fr\/wp-json\/wp\/v2\/types\/post"}],"author":[{"embeddable":true,"href":"https:\/\/www.tedpublications.com\/fr\/wp-json\/wp\/v2\/users\/1"}],"replies":[{"embeddable":true,"href":"https:\/\/www.tedpublications.com\/fr\/wp-json\/wp\/v2\/comments?post=3289"}],"version-history":[{"count":0,"href":"https:\/\/www.tedpublications.com\/fr\/wp-json\/wp\/v2\/posts\/3289\/revisions"}],"wp:attachment":[{"href":"https:\/\/www.tedpublications.com\/fr\/wp-json\/wp\/v2\/media?parent=3289"}],"wp:term":[{"taxonomy":"category","embeddable":true,"href":"https:\/\/www.tedpublications.com\/fr\/wp-json\/wp\/v2\/categories?post=3289"},{"taxonomy":"post_tag","embeddable":true,"href":"https:\/\/www.tedpublications.com\/fr\/wp-json\/wp\/v2\/tags?post=3289"}],"curies":[{"name":"wp","href":"https:\/\/api.w.org\/{rel}","templated":true}]}}