{"id":25856,"date":"2018-04-24T17:12:53","date_gmt":"2018-04-24T17:12:53","guid":{"rendered":"http:\/\/www.tedpublications.com\/fr\/?p=25856"},"modified":"2018-04-24T17:48:46","modified_gmt":"2018-04-24T17:48:46","slug":"christine-jensen-quintet-au-festi-jazz-mont-tremblant","status":"publish","type":"post","link":"https:\/\/www.tedpublications.com\/fr\/christine-jensen-quintet-au-festi-jazz-mont-tremblant\/","title":{"rendered":"Christine Jensen Quintet au Festi Jazz Mont-Tremblant 2018"},"content":{"rendered":"<h4><em><span style=\"color: #800000;\">Concert d\u2019ouverture\u00a0de la\u00a0\u00a011<sup>e<\/sup>\u00a0 \u00e9dition<\/span><\/em><br \/>\n<span style=\"color: #800000;\"><em> Du 1er au 5 ao\u00fbt 201<\/em><strong><em><span style=\"color: #800000;\">8<\/span><\/em><br \/>\n<span style=\"color: #800000;\">Un\u00a0 concert d&rsquo;ouverture \u00e0 ne pas manquer \u2009!<\/span><br \/>\n<\/strong><\/span><\/h4>\n<div>Le Festi Jazz Mont-Tremblant est de retour avec sa onzi\u00e8me \u00e9dition\u00a0du 1er au 5 ao\u00fbt prochain !\u00a0 Les programmateurs se font un r\u00e9el plaisir en invitant pour le concert d&rsquo;ouverture de\u00a0cette grande f\u00eate du jazz,\u00a0 la talentueuse compositrice et saxophoniste Christine Jensen en quintette. Ne manquez pas cette magnifique soir\u00e9e de musique\u00a0le 1er ao\u00fbt \u00e0 21 heures, qui donnera le coup d&rsquo;envoi d&rsquo;une programmation qui promet d&rsquo;\u00eatre une fois de plus, extraordinaire !Cinq jours durant , le Festi Jazz Mont-Tremblant pr\u00e9sentera plus de 40 concerts gratuits sur son site ext\u00e9rieur au centre-ville (terrain du presbyt\u00e8re de l&rsquo;\u00e9glise de Saint-Jovite) et dans huit lieux de diffusion de Mont-Tremblant. Sur place les festivaliers pourront aussi y trouver\u00a0une all\u00e9e de boutiques, un service de restauration, des aires de repos, des bars et et une galerie d&rsquo;artistes de la r\u00e9gion.<\/div>\n<div>\n<p><a href=\"http:\/\/www.tedpublications.com\/fr\/wp-content\/uploads\/2018\/04\/Christine_Jensen.jpg\"><img loading=\"lazy\" decoding=\"async\" class=\"alignnone wp-image-25858 size-medium\" src=\"http:\/\/www.tedpublications.com\/fr\/wp-content\/uploads\/2018\/04\/Christine_Jensen-647x431.jpg\" alt=\"\" width=\"647\" height=\"431\" srcset=\"https:\/\/www.tedpublications.com\/fr\/wp-content\/uploads\/2018\/04\/Christine_Jensen-647x431.jpg 647w, https:\/\/www.tedpublications.com\/fr\/wp-content\/uploads\/2018\/04\/Christine_Jensen-470x313.jpg 470w, https:\/\/www.tedpublications.com\/fr\/wp-content\/uploads\/2018\/04\/Christine_Jensen-272x182.jpg 272w, https:\/\/www.tedpublications.com\/fr\/wp-content\/uploads\/2018\/04\/Christine_Jensen-768x512.jpg 768w, https:\/\/www.tedpublications.com\/fr\/wp-content\/uploads\/2018\/04\/Christine_Jensen-1024x683.jpg 1024w, https:\/\/www.tedpublications.com\/fr\/wp-content\/uploads\/2018\/04\/Christine_Jensen-295x197.jpg 295w, https:\/\/www.tedpublications.com\/fr\/wp-content\/uploads\/2018\/04\/Christine_Jensen-290x193.jpg 290w, https:\/\/www.tedpublications.com\/fr\/wp-content\/uploads\/2018\/04\/Christine_Jensen-300x200.jpg 300w, https:\/\/www.tedpublications.com\/fr\/wp-content\/uploads\/2018\/04\/Christine_Jensen.jpg 1080w\" sizes=\"auto, (max-width: 647px) 100vw, 647px\" \/><\/a><em>Photos Randy Cole<\/em><\/p>\n<p><strong>Christine Jensen\u00a0 <\/strong><br \/>\nN\u00e9e en Colombie-Britannique, Christine Jensen a grandi \u00e0 Nanaimo. Des nombreuses critiques font l&rsquo;\u00e9loge des talents de cette saxophoniste et compositrice montr\u00e9alaise, consid\u00e9r\u00e9e \u00ab\u00a0une voix originale sur la sc\u00e8ne de jazz internationale\u00a0\u00bb et selon Mark Miller dans le Globe and Mail, \u00ab\u00a0<em>l\u2019une des compositrices les plus captivantes au Canada<\/em>\u00a0\u00bb.<\/p>\n<p>Au cours des derni\u00e8res ann\u00e9es, Jensen a fait le parcours de la sc\u00e8ne jazz canadienne et internationale. Elle a pr\u00e9sent\u00e9 sa musique aux spectateurs du P\u00e9rou, de l\u2019Argentine, du Chili, du Danemark, du Mexique, de la Su\u00e8de, de la Turquie, des \u00c9tats-Unis et d&rsquo;Ha\u00efti. Elle dirige aussi un grand ensemble dont les \u00e9chos ont travers\u00e9 les fronti\u00e8res. En 2011, elle a remport\u00e9 le prix Juno, Meilleur album jazz contemporain avec Treelines jou\u00e9 par son Jazz Orchestra et le prix d\u2019Opus, Meilleur enregistrement.\u00a0Nomm\u00e9e <em>Rising Star &#8211; Soprano Sax\u00a0<\/em>par le Downbeat Critics Poll en 2017 et en 2018, elle est en nomination avec sa s\u0153ur Ingrid pour un Prix Junos, Album jazz de l\u2019ann\u00e9e pour<em> Infinitude.<\/em><\/p>\n<p><iframe loading=\"lazy\" src=\"https:\/\/www.youtube.com\/embed\/dZ6_69pEeBw\" width=\"647\" height=\"380\" frameborder=\"0\" allowfullscreen=\"allowfullscreen\"><span style=\"display: inline-block; width: 0px; overflow: hidden; line-height: 0;\" data-mce-type=\"bookmark\" class=\"mce_SELRES_start\">\ufeff<\/span><\/iframe><\/p>\n<p>\u00ab\u00a0<em>L\u2019orchestre formidable de Jensen est le soleil scintillant, et sa musique imagine la force et la tranquillit\u00e9 de l\u2019oc\u00e9an, et les arbres majestueux\u00a0<\/em>\u00bb jazz Times Magazine.<\/p>\n<p>Christine Jensen sera accompagn\u00e9e de\u00a0Lex French \u00e0 la trompette,\u00a0\u00a0Greg Ritchie \u00e0 la batterie, du contrebassiste Adrian Vedady\u00a0et d&rsquo;un pianiste invit\u00e9.<\/p>\n<p><a href=\"http:\/\/jazzmttremblant.com\" target=\"_blank\" rel=\"noopener\"><strong>http:\/\/jazzmttremblant.com<\/strong><\/a><br \/>\n<a href=\"http:\/\/www.christinejensenmusic.com\/\" target=\"_blank\" rel=\"noopener\"><strong>www.christinejensenmusic.com\/<\/strong><\/a><\/p>\n<\/div>\n","protected":false},"excerpt":{"rendered":"<p>Concert d\u2019ouverture\u00a0de la\u00a0\u00a011e\u00a0 \u00e9dition Du 1er au 5 ao\u00fbt 2018 Un\u00a0 concert d&rsquo;ouverture \u00e0 ne pas manquer \u2009! Le Festi Jazz Mont-Tremblant est de retour avec sa onzi\u00e8me \u00e9dition\u00a0du 1er au 5 ao\u00fbt prochain !\u00a0 Les programmateurs se font un r\u00e9el plaisir en invitant pour le concert d&rsquo;ouverture de\u00a0cette grande f\u00eate du jazz,\u00a0 la talentueuse [&hellip;]<\/p>\n","protected":false},"author":4,"featured_media":25857,"comment_status":"closed","ping_status":"open","sticky":false,"template":"","format":"standard","meta":{"footnotes":""},"categories":[57,39,53],"tags":[],"class_list":["post-25856","post","type-post","status-publish","format-standard","has-post-thumbnail","hentry","category-haute-fidelite","category-actualite","category-rythme-et-musique","entry","has-media"],"_links":{"self":[{"href":"https:\/\/www.tedpublications.com\/fr\/wp-json\/wp\/v2\/posts\/25856","targetHints":{"allow":["GET"]}}],"collection":[{"href":"https:\/\/www.tedpublications.com\/fr\/wp-json\/wp\/v2\/posts"}],"about":[{"href":"https:\/\/www.tedpublications.com\/fr\/wp-json\/wp\/v2\/types\/post"}],"author":[{"embeddable":true,"href":"https:\/\/www.tedpublications.com\/fr\/wp-json\/wp\/v2\/users\/4"}],"replies":[{"embeddable":true,"href":"https:\/\/www.tedpublications.com\/fr\/wp-json\/wp\/v2\/comments?post=25856"}],"version-history":[{"count":0,"href":"https:\/\/www.tedpublications.com\/fr\/wp-json\/wp\/v2\/posts\/25856\/revisions"}],"wp:featuredmedia":[{"embeddable":true,"href":"https:\/\/www.tedpublications.com\/fr\/wp-json\/wp\/v2\/media\/25857"}],"wp:attachment":[{"href":"https:\/\/www.tedpublications.com\/fr\/wp-json\/wp\/v2\/media?parent=25856"}],"wp:term":[{"taxonomy":"category","embeddable":true,"href":"https:\/\/www.tedpublications.com\/fr\/wp-json\/wp\/v2\/categories?post=25856"},{"taxonomy":"post_tag","embeddable":true,"href":"https:\/\/www.tedpublications.com\/fr\/wp-json\/wp\/v2\/tags?post=25856"}],"curies":[{"name":"wp","href":"https:\/\/api.w.org\/{rel}","templated":true}]}}