{"id":24272,"date":"2017-06-15T10:54:22","date_gmt":"2017-06-15T10:54:22","guid":{"rendered":"http:\/\/www.tedpublications.com\/fr\/?p=24272"},"modified":"2017-06-15T10:54:22","modified_gmt":"2017-06-15T10:54:22","slug":"du-jazz-moderne-a-la-pop-dance-il-ny-a-quun-pas","status":"publish","type":"post","link":"https:\/\/www.tedpublications.com\/fr\/du-jazz-moderne-a-la-pop-dance-il-ny-a-quun-pas\/","title":{"rendered":"Du jazz moderne \u00e0 la pop dance, il n\u2019y a qu\u2019un pas!"},"content":{"rendered":"<p><em>Par<\/em><strong> Michel Donais, <\/strong><em>chef bloguiste chez Fr\u00e9quences<\/em><\/p>\n<p style=\"text-align: left;\"><a href=\"http:\/\/www.tedpublications.com\/fr\/wp-content\/uploads\/2017\/06\/Du_jazz_moderne_a_la_pop_dance.jpg\"><img loading=\"lazy\" decoding=\"async\" class=\"wp-image-24274 alignleft\" src=\"http:\/\/www.tedpublications.com\/fr\/wp-content\/uploads\/2017\/06\/Du_jazz_moderne_a_la_pop_dance-647x485.jpg\" alt=\"\" width=\"300\" height=\"225\" srcset=\"https:\/\/www.tedpublications.com\/fr\/wp-content\/uploads\/2017\/06\/Du_jazz_moderne_a_la_pop_dance-647x485.jpg 647w, https:\/\/www.tedpublications.com\/fr\/wp-content\/uploads\/2017\/06\/Du_jazz_moderne_a_la_pop_dance-470x353.jpg 470w, https:\/\/www.tedpublications.com\/fr\/wp-content\/uploads\/2017\/06\/Du_jazz_moderne_a_la_pop_dance-768x576.jpg 768w, https:\/\/www.tedpublications.com\/fr\/wp-content\/uploads\/2017\/06\/Du_jazz_moderne_a_la_pop_dance-1024x768.jpg 1024w, https:\/\/www.tedpublications.com\/fr\/wp-content\/uploads\/2017\/06\/Du_jazz_moderne_a_la_pop_dance-106x80.jpg 106w, https:\/\/www.tedpublications.com\/fr\/wp-content\/uploads\/2017\/06\/Du_jazz_moderne_a_la_pop_dance-295x221.jpg 295w, https:\/\/www.tedpublications.com\/fr\/wp-content\/uploads\/2017\/06\/Du_jazz_moderne_a_la_pop_dance-290x218.jpg 290w, https:\/\/www.tedpublications.com\/fr\/wp-content\/uploads\/2017\/06\/Du_jazz_moderne_a_la_pop_dance-300x225.jpg 300w, https:\/\/www.tedpublications.com\/fr\/wp-content\/uploads\/2017\/06\/Du_jazz_moderne_a_la_pop_dance.jpg 1080w\" sizes=\"auto, (max-width: 300px) 100vw, 300px\" \/><\/a>Album :\u00a0<strong>Isla<\/strong><br \/>\nArtiste\u00a0:\u00a0<strong>Portico Quartet<\/strong><\/p>\n<p>En Test\u00a0:\u00a0<strong>2009 Vinyle\u00a0180g<\/strong><\/p>\n<p>\u00c9tiquette\u00a0:\u00a0<strong>Real World Records<\/strong><br \/>\n<strong>LPRW174<\/strong><\/p>\n<p><strong>Un peu de jazz en dessous du portique (en italien),<\/strong>\u00a0le quatuor\u00a0britannique de jazz moderne a gagn\u00e9 un prix <em>Mercury<\/em> en 2009 pour leur premier disque. Ils\u00a0ont aussi la chance d\u2019enregistrer aux mythiques studios <em>Abbey Road<\/em>. Et ils font de la musique avec un idiophone, un\u00a0Hang! Moi, je ne connaissais pas \u00e7a! Le groupe, au fil des ans, a chang\u00e9 de style. Toujours avec une petite touche moderne, ils r\u00e9inventent des styles qui ne sont pas du tout jazz, ils ajoutent des effets dans leur musique, ils jouent avec les sonorit\u00e9s, ils jouent avec les intonations et ils jouent du Hang. Sax, basse, percussion, batterie, Hang et \u00e9lectroniques pour le quatuor, le tout sur des compositions originales.<\/p>\n<p><strong>Ce disque est leur second disque\u00a0<\/strong>sur une \u00e9tiquette reconnue. Ils ont eu\u00a0un\u00a0premier jet autoproduit; leur premier disque\u00a0<em>Knee-Deep<\/em> In <em>The North Sea<\/em>, dont le long jeu vinyle a \u00e9t\u00e9 r\u00e9\u00e9dit\u00e9 en 2011;\u00a0un disque enregistr\u00e9 lors des sessions B&amp;W (ces derniers faisant la promotion de leurs produits pour audiophiles \u00e0 travers des sessions enregistr\u00e9es exclusivement pour eux); et finalement, <em>Isla<\/em>, cet album. Et quel disque! Ce n\u2019est pas pour les amoureux de jazz conventionnel, c\u2019est certain. Il y a un m\u00e9lange d\u2019un peu de tout, de la saveur pop du mois, au c\u00f4t\u00e9 jama\u00efcain apport\u00e9 par le Hang, des arrangements \u00e0 la Phillip Glass, au c\u00f4t\u00e9 moderne de l\u2019\u00e9lectronique et des r\u00e9alisations, au c\u00f4t\u00e9 purement jazz jouissif d\u2019un\u00a0quatuor classique sax-piano-basse-batterie. Bref\u00a0: c\u2019est toute une aventure que d\u2019\u00e9couter ce disque. Portez vos habits de protection d\u2019escalade, votre\u00a0tube respiratoire de plong\u00e9e et des bottes de neige, vous allez en avoir besoin!<\/p>\n<p><iframe loading=\"lazy\" src=\"https:\/\/www.youtube-nocookie.com\/embed\/pUeMvBOMebI?rel=0\" width=\"647\" height=\"367\" frameborder=\"0\" allowfullscreen=\"allowfullscreen\"><\/iframe><\/p>\n<p><strong>Pour la qualit\u00e9 du disque<\/strong>,\u00a0je ne peux \u00eatre plus heureux. Quand on parle\u00a0des studios <em>Abbey Road<\/em>, ce n\u2019est pas rien, ce ne sont pas des deux de piques. Mix\u00e9\u00a0par le monstre de l\u2019industrie\u00a0<em>John Leckie<\/em>, matric\u00e9 par\u00a0<em>Steve Rooke<\/em> connu pour ses gravures de disques\u00a0surtout pop, mais aussi rock, jazz et classique, c\u2019est une bombe de musique, de qualit\u00e9, de beaut\u00e9, de belles fr\u00e9quences, le tout sur un disque avec une absence de bruit de fond et une belle profondeur. Et ce, malgr\u00e9 le fait que le disque\u00a0ait pr\u00e8s de 25 minutes sur la premi\u00e8re face. C\u2019est r\u00e9ellement un disque \u00e0 d\u00e9couvrir et \u00e0 avoir, si vous \u00eates capables de supporter le style (on aime ou on d\u00e9teste!)<\/p>\n<p><strong>On ach\u00e8te si on aime<\/strong>\u00a0Moullinex, Todd Terje, Hayden James, The Cinematic Orchestra.<\/p>\n<p><a href=\"https:\/\/frequencesledisquaire.com\/product\/musique\/vinyle\/lp\/lp-portico-quartet-isla-180gr-download\/\" target=\"_blank\" rel=\"noopener noreferrer\"><strong>Acheter le disque vinyle chez Fr\u00e9quences<\/strong><\/a><br \/>\n<a href=\"https:\/\/frequencesledisquaire.com\/product\/musique\/cd\/cd-cd\/cd-portico-quartet-isla\/\" target=\"_blank\" rel=\"noopener noreferrer\"><strong>Acheter le CD chez Fr\u00e9quences<\/strong><\/a><\/p>\n<p><span style=\"border-radius: 2px; text-indent: 20px; width: auto; padding: 0px 4px 0px 0px; text-align: center; font: bold 11px\/20px 'Helvetica Neue',Helvetica,sans-serif; color: #ffffff; background: #bd081c no-repeat scroll 3px 50% \/ 14px 14px; position: absolute; opacity: 1; z-index: 8675309; display: none; cursor: pointer;\">Enregistrer<\/span><\/p>\n<p><span style=\"border-radius: 2px; text-indent: 20px; width: auto; padding: 0px 4px 0px 0px; text-align: center; font: bold 11px\/20px 'Helvetica Neue',Helvetica,sans-serif; color: #ffffff; background: #bd081c no-repeat scroll 3px 50% \/ 14px 14px; position: absolute; opacity: 1; z-index: 8675309; display: none; cursor: pointer; top: 84px; left: 20px;\">Enregistrer<\/span><\/p>\n<p><span style=\"border-radius: 2px; text-indent: 20px; width: auto; padding: 0px 4px 0px 0px; text-align: center; font: bold 11px\/20px 'Helvetica Neue',Helvetica,sans-serif; color: #ffffff; background: #bd081c no-repeat scroll 3px 50% \/ 14px 14px; position: absolute; opacity: 1; z-index: 8675309; display: none; cursor: pointer; top: 84px; left: 20px;\">Enregistrer<\/span><\/p>\n<p><span style=\"border-radius: 2px; text-indent: 20px; width: auto; padding: 0px 4px 0px 0px; text-align: center; font: bold 11px\/20px 'Helvetica Neue',Helvetica,sans-serif; color: #ffffff; background: #bd081c  no-repeat scroll 3px 50% \/ 14px 14px; position: absolute; opacity: 1; z-index: 8675309; display: none; cursor: pointer;\">Enregistrer<\/span><\/p>\n","protected":false},"excerpt":{"rendered":"<p>Par Michel Donais, chef bloguiste chez Fr\u00e9quences Album :\u00a0Isla Artiste\u00a0:\u00a0Portico Quartet En Test\u00a0:\u00a02009 Vinyle\u00a0180g \u00c9tiquette\u00a0:\u00a0Real World Records LPRW174 Un peu de jazz en dessous du portique (en italien),\u00a0le quatuor\u00a0britannique de jazz moderne a gagn\u00e9 un prix Mercury en 2009 pour leur premier disque. Ils\u00a0ont aussi la chance d\u2019enregistrer aux mythiques studios Abbey Road. Et ils [&hellip;]<\/p>\n","protected":false},"author":25348,"featured_media":24273,"comment_status":"closed","ping_status":"open","sticky":false,"template":"","format":"standard","meta":{"footnotes":""},"categories":[57,39,53],"tags":[],"class_list":["post-24272","post","type-post","status-publish","format-standard","has-post-thumbnail","hentry","category-haute-fidelite","category-actualite","category-rythme-et-musique","entry","has-media"],"_links":{"self":[{"href":"https:\/\/www.tedpublications.com\/fr\/wp-json\/wp\/v2\/posts\/24272","targetHints":{"allow":["GET"]}}],"collection":[{"href":"https:\/\/www.tedpublications.com\/fr\/wp-json\/wp\/v2\/posts"}],"about":[{"href":"https:\/\/www.tedpublications.com\/fr\/wp-json\/wp\/v2\/types\/post"}],"author":[{"embeddable":true,"href":"https:\/\/www.tedpublications.com\/fr\/wp-json\/wp\/v2\/users\/25348"}],"replies":[{"embeddable":true,"href":"https:\/\/www.tedpublications.com\/fr\/wp-json\/wp\/v2\/comments?post=24272"}],"version-history":[{"count":0,"href":"https:\/\/www.tedpublications.com\/fr\/wp-json\/wp\/v2\/posts\/24272\/revisions"}],"wp:featuredmedia":[{"embeddable":true,"href":"https:\/\/www.tedpublications.com\/fr\/wp-json\/wp\/v2\/media\/24273"}],"wp:attachment":[{"href":"https:\/\/www.tedpublications.com\/fr\/wp-json\/wp\/v2\/media?parent=24272"}],"wp:term":[{"taxonomy":"category","embeddable":true,"href":"https:\/\/www.tedpublications.com\/fr\/wp-json\/wp\/v2\/categories?post=24272"},{"taxonomy":"post_tag","embeddable":true,"href":"https:\/\/www.tedpublications.com\/fr\/wp-json\/wp\/v2\/tags?post=24272"}],"curies":[{"name":"wp","href":"https:\/\/api.w.org\/{rel}","templated":true}]}}