{"id":23215,"date":"2016-10-24T15:25:51","date_gmt":"2016-10-24T15:25:51","guid":{"rendered":"http:\/\/www.tedpublications.com\/fr\/?p=23215"},"modified":"2016-11-10T22:23:04","modified_gmt":"2016-11-10T22:23:04","slug":"nouveaute-cambridge-et-dali","status":"publish","type":"post","link":"https:\/\/www.tedpublications.com\/fr\/nouveaute-cambridge-et-dali\/","title":{"rendered":"Nouveaut\u00e9 Cambridge et Dali&#8230;"},"content":{"rendered":"<p><iframe loading=\"lazy\" style=\"border: none; overflow: hidden;\" src=\"https:\/\/www.facebook.com\/plugins\/video.php?href=https%3A%2F%2Fwww.facebook.com%2Fcambridgeaudio%2Fvideos%2F1116593171727609%2F&amp;show_text=0&amp;width=647\" width=\"647\" height=\"365\" frameborder=\"0\" scrolling=\"no\" allowfullscreen=\"allowfullscreen\"><\/iframe><\/p>\n<p><a href=\"http:\/\/www.tedpublications.com\/fr\/wp-content\/uploads\/2016\/10\/cambridge_audio_yoyo_black_m_packshot_6_cut-out.jpg\"><img loading=\"lazy\" decoding=\"async\" class=\"alignnone wp-image-23217\" src=\"http:\/\/www.tedpublications.com\/fr\/wp-content\/uploads\/2016\/10\/cambridge_audio_yoyo_black_m_packshot_6_cut-out-647x416.jpg\" alt=\"cambridge_audio_yoyo_black_m_packshot_6_cut-out\" width=\"647\" height=\"416\" srcset=\"https:\/\/www.tedpublications.com\/fr\/wp-content\/uploads\/2016\/10\/cambridge_audio_yoyo_black_m_packshot_6_cut-out-647x416.jpg 647w, https:\/\/www.tedpublications.com\/fr\/wp-content\/uploads\/2016\/10\/cambridge_audio_yoyo_black_m_packshot_6_cut-out-470x302.jpg 470w, https:\/\/www.tedpublications.com\/fr\/wp-content\/uploads\/2016\/10\/cambridge_audio_yoyo_black_m_packshot_6_cut-out-768x494.jpg 768w, https:\/\/www.tedpublications.com\/fr\/wp-content\/uploads\/2016\/10\/cambridge_audio_yoyo_black_m_packshot_6_cut-out-1024x659.jpg 1024w, https:\/\/www.tedpublications.com\/fr\/wp-content\/uploads\/2016\/10\/cambridge_audio_yoyo_black_m_packshot_6_cut-out-295x190.jpg 295w, https:\/\/www.tedpublications.com\/fr\/wp-content\/uploads\/2016\/10\/cambridge_audio_yoyo_black_m_packshot_6_cut-out-290x187.jpg 290w, https:\/\/www.tedpublications.com\/fr\/wp-content\/uploads\/2016\/10\/cambridge_audio_yoyo_black_m_packshot_6_cut-out-300x193.jpg 300w, https:\/\/www.tedpublications.com\/fr\/wp-content\/uploads\/2016\/10\/cambridge_audio_yoyo_black_m_packshot_6_cut-out.jpg 1080w\" sizes=\"auto, (max-width: 647px) 100vw, 647px\" \/><\/a><\/p>\n<p>Tout d\u2019abord, commen\u00e7ons avec <strong>Cambridge Audio<\/strong> qui discontinue sa gamme d\u2019enceintes portatives <em>Minx<\/em> incluant\u00a0: <em>Minx Go<\/em>, <em>Minx Go Radio<\/em> et <em>G2.<\/em><\/p>\n<p>Cette s\u00e9rie sera remplac\u00e9e par les mod\u00e8les <em>Yoyo <\/em>plus design, de style et de format diff\u00e9rents pour le bonheur des yeux et des oreilles.<\/p>\n<p><em>Site Internet:<\/em> <a href=\"https:\/\/www.cambridgeaudio.com\/fr\/wireless-sound\/yoyo\" target=\"_blank\"><strong>Cambridge Audio<br \/>\n<\/strong><\/a><br \/>\n*********************************<\/p>\n<p>\u00c9galement dans la s\u00e9rie des petites enceintes portatives, <strong>Dali<\/strong> le fabricant de haut-parleurs danois tr\u00e8s connu, se lance dans l\u2019ar\u00e8ne avec son mod\u00e8le <em>Katch.<\/em><\/p>\n<p><a href=\"http:\/\/www.tedpublications.com\/fr\/wp-content\/uploads\/2016\/10\/dali_katch_enceintes.jpg\"><img loading=\"lazy\" decoding=\"async\" class=\"alignnone wp-image-23218\" src=\"http:\/\/www.tedpublications.com\/fr\/wp-content\/uploads\/2016\/10\/dali_katch_enceintes-647x400.jpg\" alt=\"dali_katch_enceintes\" width=\"647\" height=\"400\" srcset=\"https:\/\/www.tedpublications.com\/fr\/wp-content\/uploads\/2016\/10\/dali_katch_enceintes-647x400.jpg 647w, https:\/\/www.tedpublications.com\/fr\/wp-content\/uploads\/2016\/10\/dali_katch_enceintes-470x290.jpg 470w, https:\/\/www.tedpublications.com\/fr\/wp-content\/uploads\/2016\/10\/dali_katch_enceintes-768x474.jpg 768w, https:\/\/www.tedpublications.com\/fr\/wp-content\/uploads\/2016\/10\/dali_katch_enceintes-1024x632.jpg 1024w, https:\/\/www.tedpublications.com\/fr\/wp-content\/uploads\/2016\/10\/dali_katch_enceintes-645x400.jpg 645w, https:\/\/www.tedpublications.com\/fr\/wp-content\/uploads\/2016\/10\/dali_katch_enceintes-295x182.jpg 295w, https:\/\/www.tedpublications.com\/fr\/wp-content\/uploads\/2016\/10\/dali_katch_enceintes-290x179.jpg 290w, https:\/\/www.tedpublications.com\/fr\/wp-content\/uploads\/2016\/10\/dali_katch_enceintes-300x185.jpg 300w, https:\/\/www.tedpublications.com\/fr\/wp-content\/uploads\/2016\/10\/dali_katch_enceintes.jpg 1080w\" sizes=\"auto, (max-width: 647px) 100vw, 647px\" \/><\/a><\/p>\n<p>Avec une finition tr\u00e8s stylis\u00e9e et haut en couleurs, ce mod\u00e8le de technologie num\u00e9rique avanc\u00e9e sera s\u00fbrement vous combler de bonheur et de par sa taille trouvera sa place o\u00f9 bon vous semblera.<\/p>\n<p><em>Site Internet:<\/em> <a href=\"http:\/\/www.dali-speakers.com\/fr\/produits\/active\/dali-katch\/\" target=\"_blank\"><strong>Dali Speakers<\/strong><\/a><\/p>\n<p>N\u2019h\u00e9sitez pas \u00e0 prendre contact avec vos revendeurs et d\u00e9taillants de chaque marque pour une \u00e9coute des plus d\u00e9taill\u00e9s et un visuel \u00e9clatant.<\/p>\n<p><strong>NDLR<\/strong>\u00a0: Le <em>Yoyo<\/em> sera disponible d\u00e9but novembre au Canada et fin octobre pour le <em>Katch<\/em>.<\/p>\n<p><span style=\"border-radius: 2px; text-indent: 20px; width: auto; padding: 0px 4px 0px 0px; text-align: center; font: bold 11px\/20px 'Helvetica Neue',Helvetica,sans-serif; color: #ffffff; background: #bd081c no-repeat scroll 3px 50% \/ 14px 14px; position: absolute; opacity: 1; z-index: 8675309; display: none; cursor: pointer; top: 36px; left: 20px;\">Enregistrer<\/span><\/p>\n<p><span style=\"border-radius: 2px; text-indent: 20px; width: auto; padding: 0px 4px 0px 0px; text-align: center; font: bold 11px\/20px 'Helvetica Neue',Helvetica,sans-serif; color: #ffffff; background: #bd081c no-repeat scroll 3px 50% \/ 14px 14px; position: absolute; opacity: 1; z-index: 8675309; display: none; cursor: pointer; top: 36px; left: 20px;\">Enregistrer<\/span><\/p>\n<p><span style=\"border-radius: 2px; text-indent: 20px; width: auto; padding: 0px 4px 0px 0px; text-align: center; font: bold 11px\/20px 'Helvetica Neue',Helvetica,sans-serif; color: #ffffff; background: #bd081c no-repeat scroll 3px 50% \/ 14px 14px; position: absolute; opacity: 1; z-index: 8675309; display: none; cursor: pointer; top: 1110px; left: 20px;\">Enregistrer<\/span><\/p>\n<p><span style=\"border-radius: 2px; text-indent: 20px; width: auto; padding: 0px 4px 0px 0px; text-align: center; font: bold 11px\/20px 'Helvetica Neue',Helvetica,sans-serif; color: #ffffff; background: #bd081c no-repeat scroll 3px 50% \/ 14px 14px; position: absolute; opacity: 1; z-index: 8675309; display: none; cursor: pointer; top: 447px; left: 20px;\">Enregistrer<\/span><\/p>\n<p><span style=\"border-radius: 2px; text-indent: 20px; width: auto; padding: 0px 4px 0px 0px; text-align: center; font: bold 11px\/20px 'Helvetica Neue',Helvetica,sans-serif; color: #ffffff; background: #bd081c  no-repeat scroll 3px 50% \/ 14px 14px; position: absolute; opacity: 1; z-index: 8675309; display: none; cursor: pointer; top: 423px; left: 20px;\">Enregistrer<\/span><\/p>\n","protected":false},"excerpt":{"rendered":"<p>Tout d\u2019abord, commen\u00e7ons avec Cambridge Audio qui discontinue sa gamme d\u2019enceintes portatives Minx incluant\u00a0: Minx Go, Minx Go Radio et G2. Cette s\u00e9rie sera remplac\u00e9e par les mod\u00e8les Yoyo plus design, de style et de format diff\u00e9rents pour le bonheur des yeux et des oreilles. Site Internet: Cambridge Audio ********************************* \u00c9galement dans la s\u00e9rie des [&hellip;]<\/p>\n","protected":false},"author":10300,"featured_media":23216,"comment_status":"open","ping_status":"open","sticky":false,"template":"","format":"standard","meta":{"footnotes":""},"categories":[57,39],"tags":[],"class_list":["post-23215","post","type-post","status-publish","format-standard","has-post-thumbnail","hentry","category-haute-fidelite","category-actualite","entry","has-media"],"_links":{"self":[{"href":"https:\/\/www.tedpublications.com\/fr\/wp-json\/wp\/v2\/posts\/23215","targetHints":{"allow":["GET"]}}],"collection":[{"href":"https:\/\/www.tedpublications.com\/fr\/wp-json\/wp\/v2\/posts"}],"about":[{"href":"https:\/\/www.tedpublications.com\/fr\/wp-json\/wp\/v2\/types\/post"}],"author":[{"embeddable":true,"href":"https:\/\/www.tedpublications.com\/fr\/wp-json\/wp\/v2\/users\/10300"}],"replies":[{"embeddable":true,"href":"https:\/\/www.tedpublications.com\/fr\/wp-json\/wp\/v2\/comments?post=23215"}],"version-history":[{"count":0,"href":"https:\/\/www.tedpublications.com\/fr\/wp-json\/wp\/v2\/posts\/23215\/revisions"}],"wp:featuredmedia":[{"embeddable":true,"href":"https:\/\/www.tedpublications.com\/fr\/wp-json\/wp\/v2\/media\/23216"}],"wp:attachment":[{"href":"https:\/\/www.tedpublications.com\/fr\/wp-json\/wp\/v2\/media?parent=23215"}],"wp:term":[{"taxonomy":"category","embeddable":true,"href":"https:\/\/www.tedpublications.com\/fr\/wp-json\/wp\/v2\/categories?post=23215"},{"taxonomy":"post_tag","embeddable":true,"href":"https:\/\/www.tedpublications.com\/fr\/wp-json\/wp\/v2\/tags?post=23215"}],"curies":[{"name":"wp","href":"https:\/\/api.w.org\/{rel}","templated":true}]}}