{"id":20582,"date":"2014-09-30T22:58:48","date_gmt":"2014-09-30T22:58:48","guid":{"rendered":"http:\/\/www.tedpublications.com\/fr\/?p=20582"},"modified":"2014-09-30T23:02:44","modified_gmt":"2014-09-30T23:02:44","slug":"petition-contre-la-fermeture-des-conservatoires-de-musique-au-quebec","status":"publish","type":"post","link":"https:\/\/www.tedpublications.com\/fr\/petition-contre-la-fermeture-des-conservatoires-de-musique-au-quebec\/","title":{"rendered":"<!--:fr-->P\u00e9tition contre la fermeture des conservatoires de musique au Qu\u00e9bec<!--:-->"},"content":{"rendered":"<p><!--:fr--><a href=\"http:\/\/www.tedpublications.com\/fr\/wp-content\/uploads\/2014\/09\/orchestre_2014_09_301.jpg\"><img loading=\"lazy\" decoding=\"async\" class=\"alignnone size-full wp-image-20589\" alt=\"orchestre_2014_09_30\" src=\"http:\/\/www.tedpublications.com\/fr\/wp-content\/uploads\/2014\/09\/orchestre_2014_09_301.jpg\" width=\"645\" height=\"400\" srcset=\"https:\/\/www.tedpublications.com\/fr\/wp-content\/uploads\/2014\/09\/orchestre_2014_09_301.jpg 645w, https:\/\/www.tedpublications.com\/fr\/wp-content\/uploads\/2014\/09\/orchestre_2014_09_301-470x291.jpg 470w, https:\/\/www.tedpublications.com\/fr\/wp-content\/uploads\/2014\/09\/orchestre_2014_09_301-295x183.jpg 295w, https:\/\/www.tedpublications.com\/fr\/wp-content\/uploads\/2014\/09\/orchestre_2014_09_301-290x180.jpg 290w, https:\/\/www.tedpublications.com\/fr\/wp-content\/uploads\/2014\/09\/orchestre_2014_09_301-400x248.jpg 400w, https:\/\/www.tedpublications.com\/fr\/wp-content\/uploads\/2014\/09\/orchestre_2014_09_301-300x186.jpg 300w\" sizes=\"auto, (max-width: 645px) 100vw, 645px\" \/><\/a><\/p>\n<p>La p\u00e9tition est en ligne sur le site de l&rsquo;Assembl\u00e9e nationale du Qu\u00e9bec, contre les fermetures appr\u00e9hend\u00e9es de cinq conservatoires r\u00e9gionaux.<\/p>\n<p><strong>P\u00e9tition :<\/strong><br \/>\n<strong> Sauvegarde des conservatoires de musique en r\u00e9gion<\/strong><\/p>\n<div id=\"ctl00_ColCentre_ContenuColonneGauche_pnlIntro\">\n<p>Pour signer cette p\u00e9tition, vous devez compl\u00e9ter 3 \u00e9tapes\u00a0:<\/p>\n<ol>\n<li>\u00c9tape 1\u00a0: remplissez le formulaire sous le texte de la p\u00e9tition et envoyez-le (vous devez accepter les <strong>conditions \u00e0 respecter<\/strong> pour pouvoir\u00a0signer la p\u00e9tition\u00a0avant d\u2019envoyer le formulaire).<\/li>\n<li>\u00c9tape 2\u00a0: <strong>consultez votre bo\u00eete de courriels et ouvrez le message envoy\u00e9 par l\u2019Assembl\u00e9e<\/strong>.<\/li>\n<li>\u00c9tape 3\u00a0: dans ce message, cliquez sur le lien vous permettant d\u2019enregistrer votre signature.<\/li>\n<\/ol>\n<p>Vous ne pouvez signer\u00a0la m\u00eame p\u00e9tition qu\u2019une seule fois.<\/p>\n<\/div>\n<p><a href=\"https:\/\/www.assnat.qc.ca\/fr\/exprimez-votre-opinion\/petition\/Petition-4823\/index.html\" target=\"_blank\"><strong>https:\/\/www.assnat.qc.ca\/fr\/exprimez-votre-opinion\/petition\/Petition-4823\/index.html<\/strong><\/a><!--:--><\/p>\n","protected":false},"excerpt":{"rendered":"<p>La p\u00e9tition est en ligne sur le site de l&rsquo;Assembl\u00e9e nationale du Qu\u00e9bec, contre les fermetures appr\u00e9hend\u00e9es de cinq conservatoires r\u00e9gionaux. P\u00e9tition : Sauvegarde des conservatoires de musique en r\u00e9gion Pour signer cette p\u00e9tition, vous devez compl\u00e9ter 3 \u00e9tapes\u00a0: \u00c9tape 1\u00a0: remplissez le formulaire sous le texte de la p\u00e9tition et envoyez-le (vous devez accepter [&hellip;]<\/p>\n","protected":false},"author":1,"featured_media":20587,"comment_status":"open","ping_status":"open","sticky":false,"template":"","format":"standard","meta":{"footnotes":""},"categories":[57,39,53,59],"tags":[],"class_list":["post-20582","post","type-post","status-publish","format-standard","has-post-thumbnail","hentry","category-haute-fidelite","category-actualite","category-rythme-et-musique","category-vedette","entry","has-media"],"_links":{"self":[{"href":"https:\/\/www.tedpublications.com\/fr\/wp-json\/wp\/v2\/posts\/20582","targetHints":{"allow":["GET"]}}],"collection":[{"href":"https:\/\/www.tedpublications.com\/fr\/wp-json\/wp\/v2\/posts"}],"about":[{"href":"https:\/\/www.tedpublications.com\/fr\/wp-json\/wp\/v2\/types\/post"}],"author":[{"embeddable":true,"href":"https:\/\/www.tedpublications.com\/fr\/wp-json\/wp\/v2\/users\/1"}],"replies":[{"embeddable":true,"href":"https:\/\/www.tedpublications.com\/fr\/wp-json\/wp\/v2\/comments?post=20582"}],"version-history":[{"count":0,"href":"https:\/\/www.tedpublications.com\/fr\/wp-json\/wp\/v2\/posts\/20582\/revisions"}],"wp:featuredmedia":[{"embeddable":true,"href":"https:\/\/www.tedpublications.com\/fr\/wp-json\/wp\/v2\/media\/20587"}],"wp:attachment":[{"href":"https:\/\/www.tedpublications.com\/fr\/wp-json\/wp\/v2\/media?parent=20582"}],"wp:term":[{"taxonomy":"category","embeddable":true,"href":"https:\/\/www.tedpublications.com\/fr\/wp-json\/wp\/v2\/categories?post=20582"},{"taxonomy":"post_tag","embeddable":true,"href":"https:\/\/www.tedpublications.com\/fr\/wp-json\/wp\/v2\/tags?post=20582"}],"curies":[{"name":"wp","href":"https:\/\/api.w.org\/{rel}","templated":true}]}}