{"id":20479,"date":"2014-09-19T15:15:05","date_gmt":"2014-09-19T15:15:05","guid":{"rendered":"http:\/\/www.tedpublications.com\/fr\/?p=20479"},"modified":"2014-09-19T15:15:05","modified_gmt":"2014-09-19T15:15:05","slug":"le-nouvel-album-daran-le-monde-perdu","status":"publish","type":"post","link":"https:\/\/www.tedpublications.com\/fr\/le-nouvel-album-daran-le-monde-perdu\/","title":{"rendered":"<!--:fr-->Le nouvel album: Daran &#8211; Le monde perdu<!--:-->"},"content":{"rendered":"<p><!--:fr--><iframe loading=\"lazy\" src=\"\/\/www.youtube-nocookie.com\/embed\/iN_CrmWt54Y?rel=0\" height=\"390\" width=\"645\" allowfullscreen=\"\" frameborder=\"0\"><\/iframe><\/p>\n<h3><b>\u00a0Disponible le 14 octobre<\/b><\/h3>\n<p><b>Montr\u00e9al, septembre 2014 \u2013<\/b> <b>Daran<\/b> lancera le 14 octobre prochain son 8<sup>e<\/sup> album studio<i> Le Monde Perdu.<\/i><\/p>\n<p>Incontestablement son album le plus personnel et le plus accompli en carri\u00e8re, <i>Le monde perdu<\/i> est l\u2019album que <b>Daran<\/b> voulait faire depuis 15 ans. \u00ab Les maisons de disques ont toujours \u00e9t\u00e9 frileuses avec un projet comme celui l\u00e0, mais comme aujourd\u2019hui je n\u2019ai plus vraiment \u00e0 rendre de comptes sur mes choix artistiques, je l\u2019ai fait. Un album tout seul, enti\u00e8rement acoustique, guitare, voix et harmonica \u00bb.<\/p>\n<p><a href=\"http:\/\/www.tedpublications.com\/fr\/wp-content\/uploads\/2014\/09\/daran_monde_perdu_2014_09_19_2.jpg\"><img loading=\"lazy\" decoding=\"async\" class=\"alignnone size-full wp-image-20481\" alt=\"daran_monde_perdu_2014_09_19_2\" src=\"http:\/\/www.tedpublications.com\/fr\/wp-content\/uploads\/2014\/09\/daran_monde_perdu_2014_09_19_2.jpg\" width=\"1080\" height=\"720\" srcset=\"https:\/\/www.tedpublications.com\/fr\/wp-content\/uploads\/2014\/09\/daran_monde_perdu_2014_09_19_2.jpg 1080w, https:\/\/www.tedpublications.com\/fr\/wp-content\/uploads\/2014\/09\/daran_monde_perdu_2014_09_19_2-470x313.jpg 470w, https:\/\/www.tedpublications.com\/fr\/wp-content\/uploads\/2014\/09\/daran_monde_perdu_2014_09_19_2-647x431.jpg 647w, https:\/\/www.tedpublications.com\/fr\/wp-content\/uploads\/2014\/09\/daran_monde_perdu_2014_09_19_2-768x512.jpg 768w, https:\/\/www.tedpublications.com\/fr\/wp-content\/uploads\/2014\/09\/daran_monde_perdu_2014_09_19_2-1024x683.jpg 1024w, https:\/\/www.tedpublications.com\/fr\/wp-content\/uploads\/2014\/09\/daran_monde_perdu_2014_09_19_2-295x197.jpg 295w, https:\/\/www.tedpublications.com\/fr\/wp-content\/uploads\/2014\/09\/daran_monde_perdu_2014_09_19_2-272x182.jpg 272w, https:\/\/www.tedpublications.com\/fr\/wp-content\/uploads\/2014\/09\/daran_monde_perdu_2014_09_19_2-290x193.jpg 290w, https:\/\/www.tedpublications.com\/fr\/wp-content\/uploads\/2014\/09\/daran_monde_perdu_2014_09_19_2-300x200.jpg 300w\" sizes=\"auto, (max-width: 1080px) 100vw, 1080px\" \/><\/a><\/p>\n<p>Le premier extrait, <i>Gens du voyage<\/i>, est une chanson \u00e9mouvante, d\u2019une sensibilit\u00e9 touchante, qui parle du d\u00e9placement des populations et des cons\u00e9quences sur leurs vies quotidiennes.<\/p>\n<p>Toujours \u00e0 contre courant, <b>Daran<\/b> livre avec <i>Le monde perdu <\/i>un album \u00e9mouvant o\u00f9 tout est ramen\u00e9 \u00e0 l\u2019essentiel absolu. Les grandes chansons n\u2019ont pas besoin d\u2019artifice, elles vivent par une voix, une guitare et accessoirement ici, un harmonica.\u00a0 Et de grandes chansons, ce disque en est rempli. Album introspectif ponctu\u00e9 d\u2019ombre et de lumi\u00e8re,<i> Le Monde Perdu<\/i> offre un voyage sur des th\u00e8mes qui sont chers \u00e0 <b>Daran <\/b>: L\u2019immigration (L\u2019exil), les populations d\u00e9plac\u00e9es (Gens du voyage), les drames sociaux (Le bal des poulets), le tout dans une forme d\u00e9pouill\u00e9e qui place l\u2019\u00e9motion et la sensibilit\u00e9 au tout premier plan.<\/p>\n<p><a href=\"http:\/\/www.tedpublications.com\/fr\/wp-content\/uploads\/2014\/09\/daran_monde_perdu_2014_09_19_3.jpg\"><img loading=\"lazy\" decoding=\"async\" class=\"alignnone size-full wp-image-20482\" alt=\"daran_monde_perdu_2014_09_19_3\" src=\"http:\/\/www.tedpublications.com\/fr\/wp-content\/uploads\/2014\/09\/daran_monde_perdu_2014_09_19_3.jpg\" width=\"1080\" height=\"720\" srcset=\"https:\/\/www.tedpublications.com\/fr\/wp-content\/uploads\/2014\/09\/daran_monde_perdu_2014_09_19_3.jpg 1080w, https:\/\/www.tedpublications.com\/fr\/wp-content\/uploads\/2014\/09\/daran_monde_perdu_2014_09_19_3-470x313.jpg 470w, https:\/\/www.tedpublications.com\/fr\/wp-content\/uploads\/2014\/09\/daran_monde_perdu_2014_09_19_3-647x431.jpg 647w, https:\/\/www.tedpublications.com\/fr\/wp-content\/uploads\/2014\/09\/daran_monde_perdu_2014_09_19_3-768x512.jpg 768w, https:\/\/www.tedpublications.com\/fr\/wp-content\/uploads\/2014\/09\/daran_monde_perdu_2014_09_19_3-1024x683.jpg 1024w, https:\/\/www.tedpublications.com\/fr\/wp-content\/uploads\/2014\/09\/daran_monde_perdu_2014_09_19_3-295x197.jpg 295w, https:\/\/www.tedpublications.com\/fr\/wp-content\/uploads\/2014\/09\/daran_monde_perdu_2014_09_19_3-272x182.jpg 272w, https:\/\/www.tedpublications.com\/fr\/wp-content\/uploads\/2014\/09\/daran_monde_perdu_2014_09_19_3-290x193.jpg 290w, https:\/\/www.tedpublications.com\/fr\/wp-content\/uploads\/2014\/09\/daran_monde_perdu_2014_09_19_3-300x200.jpg 300w\" sizes=\"auto, (max-width: 1080px) 100vw, 1080px\" \/><\/a><\/p>\n<p>Enregistr\u00e9 et r\u00e9alis\u00e9 \u00e0 Montr\u00e9al par <b>Daran<\/b>, qu\u00e9b\u00e9cois d\u2019adoption et artiste inclassable, <i>Le monde perdu <\/i>prouve hors de tout doute qu\u2019il est un des grands auteurs-compositeurs de sa g\u00e9n\u00e9ration. <b>Daran<\/b> prendra la route d\u00e9but 2015 pour une longue s\u00e9rie de concerts au Canada et en Europe.<\/p>\n<p><b><a href=\"http:\/\/www.daran.ca\/\" target=\"_blank\">http:\/\/www.daran.ca\/<\/a><br \/>\n<a href=\"https:\/\/www.facebook.com\/daran.officiel?fref=ts\" target=\"_blank\">https:\/\/www.facebook.com\/daran.officiel?fref=ts<\/a><br \/>\n<a href=\"https:\/\/twitter.com\/DaranOfficiel\" target=\"_blank\">https:\/\/twitter.com\/DaranOfficiel<\/a><\/b><!--:--><\/p>\n","protected":false},"excerpt":{"rendered":"<p>\u00a0Disponible le 14 octobre Montr\u00e9al, septembre 2014 \u2013 Daran lancera le 14 octobre prochain son 8e album studio Le Monde Perdu. Incontestablement son album le plus personnel et le plus accompli en carri\u00e8re, Le monde perdu est l\u2019album que Daran voulait faire depuis 15 ans. \u00ab Les maisons de disques ont toujours \u00e9t\u00e9 frileuses avec [&hellip;]<\/p>\n","protected":false},"author":4,"featured_media":20483,"comment_status":"open","ping_status":"open","sticky":false,"template":"","format":"standard","meta":{"footnotes":""},"categories":[39,53],"tags":[],"class_list":["post-20479","post","type-post","status-publish","format-standard","has-post-thumbnail","hentry","category-actualite","category-rythme-et-musique","entry","has-media"],"_links":{"self":[{"href":"https:\/\/www.tedpublications.com\/fr\/wp-json\/wp\/v2\/posts\/20479","targetHints":{"allow":["GET"]}}],"collection":[{"href":"https:\/\/www.tedpublications.com\/fr\/wp-json\/wp\/v2\/posts"}],"about":[{"href":"https:\/\/www.tedpublications.com\/fr\/wp-json\/wp\/v2\/types\/post"}],"author":[{"embeddable":true,"href":"https:\/\/www.tedpublications.com\/fr\/wp-json\/wp\/v2\/users\/4"}],"replies":[{"embeddable":true,"href":"https:\/\/www.tedpublications.com\/fr\/wp-json\/wp\/v2\/comments?post=20479"}],"version-history":[{"count":0,"href":"https:\/\/www.tedpublications.com\/fr\/wp-json\/wp\/v2\/posts\/20479\/revisions"}],"wp:featuredmedia":[{"embeddable":true,"href":"https:\/\/www.tedpublications.com\/fr\/wp-json\/wp\/v2\/media\/20483"}],"wp:attachment":[{"href":"https:\/\/www.tedpublications.com\/fr\/wp-json\/wp\/v2\/media?parent=20479"}],"wp:term":[{"taxonomy":"category","embeddable":true,"href":"https:\/\/www.tedpublications.com\/fr\/wp-json\/wp\/v2\/categories?post=20479"},{"taxonomy":"post_tag","embeddable":true,"href":"https:\/\/www.tedpublications.com\/fr\/wp-json\/wp\/v2\/tags?post=20479"}],"curies":[{"name":"wp","href":"https:\/\/api.w.org\/{rel}","templated":true}]}}