{"id":20394,"date":"2014-09-13T04:11:06","date_gmt":"2014-09-13T04:11:06","guid":{"rendered":"http:\/\/www.tedpublications.com\/fr\/?p=20394"},"modified":"2014-09-13T04:11:06","modified_gmt":"2014-09-13T04:11:06","slug":"albin-de-la-simone-un-homme","status":"publish","type":"post","link":"https:\/\/www.tedpublications.com\/fr\/albin-de-la-simone-un-homme\/","title":{"rendered":"<!--:fr-->Albin de la Simone: Un homme<!--:-->"},"content":{"rendered":"<p><!--:fr--><iframe loading=\"lazy\" src=\"\/\/player.vimeo.com\/video\/86121289\" height=\"392\" width=\"665\" allowfullscreen=\"\"><\/iframe><\/p>\n<p><b>En tourn\u00e9e au Qu\u00e9bec cet automne<\/b><\/p>\n<p><b>EN SPECTACLE<\/b><\/p>\n<ul>\n<li><b>6 novembre<\/b> &#8211; Saint-Jean-sur-Richelieu \u2013 Cabaret-Th\u00e9\u00e2tre du Vieux St-Jean<\/li>\n<li><b>7 novembre<\/b> Montr\u00e9al \u2013 L\u2019Astral (<i>Coup de c\u0153ur francophone<\/i>)<\/li>\n<li><b>8 novembre<\/b> Toronto \u2013 Th\u00e9\u00e2tre de l\u2019Alliance Fran\u00e7aise de Toronto<\/li>\n<li><b>12 novembre<\/b> Qu\u00e9bec \u2013 Th\u00e9atre Petit Champlain<\/li>\n<li><b>13 novembre<\/b> Saint-J\u00e9r\u00f4me \u2013 Salle Antony-Lessard<\/li>\n<li><b>14 novembre<\/b> Gatineau \u2013 La Basoche<\/li>\n<li><b>15 novembre<\/b> Shawinigan \u2013 Maison de la culture Francis-Brisson<\/li>\n<\/ul>\n<p><a href=\"http:\/\/www.tedpublications.com\/fr\/wp-content\/uploads\/2014\/09\/Albin_de-_la_Simone_09_12_2014_1.jpg\"><img loading=\"lazy\" decoding=\"async\" class=\" wp-image-20396 alignleft\" alt=\"Albin_de-_la_Simone_09_12_2014_1\" src=\"http:\/\/www.tedpublications.com\/fr\/wp-content\/uploads\/2014\/09\/Albin_de-_la_Simone_09_12_2014_1.jpg\" width=\"270\" height=\"270\" srcset=\"https:\/\/www.tedpublications.com\/fr\/wp-content\/uploads\/2014\/09\/Albin_de-_la_Simone_09_12_2014_1.jpg 288w, https:\/\/www.tedpublications.com\/fr\/wp-content\/uploads\/2014\/09\/Albin_de-_la_Simone_09_12_2014_1-235x235.jpg 235w, https:\/\/www.tedpublications.com\/fr\/wp-content\/uploads\/2014\/09\/Albin_de-_la_Simone_09_12_2014_1-100x100.jpg 100w, https:\/\/www.tedpublications.com\/fr\/wp-content\/uploads\/2014\/09\/Albin_de-_la_Simone_09_12_2014_1-45x45.jpg 45w, https:\/\/www.tedpublications.com\/fr\/wp-content\/uploads\/2014\/09\/Albin_de-_la_Simone_09_12_2014_1-150x150.jpg 150w\" sizes=\"auto, (max-width: 270px) 100vw, 270px\" \/><\/a><b>Montr\u00e9al, septembre 2014 \u2013<\/b> On connait <b>Albin de la Simone<\/b> pour sa participation \u00e0 plusieurs reprises aux FrancoFolies mais aussi pour sa collaboration en tant que clavi\u00e9riste, arrangeur ou compositeur pour de nombreux artistes, de Arthur H \u00e0 Vanessa Paradis en passant par Alain Souchon, Pierre Lapointe et Iggy Pop. Cette ann\u00e9e, il nous fait l\u2019honneur de s\u2019arr\u00eater plus longtemps pour une tourn\u00e9e \u00e0 travers le Qu\u00e9bec. Sur sc\u00e8ne accompagn\u00e9 de son Wurlitzer, d\u2019une violoncelliste et d\u2019une violoniste, il nous pr\u00e9sente un spectacle enti\u00e8rement acoustique, intime, intense et enivrant o\u00f9 le public est invit\u00e9 \u00e0 entrer dans la bulle de l\u2019auteur-compositeur qui est clairement dans une classe \u00e0 part. Au programme, les pi\u00e8ces de son r\u00e9cent album \u00ab Un homme \u00bb qui a re\u00e7u un accueil dithyrambique de la presse fran\u00e7aise et qu\u00e9b\u00e9coise.<\/p>\n<p><strong><em>\u00c0 propos du spectacle :<\/em><\/strong><br \/>\n\u00ab \u2026Sa retenue a impos\u00e9 une qualit\u00e9 d\u2019\u00e9coute peu commune et une intimit\u00e9 qui existent rarement dans une salle de spectacle. Il a m\u00eame pouss\u00e9 l\u2019id\u00e9e jusqu\u2019\u00e0 interpr\u00e9ter Tu vas rire sans micro, avec pour seul accompagnement ce violoncelle et ce violon pas m\u00eame amplifi\u00e9s qui l\u2019avaient rejoint une quarantaine de minutes plus t\u00f4t. Les applaudissements de la fin \u00e9taient plus bruyants que le concert. Et amplement m\u00e9rit\u00e9s. Un chansonnier unique, un moment rare. \u00bb \u2013 LA PRESSE<\/p>\n<p>\u00ab \u2026le magn\u00e9tisme tranquille de l\u2019artiste, son humour subtil, sa fa\u00e7on de livrer ses textes de fa\u00e7on ressenti, sans jamais \u00eatre sur le pilote automatique. C\u2019est tout cela qui a contribu\u00e9 \u00e0 hypnotiser la foule, \u00e0 la pousser \u00e0 retenir son souffle pour ne rien manquer, mais \u00e0 \u00eatre incapable de retenir un rire \u00e0 l\u2019\u00e9coute des chansons pleines de sourire en coin et de tournures de phrases savoureuses, plusieurs tir\u00e9es du r\u00e9cent (et \u00e9mouvant) disque \u00abUn homme\u00bb, mais aussi des trois pr\u00e9c\u00e9dents disques du charmant chanteur. \u00bb \u2013 M\u00c9TRO<\/p>\n<p>\u00abSes compositions, simples et agr\u00e9ablement accompagn\u00e9es de cordes, s\u00e9duisent par leur l\u00e9g\u00e8ret\u00e9 \u00bb\u2013 LE DROIT<\/p>\n<p>\u00ab Bienvenue aux \u00e9motions pures \u00bb \u2013 24 HEURES<\/p>\n<p>\u00ab Dans la bulle d\u2019Albin. On avait envie de reprendre le m\u00eame titre que celui qui coiffait l\u2019entrevue qu\u2019il nous avait accord\u00e9e. Parce que c\u2019\u00e9tait pile \u00e7a. Une bulle, une belle en plus. Une confortable, une ronde, une charmante. \u00bb \u2013 LE DEVOIR<\/p>\n<p><a href=\"http:\/\/albindelasimone.com\/\" target=\"_blank\"><strong>http:\/\/albindelasimone.com\/<\/strong><\/a><br \/>\n<a href=\"https:\/\/www.facebook.com\/albindelasimone\" target=\"_blank\"><strong>https:\/\/www.facebook.com\/albindelasimone<\/strong><\/a><br \/>\n<a href=\"https:\/\/twitter.com\/AlbindelaSimone\" target=\"_blank\"><strong>https:\/\/twitter.com\/AlbindelaSimone<\/strong><\/a><!--:--><\/p>\n","protected":false},"excerpt":{"rendered":"<p>En tourn\u00e9e au Qu\u00e9bec cet automne EN SPECTACLE 6 novembre &#8211; Saint-Jean-sur-Richelieu \u2013 Cabaret-Th\u00e9\u00e2tre du Vieux St-Jean 7 novembre Montr\u00e9al \u2013 L\u2019Astral (Coup de c\u0153ur francophone) 8 novembre Toronto \u2013 Th\u00e9\u00e2tre de l\u2019Alliance Fran\u00e7aise de Toronto 12 novembre Qu\u00e9bec \u2013 Th\u00e9atre Petit Champlain 13 novembre Saint-J\u00e9r\u00f4me \u2013 Salle Antony-Lessard 14 novembre Gatineau \u2013 La Basoche [&hellip;]<\/p>\n","protected":false},"author":4,"featured_media":20397,"comment_status":"open","ping_status":"open","sticky":false,"template":"","format":"standard","meta":{"footnotes":""},"categories":[39,53],"tags":[],"class_list":["post-20394","post","type-post","status-publish","format-standard","has-post-thumbnail","hentry","category-actualite","category-rythme-et-musique","entry","has-media"],"_links":{"self":[{"href":"https:\/\/www.tedpublications.com\/fr\/wp-json\/wp\/v2\/posts\/20394","targetHints":{"allow":["GET"]}}],"collection":[{"href":"https:\/\/www.tedpublications.com\/fr\/wp-json\/wp\/v2\/posts"}],"about":[{"href":"https:\/\/www.tedpublications.com\/fr\/wp-json\/wp\/v2\/types\/post"}],"author":[{"embeddable":true,"href":"https:\/\/www.tedpublications.com\/fr\/wp-json\/wp\/v2\/users\/4"}],"replies":[{"embeddable":true,"href":"https:\/\/www.tedpublications.com\/fr\/wp-json\/wp\/v2\/comments?post=20394"}],"version-history":[{"count":0,"href":"https:\/\/www.tedpublications.com\/fr\/wp-json\/wp\/v2\/posts\/20394\/revisions"}],"wp:featuredmedia":[{"embeddable":true,"href":"https:\/\/www.tedpublications.com\/fr\/wp-json\/wp\/v2\/media\/20397"}],"wp:attachment":[{"href":"https:\/\/www.tedpublications.com\/fr\/wp-json\/wp\/v2\/media?parent=20394"}],"wp:term":[{"taxonomy":"category","embeddable":true,"href":"https:\/\/www.tedpublications.com\/fr\/wp-json\/wp\/v2\/categories?post=20394"},{"taxonomy":"post_tag","embeddable":true,"href":"https:\/\/www.tedpublications.com\/fr\/wp-json\/wp\/v2\/tags?post=20394"}],"curies":[{"name":"wp","href":"https:\/\/api.w.org\/{rel}","templated":true}]}}