{"id":20232,"date":"2014-09-04T20:05:56","date_gmt":"2014-09-04T20:05:56","guid":{"rendered":"http:\/\/www.tedpublications.com\/fr\/?p=20232"},"modified":"2014-09-04T20:05:56","modified_gmt":"2014-09-04T20:05:56","slug":"sennheiser-intrtoduit-les-casques-decoute-urbanite","status":"publish","type":"post","link":"https:\/\/www.tedpublications.com\/fr\/sennheiser-intrtoduit-les-casques-decoute-urbanite\/","title":{"rendered":"<!--:fr-->Sennheiser intrtoduit les casques d\u2019\u00e9coute URBANITE <!--:-->"},"content":{"rendered":"<p><!--:fr--><\/p>\n<h2 align=\"left\"><strong>Laissez vos oreilles conna\u00eetre l\u2019amour <\/strong><\/h2>\n<p align=\"left\"><b>Pointe-Claire (Qu\u00e9bec) Canada, le 4 septembre 2014 <\/b>\u2013 laissez vos oreilles conna\u00eetre l\u2019amour\u00a0: les nouveaux casques d\u2019\u00e9coute <em>URBANITE<\/em> de <strong>Sennheise<\/strong>r vous feront d\u00e9couvrir la nouvelle sonorit\u00e9 du style urbain, ajoutant \u00e0 vos d\u00e9placements les graves intenses d\u2019une soir\u00e9e \u00e0 la discoth\u00e8que. La nouvelle gamme de casques d\u2019\u00e9coute nomades de la firme sp\u00e9cialis\u00e9e en \u00e9lectroacoustique, qui comprend le casque supraaural URBANITE et le circumaural URBANITE\u00a0XL, offre de puissants graves, mais sans trahir l\u2019expertise sonore sans compromis de <strong>Sennheiser<\/strong> qui assure une excellente clart\u00e9 sur toute la gamme des fr\u00e9quences.<\/p>\n<p align=\"left\">\u00ab\u00a0Les casques d\u2019\u00e9coute <em>URBANITE<\/em> de <strong>Sennheiser<\/strong> s\u2019adressent aux enfants du mill\u00e9naire qui en savent plus et exigent davantage. Ils aiment que leur musique ait du poids et ils aiment bien para\u00eetre, mais ce sont des consommateurs avis\u00e9s qui ne feront pas de compromis quant \u00e0 la qualit\u00e9. Ils veulent de la puissance dans le grave, mais ils veulent que ce soit bien fait. Le casque <em>URBANITE<\/em> de <strong>Sennheiser<\/strong> r\u00e9pond \u00e0 ces exigences,\u00a0\u00bb d\u00e9clare <strong>Tim Voelker<\/strong>, directeur des ventes et du marketing des produits d\u2019\u00e9lectronique grand public pour<strong> Sennheiser<\/strong> <em>Communications A\/S<\/em>. \u00ab\u00a0Nous apportons quelque chose de frais et de nouveau qui remplira enfin les attentes de ce public exigeant, et nous d\u00e9marrerons le battage m\u00e9diatique pour la gamme <em>URBANITE<\/em> par le biais d\u2019une effervescente campagne dans les m\u00e9dias sociaux cet automne, sous le th\u00e8me \u201cLaissez vos oreilles conna\u00eetre l\u2019amour\u201d.\u00a0\u00bb<\/p>\n<p align=\"left\"><a href=\"http:\/\/www.tedpublications.com\/fr\/wp-content\/uploads\/2014\/09\/Sennheiser_urbanite_2.jpg\"><img loading=\"lazy\" decoding=\"async\" class=\"alignnone size-full wp-image-20235\" alt=\"Sennheiser_urbanite_2\" src=\"http:\/\/www.tedpublications.com\/fr\/wp-content\/uploads\/2014\/09\/Sennheiser_urbanite_2.jpg\" width=\"645\" height=\"441\" srcset=\"https:\/\/www.tedpublications.com\/fr\/wp-content\/uploads\/2014\/09\/Sennheiser_urbanite_2.jpg 645w, https:\/\/www.tedpublications.com\/fr\/wp-content\/uploads\/2014\/09\/Sennheiser_urbanite_2-470x321.jpg 470w, https:\/\/www.tedpublications.com\/fr\/wp-content\/uploads\/2014\/09\/Sennheiser_urbanite_2-295x202.jpg 295w, https:\/\/www.tedpublications.com\/fr\/wp-content\/uploads\/2014\/09\/Sennheiser_urbanite_2-400x273.jpg 400w, https:\/\/www.tedpublications.com\/fr\/wp-content\/uploads\/2014\/09\/Sennheiser_urbanite_2-116x80.jpg 116w, https:\/\/www.tedpublications.com\/fr\/wp-content\/uploads\/2014\/09\/Sennheiser_urbanite_2-290x198.jpg 290w, https:\/\/www.tedpublications.com\/fr\/wp-content\/uploads\/2014\/09\/Sennheiser_urbanite_2-300x205.jpg 300w\" sizes=\"auto, (max-width: 645px) 100vw, 645px\" \/><\/a><\/p>\n<p align=\"left\">\u00ab\u00a0Avec la gamme <em>URBANITE<\/em> de <strong>Sennheiser<\/strong>, nous avons cr\u00e9\u00e9 une s\u00e9rie de casques d\u2019\u00e9coute incroyablement robustes, avec des pi\u00e8ces m\u00e9talliques et des mat\u00e9riaux durables de haute qualit\u00e9 qui, tout comme leur sonorit\u00e9, les distinguent des autres casques d\u2019\u00e9coute \u00e0 la mode. Avec un type de charni\u00e8res unique qui les rend faciles \u00e0 transporter, les casques de la gamme <em>URBANITE<\/em> de Sennheiser sont vraiment pr\u00eats \u00e0 vivre dans la rue,\u00a0\u00bb nous dit le D<sup>r<\/sup> <strong>Christian Ern<\/strong>, directeur de la gestion des produits \u00e9lectroniques grand public chez <strong>Sennheiser<\/strong> <em>Communications A\/S<\/em>.<\/p>\n<p align=\"left\">La gamme <em>URBANITE<\/em> est con\u00e7ue pour que ses utilisateurs restent branch\u00e9s m\u00eame dans leurs d\u00e9placements, gr\u00e2ce au microphone et \u00e0 la commande au c\u00e2ble qui leur permet de prendre leurs appels et contr\u00f4ler la musique sur leur tablette ou leur t\u00e9l\u00e9phone intelligent, avec des versions distinctes pour les appareils <em>Apple iOS<\/em>, <em>Windows<\/em> ou <em>Android<\/em>, comme les mod\u00e8les <em>Galaxy <\/em>de<em> Samsung<\/em>.<\/p>\n<p align=\"left\"><a href=\"http:\/\/www.tedpublications.com\/fr\/wp-content\/uploads\/2014\/09\/Sennheiser_urbanite_1.jpg\"><img loading=\"lazy\" decoding=\"async\" class=\"alignnone size-full wp-image-20236\" alt=\"Sennheiser_urbanite_1\" src=\"http:\/\/www.tedpublications.com\/fr\/wp-content\/uploads\/2014\/09\/Sennheiser_urbanite_1.jpg\" width=\"643\" height=\"544\" srcset=\"https:\/\/www.tedpublications.com\/fr\/wp-content\/uploads\/2014\/09\/Sennheiser_urbanite_1.jpg 643w, https:\/\/www.tedpublications.com\/fr\/wp-content\/uploads\/2014\/09\/Sennheiser_urbanite_1-470x398.jpg 470w, https:\/\/www.tedpublications.com\/fr\/wp-content\/uploads\/2014\/09\/Sennheiser_urbanite_1-295x250.jpg 295w, https:\/\/www.tedpublications.com\/fr\/wp-content\/uploads\/2014\/09\/Sennheiser_urbanite_1-300x254.jpg 300w, https:\/\/www.tedpublications.com\/fr\/wp-content\/uploads\/2014\/09\/Sennheiser_urbanite_1-400x338.jpg 400w, https:\/\/www.tedpublications.com\/fr\/wp-content\/uploads\/2014\/09\/Sennheiser_urbanite_1-290x245.jpg 290w\" sizes=\"auto, (max-width: 643px) 100vw, 643px\" \/><\/a><\/p>\n<p align=\"left\">La gamme des couleurs offertes comprend le noir et le denim pour tous les mod\u00e8les (tant <em>Apple<\/em> que <em>Samsung<\/em>), et des variantes sable, nation et prune pour la version iOS de l\u2019<em>URBANITE<\/em>, tandis que la version iOS de l\u2019<em>URBANITE\u00a0XL<\/em> se fait en sable, nation et olive. Les charni\u00e8res d\u2019acier inoxydable viennent ajouter une touche saisissante de style urbain robuste aux d\u00e9tails plut\u00f4t cool du design, tel le recouvrement de l\u2019arceau aux couleurs coordonn\u00e9es. Cependant, l\u2019utilisation de m\u00e9tal, pour les charni\u00e8res de qualit\u00e9 sup\u00e9rieure et les robustes glissi\u00e8res d\u2019aluminium, donne \u00e0 ces casques un style fait pour durer.<\/p>\n<p align=\"left\">Les glissi\u00e8res et charni\u00e8res durables travaillent de concert avec les coussinets d\u2019oreille d\u2019une grande souplesse pour isoler l\u2019utilisateur des bruits ext\u00e9rieurs, et lui offrir un grand confort pour un plaisir d\u2019\u00e9coute qui s\u2019\u00e9tire m\u00eame pour de longues p\u00e9riodes. Avec ses coussinets de plus grande dimension, le casque d\u2019\u00e9coute <em>URBANITE\u00a0XL<\/em> de <strong>Sennheiser<\/strong> procure un niveau de confort encore plus \u00e9lev\u00e9.<\/p>\n<p align=\"left\">Pour une plus grande tranquillit\u00e9 d\u2019esprit, tous les casques <em>URBANITE<\/em> sont livr\u00e9s avec une pochette de rangement souple qui les prot\u00e8ge, et sont aussi couverts par une garantie internationale de 2 ans.<\/p>\n<p align=\"left\">Vous trouverez toute l\u2019information la plus r\u00e9cente sur <strong>Sennheiser<\/strong> en visitant notre site web au <strong><a href=\"http:\/\/www.sennheiser.ca\" target=\"_blank\">www.sennheiser.ca<\/a><\/strong><\/p>\n<p><!--:--><\/p>\n","protected":false},"excerpt":{"rendered":"<p>Laissez vos oreilles conna\u00eetre l\u2019amour Pointe-Claire (Qu\u00e9bec) Canada, le 4 septembre 2014 \u2013 laissez vos oreilles conna\u00eetre l\u2019amour\u00a0: les nouveaux casques d\u2019\u00e9coute URBANITE de Sennheiser vous feront d\u00e9couvrir la nouvelle sonorit\u00e9 du style urbain, ajoutant \u00e0 vos d\u00e9placements les graves intenses d\u2019une soir\u00e9e \u00e0 la discoth\u00e8que. La nouvelle gamme de casques d\u2019\u00e9coute nomades de la [&hellip;]<\/p>\n","protected":false},"author":1,"featured_media":20234,"comment_status":"open","ping_status":"open","sticky":false,"template":"","format":"standard","meta":{"footnotes":""},"categories":[57,39,59],"tags":[],"class_list":["post-20232","post","type-post","status-publish","format-standard","has-post-thumbnail","hentry","category-haute-fidelite","category-actualite","category-vedette","entry","has-media"],"_links":{"self":[{"href":"https:\/\/www.tedpublications.com\/fr\/wp-json\/wp\/v2\/posts\/20232","targetHints":{"allow":["GET"]}}],"collection":[{"href":"https:\/\/www.tedpublications.com\/fr\/wp-json\/wp\/v2\/posts"}],"about":[{"href":"https:\/\/www.tedpublications.com\/fr\/wp-json\/wp\/v2\/types\/post"}],"author":[{"embeddable":true,"href":"https:\/\/www.tedpublications.com\/fr\/wp-json\/wp\/v2\/users\/1"}],"replies":[{"embeddable":true,"href":"https:\/\/www.tedpublications.com\/fr\/wp-json\/wp\/v2\/comments?post=20232"}],"version-history":[{"count":0,"href":"https:\/\/www.tedpublications.com\/fr\/wp-json\/wp\/v2\/posts\/20232\/revisions"}],"wp:featuredmedia":[{"embeddable":true,"href":"https:\/\/www.tedpublications.com\/fr\/wp-json\/wp\/v2\/media\/20234"}],"wp:attachment":[{"href":"https:\/\/www.tedpublications.com\/fr\/wp-json\/wp\/v2\/media?parent=20232"}],"wp:term":[{"taxonomy":"category","embeddable":true,"href":"https:\/\/www.tedpublications.com\/fr\/wp-json\/wp\/v2\/categories?post=20232"},{"taxonomy":"post_tag","embeddable":true,"href":"https:\/\/www.tedpublications.com\/fr\/wp-json\/wp\/v2\/tags?post=20232"}],"curies":[{"name":"wp","href":"https:\/\/api.w.org\/{rel}","templated":true}]}}