{"id":18752,"date":"2014-04-16T10:11:25","date_gmt":"2014-04-16T14:11:25","guid":{"rendered":"http:\/\/www.tedpublications.com\/fr\/?p=18752"},"modified":"2014-04-16T10:11:25","modified_gmt":"2014-04-16T14:11:25","slug":"gloria-messe-jazz-mass-sylvain-picard","status":"publish","type":"post","link":"https:\/\/www.tedpublications.com\/fr\/gloria-messe-jazz-mass-sylvain-picard\/","title":{"rendered":"Gloria \u00abmesse-jazz-mass\u00bb Sylvain Picard"},"content":{"rendered":"<p><a href=\"http:\/\/www.tedpublications.com\/fr\/actualite\/gloria-messe-jazz-mass-sylvain-picard\/attachment\/sylvain_picard_04_2014\/\" rel=\"attachment wp-att-18755\"><img loading=\"lazy\" decoding=\"async\" class=\"size-full wp-image-18755 aligncenter\" style=\"border: 0px none;\" alt=\"Sylvain_Picard_04_2014\" src=\"http:\/\/www.tedpublications.com\/fr\/wp-content\/uploads\/2014\/04\/Sylvain_Picard_04_2014.jpg\" width=\"590\" height=\"393\" \/><\/a><\/p>\n<p><strong>Sylvain Picard<\/strong> est un compositeur-guitariste \u00e9tabli \u00e0 Montr\u00e9al. Il compose des musiques humaines : du cin\u00e9ma pour les oreilles.<\/p>\n<p>On peu l&rsquo;\u00e9couter improviser sur ses compos en <strong><a href=\"http:\/\/sylvainpicard.com\/sylvain-en-solo\" target=\"_blank\">solo<\/a><\/strong> avec ses p\u00e9dales de <i>loop<\/i>; faire la f\u00eate au r\u00e9pertoire du terroir qu\u00e9b\u00e9cois<i>\u00a0<\/i>avec ses complices de <strong><a href=\"http:\/\/sylvainpicard.com\/pic-et-les-blancs-de-memoire\" target=\"_blank\">Pic et les blancs de m\u00e9moire<\/a><\/strong>;\u00a0cr\u00e9er des univers braques et ludiques avec son bringuebalant <a href=\"http:\/\/sylvainpicard.com\/trio-sylvain-picard\" target=\"_blank\">trio<\/a>;\u00a0ou encore interpr\u00e9tant les couleurs clairs-obscurs de sa messe-jazz <strong><a href=\"http:\/\/sylvainpicard.com\/gloria\" target=\"_blank\">Gloria<\/a><\/strong>.<\/p>\n<p><iframe loading=\"lazy\" src=\"\/\/www.youtube-nocookie.com\/embed\/hxayeKqbnqc?list=PLILoP0sNe2yyIaQXZFu20SgHcHwrTmqc9\" height=\"400\" width=\"590\" allowfullscreen=\"\" frameborder=\"0\"><\/iframe><\/p>\n<p><a href=\"http:\/\/sylvainpicard.com\/gloria\" target=\"_blank\"><b>Gloria<\/b><\/a>\u00a0en concert le\u00a0<b>jeudi 24 avril \u00e0 20h<\/b> \u00e0 la<b>\u00a0<\/b>Maison de la Culture du Plateau-Mont-Royal (465, avenue du Mont-Royal Est \u00e0 Montr\u00e9al)<\/p>\n<p><b>Sylvain Picard<\/b> \u2013 compositions et guitare<br \/>\n<b>Yannick Rieu<\/b> \u2013 saxophones t\u00e9nor et soprano<br \/>\n<b>Maxime St-Pierre<\/b> \u2013 trompette et flugelhorn<br \/>\n<b>Adrian Vedady<\/b> \u2013 contrebasse<\/p>\n<p><b>Concert <\/b><br \/>\nGloria c&rsquo;est une ode musicale qui c\u00e9l\u00e8bre la vie en 10 tableaux. Dans cette composition originale, j&rsquo;ai voulu y d\u00e9peindre plusieurs sc\u00e8nes de l&rsquo;aventure humaine : la bouff\u00e9e d&rsquo;air natale; l&rsquo;originelle douleur indicible; l&rsquo;\u00e9merveillement devant une nature lumineuse qui palpite; le peuple qui se r\u00e9unit et chante en coeur notre condition humaine; la f\u00eate sous une temp\u00eate de ciel bleu; le recueillement pour acc\u00e9der \u00e0 l&rsquo;essentiel; la silencieuse contemplation du lever du soleil; le regard des amoureux qui se retrouvent; l&rsquo;espoir en des lendemains souriant. Interpr\u00e9t\u00e9e par quatre jazzmen hors pair, Gloria offre un concert inspirant et vivifiant !<br \/>\n<b><br \/>\n<\/b><a href=\"http:\/\/sylvainpicard.com\/gloria\" target=\"_blank\"><strong>http:\/\/sylvainpicard.com\/gloria<\/strong><\/a><\/p>\n","protected":false},"excerpt":{"rendered":"<p>Sylvain Picard est un compositeur-guitariste \u00e9tabli \u00e0 Montr\u00e9al. Il compose des musiques humaines : du cin\u00e9ma pour les oreilles. On peu l&rsquo;\u00e9couter improviser sur ses compos en solo avec ses p\u00e9dales de loop; faire la f\u00eate au r\u00e9pertoire du terroir qu\u00e9b\u00e9cois\u00a0avec ses complices de Pic et les blancs de m\u00e9moire;\u00a0cr\u00e9er des univers braques et ludiques [&hellip;]<\/p>\n","protected":false},"author":38,"featured_media":0,"comment_status":"open","ping_status":"closed","sticky":false,"template":"","format":"standard","meta":{"footnotes":""},"categories":[39,53],"tags":[],"class_list":["post-18752","post","type-post","status-publish","format-standard","hentry","category-actualite","category-rythme-et-musique","entry"],"_links":{"self":[{"href":"https:\/\/www.tedpublications.com\/fr\/wp-json\/wp\/v2\/posts\/18752","targetHints":{"allow":["GET"]}}],"collection":[{"href":"https:\/\/www.tedpublications.com\/fr\/wp-json\/wp\/v2\/posts"}],"about":[{"href":"https:\/\/www.tedpublications.com\/fr\/wp-json\/wp\/v2\/types\/post"}],"author":[{"embeddable":true,"href":"https:\/\/www.tedpublications.com\/fr\/wp-json\/wp\/v2\/users\/38"}],"replies":[{"embeddable":true,"href":"https:\/\/www.tedpublications.com\/fr\/wp-json\/wp\/v2\/comments?post=18752"}],"version-history":[{"count":0,"href":"https:\/\/www.tedpublications.com\/fr\/wp-json\/wp\/v2\/posts\/18752\/revisions"}],"wp:attachment":[{"href":"https:\/\/www.tedpublications.com\/fr\/wp-json\/wp\/v2\/media?parent=18752"}],"wp:term":[{"taxonomy":"category","embeddable":true,"href":"https:\/\/www.tedpublications.com\/fr\/wp-json\/wp\/v2\/categories?post=18752"},{"taxonomy":"post_tag","embeddable":true,"href":"https:\/\/www.tedpublications.com\/fr\/wp-json\/wp\/v2\/tags?post=18752"}],"curies":[{"name":"wp","href":"https:\/\/api.w.org\/{rel}","templated":true}]}}