{"id":18694,"date":"2014-04-10T10:17:43","date_gmt":"2014-04-10T14:17:43","guid":{"rendered":"http:\/\/www.tedpublications.com\/fr\/?p=18694"},"modified":"2014-04-10T10:17:43","modified_gmt":"2014-04-10T14:17:43","slug":"programmation-du-diese-onze-jazz-restaurant-du-10-au-16-avril","status":"publish","type":"post","link":"https:\/\/www.tedpublications.com\/fr\/programmation-du-diese-onze-jazz-restaurant-du-10-au-16-avril\/","title":{"rendered":"Programmation du Di\u00e8se Onze Jazz &#038; Restaurant du 10 au 16 avril"},"content":{"rendered":"<p style=\"text-align: center;\"><a href=\"http:\/\/www.tedpublications.com\/fr\/actualite\/au-dieze-onze-periode-du-22-au-26-fevrier-2014\/attachment\/dieze_onze_bar_jazz_02_2014\/\" rel=\"attachment wp-att-17740\"><img loading=\"lazy\" decoding=\"async\" class=\"wp-image-17740 aligncenter\" style=\"border: 0px none;\" alt=\"dieze_onze_bar_jazz_02_2014\" src=\"http:\/\/www.tedpublications.com\/fr\/wp-content\/uploads\/2014\/02\/dieze_onze_bar_jazz_02_2014.jpg\" width=\"590\" height=\"443\" \/><\/a><\/p>\n<p>Bonjour,<\/p>\n<p>Voici la programmation du Di\u00e8se Onze Jazz &amp; Restaurant pour la p\u00e9riode<br \/>\ndu 10 au 16 avril.<\/p>\n<p>Ce soir jeudi 10\/04 \u00e0 18h00<br \/>\n<strong>6 \u00e0 8 avec Christine Tassan et ses invit\u00e9s <\/strong>(jazz manouche)<\/p>\n<p>Ce soir jeudi 10\/04 \u00e0 20h30<br \/>\n<strong>Jean-Pierre Zanella invite Rafael Zaldivar, R\u00e9mi Jean Leblanc\u00a0et Rich Irwin<\/strong> (jazz)<\/p>\n<p>Vendredi 11\/04 \u00e0 18h00<br \/>\n<strong>6 \u00e0 8 avec Nomad O Swing, Michel St-Pierre, Jonathan Charbonneau,<br \/>\nClaude Kauffman et Daniel Labrosse<\/strong> (jazz manouche)<\/p>\n<p>Vendredi 11\/04 \u00e0 20h30<br \/>\n<strong>Samuel Blais Quartet avec Paul Shrofel, Fraser Hollins et Robbie Kuster<\/strong> (jazz)<\/p>\n<p>Samedi 12\/04 \u00e0 18h00<br \/>\n<strong>6 \u00e0 8, Simon Pag\u00e9 invite\u00a0<\/strong><strong>Nick Di Giovanni<\/strong>\u00a0et Al Bourgeois (jazz)<\/p>\n<p>Samedi 12\/04 \u00e0 20h30<br \/>\n<strong>Fr\u00e9d\u00e9ric Alarie Quartet &#8211; Hommage \u00e0 la musique de J. Abercrombi<br \/>\n&#8211; avec Greg Amirault, Jacque Kuba Seguin et Camil Belisle <\/strong>(jazz)<\/p>\n<p>Dimanche 13\/04 \u00e0 21h00<br \/>\n<strong>\u00c0 confirmer <\/strong>(jazz)<\/p>\n<p>Lundi 14\/04 \u00e0 21h00<br \/>\n<strong>Les lundis latins avec Trabuco Habanero<\/strong> (jazz latin)<\/p>\n<p>Mardi 15\/04 \u00e0 18h00<br \/>\n<strong>6 \u00e0 8, Les Combos de l&rsquo;UDM<\/strong> (jazz)<\/p>\n<p>Mardi 15\/04 \u00e0 21h00<br \/>\n<strong>Jam Session anim\u00e9 par Alex Bellegarde Trio et invit\u00e9 : Giovany Arteaga<\/strong> (jazz)<\/p>\n<p>Mercredi 16\/04 \u00e0 18h00<br \/>\n<strong>6 \u00e0 8 avec Eclectic Django, Fran\u00e7ois Rousseau, Michael Cotnoir<br \/>\net Mark Peetsma<\/strong> (jazz manouche)<\/p>\n<p>Mercredi 16\/04 \u00e0 21h00<br \/>\n<strong>Soul Therapy avec The Brooks et invit\u00e9 : James Correa &#8211; The Brooks :<br \/>\nAlexandre Lapointe, Philippe Look, Marc Bell, Maxime Bellavance,<br \/>\nS\u00e9bastien Grenier et Daniel Thouin<\/strong> (jazz soul)<\/p>\n<p><em>Bon jazz !<\/em><\/p>\n<p><b>Di\u00e8se Onze Jazz &amp; Restaurant<\/b><br \/>\n4115-A, St-Denis, Montr\u00e9al, Quebec, H2W 2M7, Canada<br \/>\n<strong><a href=\"mailto:info@dieseonze.com\" target=\"_blank\">info@dieseonze.com<\/a><\/strong><br \/>\n<strong><a href=\"http:\/\/www.dieseonze.com\" target=\"_blank\">http:\/\/www.dieseonze.com<\/a><\/strong><\/p>\n","protected":false},"excerpt":{"rendered":"<p>Bonjour, Voici la programmation du Di\u00e8se Onze Jazz &amp; Restaurant pour la p\u00e9riode du 10 au 16 avril. Ce soir jeudi 10\/04 \u00e0 18h00 6 \u00e0 8 avec Christine Tassan et ses invit\u00e9s (jazz manouche) Ce soir jeudi 10\/04 \u00e0 20h30 Jean-Pierre Zanella invite Rafael Zaldivar, R\u00e9mi Jean Leblanc\u00a0et Rich Irwin (jazz) Vendredi 11\/04 \u00e0 [&hellip;]<\/p>\n","protected":false},"author":38,"featured_media":0,"comment_status":"open","ping_status":"closed","sticky":false,"template":"","format":"standard","meta":{"footnotes":""},"categories":[39,53],"tags":[],"class_list":["post-18694","post","type-post","status-publish","format-standard","hentry","category-actualite","category-rythme-et-musique","entry"],"_links":{"self":[{"href":"https:\/\/www.tedpublications.com\/fr\/wp-json\/wp\/v2\/posts\/18694","targetHints":{"allow":["GET"]}}],"collection":[{"href":"https:\/\/www.tedpublications.com\/fr\/wp-json\/wp\/v2\/posts"}],"about":[{"href":"https:\/\/www.tedpublications.com\/fr\/wp-json\/wp\/v2\/types\/post"}],"author":[{"embeddable":true,"href":"https:\/\/www.tedpublications.com\/fr\/wp-json\/wp\/v2\/users\/38"}],"replies":[{"embeddable":true,"href":"https:\/\/www.tedpublications.com\/fr\/wp-json\/wp\/v2\/comments?post=18694"}],"version-history":[{"count":0,"href":"https:\/\/www.tedpublications.com\/fr\/wp-json\/wp\/v2\/posts\/18694\/revisions"}],"wp:attachment":[{"href":"https:\/\/www.tedpublications.com\/fr\/wp-json\/wp\/v2\/media?parent=18694"}],"wp:term":[{"taxonomy":"category","embeddable":true,"href":"https:\/\/www.tedpublications.com\/fr\/wp-json\/wp\/v2\/categories?post=18694"},{"taxonomy":"post_tag","embeddable":true,"href":"https:\/\/www.tedpublications.com\/fr\/wp-json\/wp\/v2\/tags?post=18694"}],"curies":[{"name":"wp","href":"https:\/\/api.w.org\/{rel}","templated":true}]}}