{"id":18060,"date":"2009-05-28T16:30:15","date_gmt":"2009-05-28T16:30:15","guid":{"rendered":"http:\/\/www.tedpublications.com\/fr\/?p=1123"},"modified":"2009-05-28T16:30:15","modified_gmt":"2009-05-28T16:30:15","slug":"naive-innove-en-bloguant","status":"publish","type":"post","link":"https:\/\/www.tedpublications.com\/fr\/naive-innove-en-bloguant\/","title":{"rendered":"<!--:fr-->Naive innove en bloguant<!--:-->"},"content":{"rendered":"<p><!--:fr--><em>Cliquez sur la photo pour l&rsquo;agrandir.<\/em><\/p>\n<p><strong>Montr\u00e9al, le 29 mai 2009 <\/strong>&#8211; Le groupe rock  francophone NAIVE lance aujourd&rsquo;hui son blogue qui rencontera l&rsquo;aventure  de la production de leur premier album pr\u00e9vu pour l&rsquo;autommne 2009.<\/p>\n<p>Afin de supporter leur premier extrait radio, LA CHUTE, lanc\u00e9 en  d\u00e9but de semaine derni\u00e8re, le groupe y diffusera de deux \u00e0 trois fois  par semaine des capsules portant sur la production de l\u2019album.<\/p>\n<p>Certaines parutions seront pr\u00e9sent\u00e9es sous forme d\u2019articles,  d\u2019autres sous forme de balado-diffuseurs ou de vid\u00e9o-diffuseurs. Les  diff\u00e9rentes capsules partageront tous le m\u00eame objectif: pr\u00e9senter le  groupe et mettre en avant-plan le travail de NAIVE et de l\u2019\u00e9quipe de  production.<\/p>\n<p>\u00c0 travers les phases de composition, de pr\u00e9-production et de  studio, les internautes en apprendront plus sur les chansons, les  anecdotes, les emb\u00fbches et toutes les surprises qui marqueront le  parcours de la formation. Le blogue mettra en vedette NAIVE, le  r\u00e9alisateur St\u00e9phane Dussault des Respectables, Alexan Artun de la  maison de disque Kay Productions, St\u00e9phane Gaudreault \u00e0 la batterie qui  vient tout juste de se joindre au projet ainsi que tous les autres  acteurs impliqu\u00e9s dans la production de l\u2019album.<\/p>\n<p>Apr\u00e8s avoir lanc\u00e9 une premi\u00e8re au Qu\u00e9bec avec leur programme \u00ab  Parra\u00eenez une chanson NAIVE \u00bb regroupant les investisseurs du projet,  NAIVE continue d\u2019innover en partageant eur aventure avec leurs fans et  en r\u00e9pondant \u00e0 leur grandes interrogations entourant la production d\u2019un  album. NAIVE souhaite aussi influencer les groupes de la rel\u00e8ve quant \u00e0  l\u2019utilisation des m\u00e9dias sociaux Web comme moyen de diffusion et  d&rsquo;auto-promotion.<\/p>\n<p><a href=\"http:\/\/www.naivemusik.com\/blogue\" target=\"_blank\">Http:\/\/www.naivemusik.com\/blogue<\/a><!--:--><\/p>\n","protected":false},"excerpt":{"rendered":"<p>Cliquez sur la photo pour l&rsquo;agrandir. Montr\u00e9al, le 29 mai 2009 &#8211; Le groupe rock francophone NAIVE lance aujourd&rsquo;hui son blogue qui rencontera l&rsquo;aventure de la production de leur premier album pr\u00e9vu pour l&rsquo;autommne 2009. Afin de supporter leur premier extrait radio, LA CHUTE, lanc\u00e9 en d\u00e9but de semaine derni\u00e8re, le groupe y diffusera de [&hellip;]<\/p>\n","protected":false},"author":1,"featured_media":0,"comment_status":"open","ping_status":"closed","sticky":false,"template":"","format":"standard","meta":{"footnotes":""},"categories":[39],"tags":[],"class_list":["post-18060","post","type-post","status-publish","format-standard","hentry","category-actualite","entry"],"_links":{"self":[{"href":"https:\/\/www.tedpublications.com\/fr\/wp-json\/wp\/v2\/posts\/18060","targetHints":{"allow":["GET"]}}],"collection":[{"href":"https:\/\/www.tedpublications.com\/fr\/wp-json\/wp\/v2\/posts"}],"about":[{"href":"https:\/\/www.tedpublications.com\/fr\/wp-json\/wp\/v2\/types\/post"}],"author":[{"embeddable":true,"href":"https:\/\/www.tedpublications.com\/fr\/wp-json\/wp\/v2\/users\/1"}],"replies":[{"embeddable":true,"href":"https:\/\/www.tedpublications.com\/fr\/wp-json\/wp\/v2\/comments?post=18060"}],"version-history":[{"count":0,"href":"https:\/\/www.tedpublications.com\/fr\/wp-json\/wp\/v2\/posts\/18060\/revisions"}],"wp:attachment":[{"href":"https:\/\/www.tedpublications.com\/fr\/wp-json\/wp\/v2\/media?parent=18060"}],"wp:term":[{"taxonomy":"category","embeddable":true,"href":"https:\/\/www.tedpublications.com\/fr\/wp-json\/wp\/v2\/categories?post=18060"},{"taxonomy":"post_tag","embeddable":true,"href":"https:\/\/www.tedpublications.com\/fr\/wp-json\/wp\/v2\/tags?post=18060"}],"curies":[{"name":"wp","href":"https:\/\/api.w.org\/{rel}","templated":true}]}}