{"id":17655,"date":"2014-02-17T15:28:21","date_gmt":"2014-02-17T20:28:21","guid":{"rendered":"http:\/\/www.tedpublications.com\/fr\/?p=17655"},"modified":"2014-02-17T15:28:21","modified_gmt":"2014-02-17T20:28:21","slug":"stanley-pean-en-direct-de-larttv-studio","status":"publish","type":"post","link":"https:\/\/www.tedpublications.com\/fr\/stanley-pean-en-direct-de-larttv-studio\/","title":{"rendered":"<!--:fr-->Stanley P\u00e9an en direct de l&rsquo;ArtTV studio<!--:-->"},"content":{"rendered":"<p><!--:fr--><a href=\"http:\/\/www.tedpublications.com\/fr\/actualite\/stanley-pean-en-direct-de-larttv-studio\/attachment\/stanley_pean_02_2014\/\" rel=\"attachment wp-att-17656\"><img loading=\"lazy\" decoding=\"async\" class=\"size-full wp-image-17656\" style=\"border: 0px none;\" alt=\"stanley_pean_02_2014\" src=\"http:\/\/www.tedpublications.com\/fr\/wp-content\/uploads\/2014\/02\/stanley_pean_02_2014.jpg\" width=\"590\" height=\"392\" \/><\/a><\/p>\n<p style=\"text-align: center;\"><strong>\u00c9MISSION SP\u00c9CIALE LE 20 F\u00c9VRIER \u00c0 17H30<\/strong><\/p>\n<h3><em><strong>Venez c\u00e9l\u00e9brer le d\u00e9but du festival Montr\u00e9al<br \/>\nen lumi\u00e8re dans la chaleur des rythmes d\u2019Ha\u00efti<\/strong><\/em><\/h3>\n<p>Le jeudi <strong>20 f\u00e9vrier, de 17 h 30 \u00e0 20 h<\/strong>, Espace musique souligne le d\u00e9but du 15e festival Montr\u00e9al en lumi\u00e8re avec une \u00e9dition sp\u00e9ciale de <em>Quand le jazz est l\u00e0\u2026<\/em> anim\u00e9e par <strong>Stanley P\u00e9an<\/strong>, diffus\u00e9e devant public en direct de l\u2019ARTVstudio de la Place des Arts.<\/p>\n<p>Les festivaliers sont chaleureusement invit\u00e9s \u00e0 venir rencontrer l\u2019animateur \u00e0 l\u2019ARTVstudio, et les auditeurs de partout au pays, \u00e0 l\u2019\u00e9couter en direct sur les ondes d\u2019Espace musique (100,7 FM \u00e0 Montr\u00e9al).<\/p>\n<p>Dans une ambiance cabaret, Stanley P\u00e9an met en lumi\u00e8re les rythmes d\u2019Ha\u00efti, pays en vedette au MEL 2014. Il recevra notamment la brillante <strong>VAL\u00c9RIE CLIO<\/strong>, chanteuse \u00e0 la voix unique que les t\u00e9l\u00e9spectateurs ont d\u00e9couvert \u00e0 <em>La voix<\/em> 2013, ainsi que le groupe <strong>NOUVODOU<\/strong>, une authentique formation jazz ha\u00eftiano-qu\u00e9b\u00e9coise, qui compte parmi ses membres le bouillant <strong>Di\u00f2l Kidi<\/strong> aux percussions et le tr\u00e8s polyvalent <strong>Oswald Durand Jr<\/strong> (fl\u00fbte et saxo), le musicien d\u2019Ha\u00efti le plus en demande sur la sc\u00e8ne montr\u00e9alaise! \u00c0 l\u2019occasion de cette \u00e9mission sp\u00e9ciale, l\u2019animateur sera \u00e9galement accompagn\u00e9 des chroniqueurs <strong>Claude Thibault<\/strong> et <strong>Ralph Boncy<\/strong>.<\/p>\n<p>C\u2019est une invitation! Ne manquez pas cette \u00e9mission sp\u00e9ciale de Stanley P\u00e9an en direct du festival Montr\u00e9al en lumi\u00e8re.<\/p>\n<h5>Cette \u00e9mission sp\u00e9ciale est r\u00e9alis\u00e9e en collaboration avec ICI ARTV.<\/h5>\n<p><!--:--><\/p>\n","protected":false},"excerpt":{"rendered":"<p>\u00c9MISSION SP\u00c9CIALE LE 20 F\u00c9VRIER \u00c0 17H30 Venez c\u00e9l\u00e9brer le d\u00e9but du festival Montr\u00e9al en lumi\u00e8re dans la chaleur des rythmes d\u2019Ha\u00efti Le jeudi 20 f\u00e9vrier, de 17 h 30 \u00e0 20 h, Espace musique souligne le d\u00e9but du 15e festival Montr\u00e9al en lumi\u00e8re avec une \u00e9dition sp\u00e9ciale de Quand le jazz est l\u00e0\u2026 anim\u00e9e [&hellip;]<\/p>\n","protected":false},"author":1,"featured_media":0,"comment_status":"open","ping_status":"closed","sticky":false,"template":"","format":"standard","meta":{"footnotes":""},"categories":[39,53],"tags":[],"class_list":["post-17655","post","type-post","status-publish","format-standard","hentry","category-actualite","category-rythme-et-musique","entry"],"_links":{"self":[{"href":"https:\/\/www.tedpublications.com\/fr\/wp-json\/wp\/v2\/posts\/17655","targetHints":{"allow":["GET"]}}],"collection":[{"href":"https:\/\/www.tedpublications.com\/fr\/wp-json\/wp\/v2\/posts"}],"about":[{"href":"https:\/\/www.tedpublications.com\/fr\/wp-json\/wp\/v2\/types\/post"}],"author":[{"embeddable":true,"href":"https:\/\/www.tedpublications.com\/fr\/wp-json\/wp\/v2\/users\/1"}],"replies":[{"embeddable":true,"href":"https:\/\/www.tedpublications.com\/fr\/wp-json\/wp\/v2\/comments?post=17655"}],"version-history":[{"count":0,"href":"https:\/\/www.tedpublications.com\/fr\/wp-json\/wp\/v2\/posts\/17655\/revisions"}],"wp:attachment":[{"href":"https:\/\/www.tedpublications.com\/fr\/wp-json\/wp\/v2\/media?parent=17655"}],"wp:term":[{"taxonomy":"category","embeddable":true,"href":"https:\/\/www.tedpublications.com\/fr\/wp-json\/wp\/v2\/categories?post=17655"},{"taxonomy":"post_tag","embeddable":true,"href":"https:\/\/www.tedpublications.com\/fr\/wp-json\/wp\/v2\/tags?post=17655"}],"curies":[{"name":"wp","href":"https:\/\/api.w.org\/{rel}","templated":true}]}}