{"id":16666,"date":"2013-11-15T19:51:22","date_gmt":"2013-11-16T00:51:22","guid":{"rendered":"http:\/\/www.tedpublications.com\/fr\/?p=16666"},"modified":"2013-11-15T19:51:22","modified_gmt":"2013-11-16T00:51:22","slug":"un-million-de-benevoles-pour-loperation-nez-rouge","status":"publish","type":"post","link":"https:\/\/www.tedpublications.com\/fr\/un-million-de-benevoles-pour-loperation-nez-rouge\/","title":{"rendered":"<!--:fr-->Un million de b\u00e9n\u00e9voles pour l\u2019Op\u00e9ration Nez rouge<!--:-->"},"content":{"rendered":"<p><!--:fr--><a href=\"http:\/\/www.tedpublications.com\/fr\/actualite\/un-million-de-benevoles-pour-loperation-nez-rouge\/attachment\/operation_nez_rouge_2013_1\/\" rel=\"attachment wp-att-16670\"><img loading=\"lazy\" decoding=\"async\" class=\"size-full wp-image-16670 aligncenter\" style=\"border: 0px none;\" alt=\"operation_nez_rouge_2013_1\" src=\"http:\/\/www.tedpublications.com\/fr\/wp-content\/uploads\/2013\/11\/operation_nez_rouge_2013_1.jpg\" width=\"590\" height=\"443\" \/><\/a><\/p>\n<p><b>Une tradition du temps des f\u00eates aliment\u00e9e par la communaut\u00e9!<\/b><\/p>\n<p><b>Qu\u00e9bec, le 15 novembre 2013. \u2013 <\/b>L\u2019Op\u00e9ration Nez rouge s\u2019appr\u00eate \u00e0 tourner une page de son histoire : le 29 novembre prochain, la 30e campagne d\u00e9butera officiellement dans les 106 centrales canadiennes.<\/p>\n<p>C\u2019est\u00a0donc l\u2019occasion de faire partie des 44 000 b\u00e9n\u00e9voles qui, chaque mois de d\u00e9cembre, contribuent \u00e0 rendre les routes de la province plus s\u00e9curitaires tout en vivant une soir\u00e9e inoubliable \u00e0 la centrale de leur r\u00e9gion.<\/p>\n<p>D\u2019ici l\u00e0, de nombreuses activit\u00e9s de recrutement auront lieu aux quatre coins du Qu\u00e9bec. Cette ann\u00e9e, l\u2019Op\u00e9ration Nez rouge c\u00e9l\u00e9brera le passage vers son millioni\u00e8me b\u00e9n\u00e9vole partout au pays et invite la population \u00e0 prendre part \u00e0 cet \u00e9v\u00e9nement majeur.<\/p>\n<p><b><i>Voici \u00a0quelques exemples d\u2019activit\u00e9s propos\u00e9es par les regions<br \/>\nde l\u2019Op\u00e9ration Nez rouge durant les prochains jours :<\/i><\/b><\/p>\n<p><b>Baie-Comeau : <\/b>Le samedi 16 novembre, lors du match du Drakkar au centre Henry-L\u00e9onard, Nez Rouge sera de la partie pour une mise au jeu officielle, accompagn\u00e9 de l\u2019\u00e9quipe de l\u2019Op\u00e9ration Nez rouge, qui r\u00e9pondra aux questions des personnes pr\u00e9sentes.<\/p>\n<p><b>Haut-Richelieu : \u00a0<\/b>Les \u00a0jeudi, \u00a0vendredi \u00a0et \u00a0samedi \u00a014, \u00a015 \u00a0et \u00a016 novembre, Nez Rouge sera au Carrefour Richelieu. Les clients du centre pourront remplir le formulaire pour s\u2019inscrire comme b\u00e9n\u00e9voles et les enfants recevront un Nez Rouge \u00e0 colorier.<\/p>\n<p><b>Laval Basses-Laurentides : <\/b>L\u2019Op\u00e9ration Nez rouge organise une journ\u00e9e de recrutement le dimanche 17 novembre. Les citoyens seront invit\u00e9s \u00e0 venir rencontrer les b\u00e9n\u00e9voles \u00e0 la Place Rosem\u00e8re ainsi qu\u2019\u00e0 la centrale au 3999, boulevard de la Concorde Est \u00e0 Laval. Les gens pourront poser leurs questions \u00e0 l\u2019\u00e9quipe et remplir le formulaire d\u2019inscription sur place.<\/p>\n<p><b>Qu\u00e9bec : <\/b>L\u2019Op\u00e9ration Nez rouge de Qu\u00e9bec d\u00e9voile sa nouvelle centrale lors de la journ\u00e9e porte ouverte pr\u00e9sent\u00e9e par CKOI 102,1 et WKND 91,9 le dimanche 24 novembre d\u00e8s 11 h. Les b\u00e9n\u00e9voles seront invit\u00e9s \u00e0 remplir sur place leur formulaire d\u2019inscription et \u00e0 valider leur statut de b\u00e9n\u00e9vole. Les personnes pr\u00e9sentes courront aussi la chance de remporter des prix surprises.<\/p>\n<p><b>Sorel-Tracy : <\/b>C\u2019est le samedi 16 novembre que se tient la journ\u00e9e porte ouverte de la centrale \u00e0 l\u2019\u00e9cole secondaire Saint-Viateur. L\u2019envers du d\u00e9cor sera d\u00e9voil\u00e9 aux personnes pr\u00e9sentes. Puis, dimanche, l\u2019\u00e9quipe de l\u2019Op\u00e9ration Nez rouge sera pr\u00e9sente de 11 h \u00e0 13 h lors de l\u2019arriv\u00e9e du p\u00e8re No\u00ebl aux Promenades de Sorel.<\/p>\n<p><b>Saint-F\u00e9licien : <\/b>Le samedi 16 novembre, l\u2019\u00e9quipe de l\u2019Op\u00e9ration Nez rouge sera au Carrefour Saint- F\u00e9licien pour informer et recruter de futurs b\u00e9n\u00e9voles. De plus, le 29 novembre, la centrale ouvrira ses portes au grand public, qui pourra voir le fonctionnement d\u2019une centrale.<\/p>\n<p>Depui maintenant 30 campagnes, l\u2019Op\u00e9ration Nez rouge\u00a0 permet\u00a0 l\u2019existence d\u2019un service\u00a0 de raccompagnement enti\u00e8rement gratuit, confidentiel et offert par la communaut\u00e9 \u00e0 la communaut\u00e9. Que ce soit en participant \u00e0 l\u2019am\u00e9lioration du bilan routier en faisant appel au service de raccompagnement, en participant \u00e0 une soir\u00e9e hors du commun en tant que b\u00e9n\u00e9vole ou encore en offrant votre soutien \u00e0 une cause jeunesse et sport locale en finan\u00e7ant l\u2019Op\u00e9ration Nez rouge de votre communaut\u00e9, faites partie de la tradition!<\/p>\n<p><a href=\"http:\/\/operationnezrouge.com\/fr\" target=\"_blank\"><strong>http:\/\/operationnezrouge.com\/fr<\/strong><\/a><\/p>\n<p><a href=\"http:\/\/www.tedpublications.com\/fr\/actualite\/un-million-de-benevoles-pour-loperation-nez-rouge\/attachment\/operation_nez_rouge_2013_2\/\" rel=\"attachment wp-att-16668\"><img loading=\"lazy\" decoding=\"async\" class=\"size-full wp-image-16668 alignnone\" style=\"border: 0px none;\" alt=\"operation_nez_rouge_2013_2\" src=\"http:\/\/www.tedpublications.com\/fr\/wp-content\/uploads\/2013\/11\/operation_nez_rouge_2013_2.jpg\" width=\"590\" height=\"94\" \/><\/a><!--:--><\/p>\n","protected":false},"excerpt":{"rendered":"<p>Une tradition du temps des f\u00eates aliment\u00e9e par la communaut\u00e9! Qu\u00e9bec, le 15 novembre 2013. \u2013 L\u2019Op\u00e9ration Nez rouge s\u2019appr\u00eate \u00e0 tourner une page de son histoire : le 29 novembre prochain, la 30e campagne d\u00e9butera officiellement dans les 106 centrales canadiennes. C\u2019est\u00a0donc l\u2019occasion de faire partie des 44 000 b\u00e9n\u00e9voles qui, chaque mois de [&hellip;]<\/p>\n","protected":false},"author":1,"featured_media":0,"comment_status":"open","ping_status":"closed","sticky":false,"template":"","format":"standard","meta":{"footnotes":""},"categories":[39],"tags":[],"class_list":["post-16666","post","type-post","status-publish","format-standard","hentry","category-actualite","entry"],"_links":{"self":[{"href":"https:\/\/www.tedpublications.com\/fr\/wp-json\/wp\/v2\/posts\/16666","targetHints":{"allow":["GET"]}}],"collection":[{"href":"https:\/\/www.tedpublications.com\/fr\/wp-json\/wp\/v2\/posts"}],"about":[{"href":"https:\/\/www.tedpublications.com\/fr\/wp-json\/wp\/v2\/types\/post"}],"author":[{"embeddable":true,"href":"https:\/\/www.tedpublications.com\/fr\/wp-json\/wp\/v2\/users\/1"}],"replies":[{"embeddable":true,"href":"https:\/\/www.tedpublications.com\/fr\/wp-json\/wp\/v2\/comments?post=16666"}],"version-history":[{"count":0,"href":"https:\/\/www.tedpublications.com\/fr\/wp-json\/wp\/v2\/posts\/16666\/revisions"}],"wp:attachment":[{"href":"https:\/\/www.tedpublications.com\/fr\/wp-json\/wp\/v2\/media?parent=16666"}],"wp:term":[{"taxonomy":"category","embeddable":true,"href":"https:\/\/www.tedpublications.com\/fr\/wp-json\/wp\/v2\/categories?post=16666"},{"taxonomy":"post_tag","embeddable":true,"href":"https:\/\/www.tedpublications.com\/fr\/wp-json\/wp\/v2\/tags?post=16666"}],"curies":[{"name":"wp","href":"https:\/\/api.w.org\/{rel}","templated":true}]}}