{"id":16399,"date":"2013-10-21T12:23:07","date_gmt":"2013-10-21T16:23:07","guid":{"rendered":"http:\/\/www.tedpublications.com\/fr\/?p=16399"},"modified":"2013-10-21T12:23:07","modified_gmt":"2013-10-21T16:23:07","slug":"ensemble-caprice-matthias-maute-sur-analekta","status":"publish","type":"post","link":"https:\/\/www.tedpublications.com\/fr\/ensemble-caprice-matthias-maute-sur-analekta\/","title":{"rendered":"<!--:fr-->Ensemble Caprice Matthias Maute sur Analekta<!--:-->"},"content":{"rendered":"<p><!--:fr--><a href=\"http:\/\/www.tedpublications.com\/fr\/actualite\/ensemble-caprice-matthias-maute-sur-analekta\/attachment\/analekta_adagio_ensamble_caprice_10_2013\/\" rel=\"attachment wp-att-16402\"><img loading=\"lazy\" decoding=\"async\" class=\"size-full wp-image-16402 aligncenter\" style=\"border: 0px none;\" alt=\"analekta_adagio_ensamble_caprice_10_2013\" src=\"http:\/\/www.tedpublications.com\/fr\/wp-content\/uploads\/2013\/10\/analekta_adagio_ensamble_caprice_10_2013.jpg\" width=\"590\" height=\"369\" \/><\/a><\/p>\n<p><strong><em>ADAGIO: A Consideration of a Serious Matter<br \/>\n<\/em><\/strong><br \/>\n<strong>Date de sortie :<\/strong> 22 octobre 2013<br \/>\n<strong><br \/>\nMontr\u00e9al, le 21 octobre 2013 &#8211;<\/strong> L&rsquo;\u0153uvre merveilleuse de <strong>Charles Ives<\/strong>, <em>A Consideration of a Serious Matter<\/em> revisit\u00e9e ici par l&rsquo;<strong>Ensemble Caprice<\/strong>, est le fil conducteur du nouvel album <em>Adagio<\/em>.\u00a0 Les 12 pi\u00e8ces qui le composent, 12 adagios parmi les populaires des derniers si\u00e8cles, ont pour d\u00e9nominateur commun, des m\u00e9ditations sur les questions fondamentales de la vie et de la mort.<\/p>\n<p>Port\u00e9 par la vingtaine de musiciens de l&rsquo;<em>Ensemble Caprice<\/em> ainsi que par la voix lumineuse de l&rsquo;une de nos meilleures interpr\u00e8tes de l&rsquo;heure, la soprano <strong>Shannon Mercer<\/strong>,\u00a0 l&rsquo;album constitue un tableau color\u00e9, form\u00e9 d&rsquo;oeuvres chorales et orchestrales. Sous la direction artistique de <strong>Matthias Maute<\/strong> (chef d&rsquo;orchestre et de choeur, virtuose de la fl\u00fbte \u00e0 bec, de la fl\u00fbte traversi\u00e8re et compositeur) et de <strong>Sophie Larivi\u00e8re<\/strong> (interpr\u00e8te de fl\u00fbte \u00e0 bec et fl\u00fbte baroque), l&rsquo;<strong>Ensemble Caprice<\/strong> \u00e9tablit ici une relation inusit\u00e9e entre des musiques d&rsquo;\u00e2ges diff\u00e9rents, du 17e si\u00e8cle \u00e0 aujourd&rsquo;hui. \u00ab <em>Alors que nous enregistrions cet album<\/em>, dit <strong>Matthias Mautte<\/strong>,<em> nous avions l&rsquo;impression que les diverses pi\u00e8ces r\u00e9agissaient les unes aux autres, un peu comme si les compositeurs avaient entretenu une intense conversation \u00e0 travers les si\u00e8cles, faisant fi des obstacles temporels<\/em> \u00bb.<\/p>\n<p>De l&rsquo;\u00e9criture contemplative des compositeurs du 20e si\u00e8cle <strong>Arvo P\u00e4rt<\/strong> (<em>Da pacem domine<\/em>) et <strong>Samuel Barber<\/strong> (<em>Agnus dei<\/em>), on remonte la fili\u00e8re jusqu&rsquo;au 17e si\u00e8cle. Surgissent alors du m\u00eame espace affectif, le c\u00e9l\u00e8bre <em>Miserere<\/em> de <strong>Gregorio Allegri<\/strong>, heureux mariage du chant gr\u00e9gorien et du madrigal,\u00a0 et le coro <em>Plorate Israel<\/em> du c\u00e9l\u00e8bre compositeur italien <strong>Giacomo Carissimi<\/strong>. De <strong>Jan Dismas Zelenka<\/strong> (<em>Adagio<\/em> extrait de <em>Miserere ZWV 57<\/em>\u00a0 et <em>Sepulto dominum<\/em>) au c\u00e9l\u00e8bre <em>Adagio<\/em> d&rsquo;<strong>Albinoni<\/strong>;\u00a0 de la musique multidimensionnelle d&rsquo;un <strong>Jean S\u00e9bastien Bach<\/strong> (<em>Aria ich habe genug<\/em>)\u00a0 \u00e0 celle d&rsquo;un <strong>Chopin<\/strong> (<em>Pr\u00e9lude op.28 no.4<\/em>) ; de <strong>Erik Satie<\/strong> (<em>Gymnop\u00e9die 1<\/em> jou\u00e9e avec des instruments baroques)\u00a0 au <em>Pr\u00e9lude<\/em> de <strong>Matthias Maute<\/strong>, la musique va au-del\u00e0 de nos rep\u00e8res et de notre banale r\u00e9alit\u00e9, pour actualiser notre qu\u00eate de v\u00e9rit\u00e9.\u00a0 \u00c0 la trompette, la question est pos\u00e9e 7 fois (<em>A Consideration of a Serious Matter<\/em> de <strong>Charles Ives<\/strong>). Nous n&rsquo;avons qu&rsquo;\u00e0 tendre l&rsquo;oreille. La r\u00e9ponse est l\u00e0 quelque part, entre l&rsquo;illusion et la certitude.<\/p>\n<p>L&rsquo;<strong>Ensemble Caprice<\/strong> est reconnu pour ses interpr\u00e9tations novatrices de la musique baroque et pour son approche hautement cr\u00e9ative de la programmation. Ainsi, dans un long article paru \u00e0 son sujet dans le <strong>New-York Times<\/strong> de novembre 2009 (<em><strong>Ensemble Caprice<\/strong> Explores Gypsy Side of <strong>Bach<\/strong><\/em>), on peut lire: \u00ab<em>La programmation de l&rsquo;<strong>Ensemble Caprice<\/strong> va aussi loin et m\u00eame plus que nombre de groupes de musique ancienne (&#8230;) en mettant au d\u00e9fi les auditeurs d&rsquo;entendre des pages famili\u00e8res sous un angle diff\u00e9rent<\/em>\u00bb.<\/p>\n<p>Depuis 20 ans, l&rsquo;<strong>Ensemble Caprice<\/strong> se produit sur les sc\u00e8nes d&rsquo;Europe, du Canada et des \u00c9tats-Unis dans le cadre de festivals internationaux et dans des salles prestigieuses.\u00a0 Ses albums sous \u00e9tiquette <strong>ANALEKTA<\/strong> ont fait l&rsquo;objet d&rsquo;un nombre consid\u00e9rable d&rsquo;\u00e9loges : en 2009 <em>Gloria! <strong>Vivaldi<\/strong><\/em> et ses anges s&rsquo;est m\u00e9rit\u00e9 le <strong>JUNO<\/strong> du \u00ab<em>Meilleur Album Classique de l&rsquo;ann\u00e9e, musique vocale ou chorale<\/em>\u00bb. La m\u00eame ann\u00e9e <strong>Vivaldi<\/strong> et les gitans baroques a \u00e9t\u00e9 en nomination pour le prix allemand <strong>Echo Klassik<\/strong>. En juin 2010, <strong>Gramophone Magazine<\/strong> d\u00e9crivait <strong>Telemann<\/strong> et les gitans baroques comme \u00ab<em>un album tout \u00e0 fait irr\u00e9sistible<\/em>\u00bb.<\/p>\n<p><strong>Analekta<\/strong>, 25 ans d\u00e9j\u00e0 !<\/p>\n<p><strong>Analekta<\/strong> f\u00eate cette ann\u00e9e ses 25 ans et c&rsquo;est l&rsquo;occasion pour elle, de rappeler qu&rsquo;apr\u00e8s toutes ces ann\u00e9es, 5000 \u0153uvres ont \u00e9t\u00e9 produites par l&rsquo;\u00e9tiquette et ce, par pr\u00e8s de 200 artistes canadiens<\/p>\n<p>Analekta a \u00e9galement \u00e9t\u00e9 l&rsquo;un des premiers acteurs du march\u00e9 \u00e0 d\u00e9velopper sa <strong>boutique en ligne<\/strong>, <a href=\"http:\/\/www.analekta.com\/\" target=\"_blank\"><strong>analekta.com<\/strong><\/a>. La plateforme proposait d\u00e9j\u00e0 depuis 4 ans l&rsquo;ensemble de son catalogue en format <strong>MP3<\/strong> et <strong>FLAC<\/strong>, mais depuis quelques mois, elle a ajout\u00e9 une nouvelle corde \u00e0 son arc. Les utilisateurs du site auront maintenant la possibilit\u00e9 d&rsquo;acheter en ligne des enregistrements en format CD directement exp\u00e9di\u00e9s par voie postale. Une nouvelle qui s\u00e9duira sans doute les audiophiles les plus traditionnels attach\u00e9s aux disques compacts.<\/p>\n<p><em>Voil\u00e0 une belle fa\u00e7on pour l&rsquo;\u00e9tiquette de souffler dignement ses 25 bougies !<\/em><!--:--><\/p>\n","protected":false},"excerpt":{"rendered":"<p>ADAGIO: A Consideration of a Serious Matter Date de sortie : 22 octobre 2013 Montr\u00e9al, le 21 octobre 2013 &#8211; L&rsquo;\u0153uvre merveilleuse de Charles Ives, A Consideration of a Serious Matter revisit\u00e9e ici par l&rsquo;Ensemble Caprice, est le fil conducteur du nouvel album Adagio.\u00a0 Les 12 pi\u00e8ces qui le composent, 12 adagios parmi les populaires [&hellip;]<\/p>\n","protected":false},"author":1,"featured_media":0,"comment_status":"open","ping_status":"closed","sticky":false,"template":"","format":"standard","meta":{"footnotes":""},"categories":[39,53],"tags":[1323,696,1324,596,1325,1326,1327,1328,1329,522,1330,1331,872],"class_list":["post-16399","post","type-post","status-publish","format-standard","hentry","category-actualite","category-rythme-et-musique","tag-a-consideration-of-a-serious-matter","tag-analekta","tag-charles-ives","tag-chopin","tag-echo-klassik","tag-ensemble-caprice","tag-erik-satie","tag-gramophone-magazine","tag-jean-sebastien-bach","tag-juno","tag-matthias-maute","tag-telemann","tag-vivaldi","entry"],"_links":{"self":[{"href":"https:\/\/www.tedpublications.com\/fr\/wp-json\/wp\/v2\/posts\/16399","targetHints":{"allow":["GET"]}}],"collection":[{"href":"https:\/\/www.tedpublications.com\/fr\/wp-json\/wp\/v2\/posts"}],"about":[{"href":"https:\/\/www.tedpublications.com\/fr\/wp-json\/wp\/v2\/types\/post"}],"author":[{"embeddable":true,"href":"https:\/\/www.tedpublications.com\/fr\/wp-json\/wp\/v2\/users\/1"}],"replies":[{"embeddable":true,"href":"https:\/\/www.tedpublications.com\/fr\/wp-json\/wp\/v2\/comments?post=16399"}],"version-history":[{"count":0,"href":"https:\/\/www.tedpublications.com\/fr\/wp-json\/wp\/v2\/posts\/16399\/revisions"}],"wp:attachment":[{"href":"https:\/\/www.tedpublications.com\/fr\/wp-json\/wp\/v2\/media?parent=16399"}],"wp:term":[{"taxonomy":"category","embeddable":true,"href":"https:\/\/www.tedpublications.com\/fr\/wp-json\/wp\/v2\/categories?post=16399"},{"taxonomy":"post_tag","embeddable":true,"href":"https:\/\/www.tedpublications.com\/fr\/wp-json\/wp\/v2\/tags?post=16399"}],"curies":[{"name":"wp","href":"https:\/\/api.w.org\/{rel}","templated":true}]}}