{"id":16030,"date":"2013-09-12T13:55:21","date_gmt":"2013-09-12T17:55:21","guid":{"rendered":"http:\/\/www.tedpublications.com\/fr\/?p=16030"},"modified":"2013-09-12T13:55:21","modified_gmt":"2013-09-12T17:55:21","slug":"trois-nominations-au-gala-de-ladisq-pour-la-salle-andre-mathieu","status":"publish","type":"post","link":"https:\/\/www.tedpublications.com\/fr\/trois-nominations-au-gala-de-ladisq-pour-la-salle-andre-mathieu\/","title":{"rendered":"<!--:fr-->Trois nominations au gala de l&rsquo;ADISQ pour la salle Andr\u00e9-Mathieu<!--:-->"},"content":{"rendered":"<p><!--:fr--><\/p>\n<p style=\"text-align: left;\"><a href=\"http:\/\/www.tedpublications.com\/fr\/actualite\/trois-nominations-au-gala-de-ladisq-pour-la-salle-andre-mathieu\/attachment\/salle_andre_mathieu_adisq_2-13\/\" rel=\"attachment wp-att-16031\"><img loading=\"lazy\" decoding=\"async\" class=\"aligncenter size-full wp-image-16031\" style=\"border: 0px none;\" alt=\"salle_andre_mathieu_adisq_2-13\" src=\"http:\/\/www.tedpublications.com\/fr\/wp-content\/uploads\/2013\/09\/salle_andre_mathieu_adisq_2-13.jpg\" width=\"590\" height=\"396\" \/><\/a><strong><br \/>\nLaval, le 12 septembre 2013<\/strong> \u2013 L&rsquo;\u00e9quipe de la <a href=\"http:\/\/www.salleandremathieu.com\/spectacles-Laval\/index.aspx\" target=\"_blank\">Corporation de la salle Andr\u00e9-Mathieu<\/a> est tr\u00e8s heureuse de souligner ses trois nominations au prochain Gala de l&rsquo;ADISQ dans les cat\u00e9gories Salle de spectacles de l&rsquo;ann\u00e9e, Diffuseur de spectacles de l&rsquo;ann\u00e9e et \u00c9quipe de promotion Web de l&rsquo;ann\u00e9e. Cette derni\u00e8re nomination souligne \u00e9galement le travail de la Sc\u00e8ne 1425 et du r\u00e9seau de sept diffuseurs de la <a href=\"http:\/\/www.scene1425.com\/fr\" target=\"_blank\"><strong>Sc\u00e8ne 1425*<\/strong><\/a>. Cette collaboration donne lieu d&rsquo;accueillir sur nos sc\u00e8nes une centaine de concerts annuellement \u00e0 travers le Qu\u00e9bec et encore plus d&rsquo;artistes, en tenant compte des premi\u00e8res parties. Elle permet \u00e9galement de mettre en commun des ressources afin d\u00e9velopper des outils de promotion, dont le <a href=\"http:\/\/www.scene1425.com\/fr\/magazine\" target=\"_blank\"><strong>magazine Web<\/strong><\/a> de la Sc\u00e8ne 1425.<\/p>\n<p>L&rsquo;\u00e9quipe de la Salle Andr\u00e9-Mathieu et du r\u00e9seau de diffuseurs de la Sc\u00e8ne 1425 remercient tous ses partenaires, les producteurs, les agents, les relationnistes, les m\u00e9dias, les subventionneurs, les collaborateurs du magazine Web et la r\u00e9dactrice en chef ainsi que ceux et celles qui supportent et encouragent leurs actions. Ces actions sont motiv\u00e9es par des objectifs de d\u00e9veloppement de la programmation et de fr\u00e9quentation des salles de spectacles dans nos r\u00e9gions, de support \u00e0 l&rsquo;industrie et aux artistes ainsi que par le d\u00e9sir de se renouveler et de s&rsquo;adapter aux tendances d&rsquo;aujourd&rsquo;hui et de demain.<\/p>\n<p>Un dernier \u00ab merci \u00bb et non le moindre destin\u00e9 \u00e0 l&rsquo;\u00e9quipe de la Corporation de la salle Andr\u00e9-Mathieu qui travaille sans rel\u00e2che, autant pour la programmation de Laval que pour soutenir les actions du r\u00e9seau de la Sc\u00e8ne 1425.<\/p>\n<p>Le Gala de l&rsquo;ADISQ couronne annuellement depuis 35 ans les artistes et professionnels de la chanson, de la musique et de l&rsquo;humour d&rsquo;ici. Le d\u00e9nouement quant aux r\u00e9cipiendaires sera connu lors du Gala de l&rsquo;Industrie pr\u00e9sent\u00e9 le 22 octobre prochain au Club Soda.<\/p>\n<p>Pour conna\u00eetre la programmation des spectacles pr\u00e9sent\u00e9s par la Corporation de la salle Andr\u00e9-Mathieu et par la Sc\u00e8ne 1425, rendez-vous au <strong><a href=\"www.salleandremathieu.com\" target=\"_blank\">www.salleandremathieu.com<\/a><\/strong> et au <a href=\"www.scene1425.com\" target=\"_blank\"><strong>www.scene1425.com<\/strong><\/a>.<\/p>\n<p>Cliquez ici pour consulter la liste des artistes et artisans en nomination au 35e Gala de l&rsquo;ADISQ.<\/p>\n<p>* Ces diffuseurs sont :<strong><a href=\"http:\/\/sallealbertrousseau.com\/\" target=\"_blank\"> La Salle Albert-Rousseau (Qu\u00e9bec)<\/a>, <a href=\"http:\/\/www.spectaclesjoliette.com\/\" target=\"_blank\">le Centre culturel de Joliette,<\/a> <a href=\"http:\/\/www.theatreduvieuxterrebonne.com\/fr\/\" target=\"_blank\">le Th\u00e9\u00e2tre du Vieux-Terrebonne,<\/a> <a href=\"http:\/\/www.centrecultureludes.ca\/billet-spectacle\/index.aspx\" target=\"_blank\">le Centre culturel de l&rsquo;Universit\u00e9 de Sherbrooke<\/a>, <a href=\"http:\/\/www.salleandremathieu.com\/spectacles-Laval\/index.aspx\" target=\"_blank\">la Corporation de la salle Andr\u00e9-Mathieu<\/a>, <a href=\"http:\/\/www.diffusionmomentum.com\/\" target=\"_blank\">Diffusion Momentum (Victoriaville)<\/a> <a href=\"http:\/\/www.maisondelaculture.ca\/Salle-Odyssee\/index.html\" target=\"_blank\">et la Ville de Gatineau.<\/a><\/strong><!--:--><\/p>\n","protected":false},"excerpt":{"rendered":"<p>Laval, le 12 septembre 2013 \u2013 L&rsquo;\u00e9quipe de la Corporation de la salle Andr\u00e9-Mathieu est tr\u00e8s heureuse de souligner ses trois nominations au prochain Gala de l&rsquo;ADISQ dans les cat\u00e9gories Salle de spectacles de l&rsquo;ann\u00e9e, Diffuseur de spectacles de l&rsquo;ann\u00e9e et \u00c9quipe de promotion Web de l&rsquo;ann\u00e9e. Cette derni\u00e8re nomination souligne \u00e9galement le travail de [&hellip;]<\/p>\n","protected":false},"author":1,"featured_media":0,"comment_status":"open","ping_status":"closed","sticky":false,"template":"","format":"standard","meta":{"footnotes":""},"categories":[39,53],"tags":[],"class_list":["post-16030","post","type-post","status-publish","format-standard","hentry","category-actualite","category-rythme-et-musique","entry"],"_links":{"self":[{"href":"https:\/\/www.tedpublications.com\/fr\/wp-json\/wp\/v2\/posts\/16030","targetHints":{"allow":["GET"]}}],"collection":[{"href":"https:\/\/www.tedpublications.com\/fr\/wp-json\/wp\/v2\/posts"}],"about":[{"href":"https:\/\/www.tedpublications.com\/fr\/wp-json\/wp\/v2\/types\/post"}],"author":[{"embeddable":true,"href":"https:\/\/www.tedpublications.com\/fr\/wp-json\/wp\/v2\/users\/1"}],"replies":[{"embeddable":true,"href":"https:\/\/www.tedpublications.com\/fr\/wp-json\/wp\/v2\/comments?post=16030"}],"version-history":[{"count":0,"href":"https:\/\/www.tedpublications.com\/fr\/wp-json\/wp\/v2\/posts\/16030\/revisions"}],"wp:attachment":[{"href":"https:\/\/www.tedpublications.com\/fr\/wp-json\/wp\/v2\/media?parent=16030"}],"wp:term":[{"taxonomy":"category","embeddable":true,"href":"https:\/\/www.tedpublications.com\/fr\/wp-json\/wp\/v2\/categories?post=16030"},{"taxonomy":"post_tag","embeddable":true,"href":"https:\/\/www.tedpublications.com\/fr\/wp-json\/wp\/v2\/tags?post=16030"}],"curies":[{"name":"wp","href":"https:\/\/api.w.org\/{rel}","templated":true}]}}