{"id":16012,"date":"2013-09-11T12:50:49","date_gmt":"2013-09-11T16:50:49","guid":{"rendered":"http:\/\/www.tedpublications.com\/fr\/?p=16012"},"modified":"2013-09-11T12:50:49","modified_gmt":"2013-09-11T16:50:49","slug":"16012","status":"publish","type":"post","link":"https:\/\/www.tedpublications.com\/fr\/16012\/","title":{"rendered":"<!--:fr-->Festival Flamenco de Montr\u00e9al d\u00e9voile la programmation de sa journ\u00e9e flamenca<!--:-->"},"content":{"rendered":"<p><!--:fr--><\/p>\n<p style=\"text-align: left;\"><strong><a href=\"http:\/\/www.tedpublications.com\/fr\/actualite\/16012\/attachment\/flamenco_montreal_2013\/\" rel=\"attachment wp-att-16013\"><img loading=\"lazy\" decoding=\"async\" class=\"aligncenter size-full wp-image-16013\" style=\"border: 0px none;\" alt=\"flamenco_montreal_2013\" src=\"http:\/\/www.tedpublications.com\/fr\/wp-content\/uploads\/2013\/09\/flamenco_montreal_2013.jpg\" width=\"590\" height=\"372\" \/><\/a><\/strong><strong><\/strong><\/p>\n<p><em>Cette journ\u00e9e pour toute la famille aura lieu<\/em><br \/>\n<em> le 14 septembre sur la rue Bernard, au c\u0153ur du Mile-End<\/em><\/p>\n<p><strong>Montr\u00e9al, le 11 septembre 2013<\/strong> &#8211; Quoi de mieux, pour clore le <strong>2e Festival Flamenco de Montr\u00e9al<\/strong>, qu&rsquo;une journ\u00e9e flamenca pr\u00e9sent\u00e9e en plein air au c\u0153ur de la rue Bernard, entre les rues Jeanne-Mance et Weaverly. Le 14 septembre prochain, connaisseurs et n\u00e9ophytes sont invit\u00e9s \u00e0 prendre part \u00e0 cette journ\u00e9e o\u00f9 une foule d&rsquo;activit\u00e9s gratuites et interactives seront propos\u00e9es.<\/p>\n<p><strong>Horaire de la journ\u00e9e<\/strong><br \/>\n10 h 50 : lancement des festivit\u00e9s et mot du fondateur du Festival Flamenco de Montr\u00e9al, Beno\u00eet Bigham<br \/>\n11 h : spectacle Flamenco en musique pr\u00e9sent\u00e9 par Normand Vanasse<br \/>\n12 h : atelier de danse flamenco pour enfants et prestation d&rsquo;Aur\u00e9lie Brunelle<br \/>\n13 h : atelier de palmas (technique de mains typique du flamenco) anim\u00e9 par Delphine Mantha<br \/>\n14 h : spectacle de Delphine Mantha<br \/>\n15 h : atelier d&rsquo;initiation \u00e0 la danse anim\u00e9 par Myriam Allard<br \/>\n16 h : spectacle de Carina Lorenzo et Francis Mercier<br \/>\n17 h : atelier de chor\u00e9graphie anim\u00e9 par Rae Bowhay<br \/>\n18 h : spectacle de musique flamenco pr\u00e9sent\u00e9 par Denis Dussin, Tamar Ilana et Alexandra Talbot<br \/>\n18 h 30 : spectacle de cl\u00f4ture mettant en vedette Caroline Plant\u00e9 et d&rsquo;autres artistes invit\u00e9s du Festival<\/p>\n<p>Aux diff\u00e9rents ateliers et spectacles s&rsquo;ajouteront, tout au long de la journ\u00e9e, diverses activit\u00e9s dont du bricolage pour enfants, inspir\u00e9 des traditions de l&rsquo;Espagne, et une d\u00e9gustation de paella, un mets traditionnel espagnol. Les visiteurs pourront aussi rev\u00eatir des v\u00eatements de danseurs et de guitaristes flamencos et se faire prendre en photo par un professionnel. Une peintre cr\u00e9era une toile sp\u00e9cialement pour le Festival de Flamenco de Montr\u00e9al; cette toile sera tir\u00e9e en fin d&rsquo;apr\u00e8s-midi, ainsi que d&rsquo;autres prix int\u00e9ressants.<\/p>\n<p>Ne manquez pas \u00e9galement de faire un d\u00e9tour au D\u00e9panneur Caf\u00e9 (206, rue Bernard Ouest) qui est l&rsquo;h\u00f4te, jusqu&rsquo;au 14 septembre, d&rsquo;une <strong>exposition de photos flamencas de Luma Brieuc.<\/strong><\/p>\n<p><strong>\u00c0 propos du Festival Flamenco de Montr\u00e9al<\/strong><br \/>\nFond\u00e9 en 2012, le Festival Flamenco de Montr\u00e9al, dirig\u00e9 par Beno\u00eet Bigham, propose une programmation qui est \u00e0 la fois destin\u00e9e aux connaisseurs de flamenco et au grand public. Il est pr\u00e9sent\u00e9 en septembre au c\u0153ur du quartier Mile-End.<\/p>\n<p><a href=\"www.festivalflamencodemontreal.org\" target=\"_blank\"><strong>www.festivalflamencodemontreal.org<\/strong><\/a><br \/>\n<a href=\"www.facebook.com\/fflam2012\" target=\"_blank\"><strong>www.facebook.com\/fflam2012<\/strong><\/a><!--:--><\/p>\n","protected":false},"excerpt":{"rendered":"<p>Cette journ\u00e9e pour toute la famille aura lieu le 14 septembre sur la rue Bernard, au c\u0153ur du Mile-End Montr\u00e9al, le 11 septembre 2013 &#8211; Quoi de mieux, pour clore le 2e Festival Flamenco de Montr\u00e9al, qu&rsquo;une journ\u00e9e flamenca pr\u00e9sent\u00e9e en plein air au c\u0153ur de la rue Bernard, entre les rues Jeanne-Mance et Weaverly. [&hellip;]<\/p>\n","protected":false},"author":1,"featured_media":0,"comment_status":"open","ping_status":"closed","sticky":false,"template":"","format":"standard","meta":{"footnotes":""},"categories":[39,53],"tags":[],"class_list":["post-16012","post","type-post","status-publish","format-standard","hentry","category-actualite","category-rythme-et-musique","entry"],"_links":{"self":[{"href":"https:\/\/www.tedpublications.com\/fr\/wp-json\/wp\/v2\/posts\/16012","targetHints":{"allow":["GET"]}}],"collection":[{"href":"https:\/\/www.tedpublications.com\/fr\/wp-json\/wp\/v2\/posts"}],"about":[{"href":"https:\/\/www.tedpublications.com\/fr\/wp-json\/wp\/v2\/types\/post"}],"author":[{"embeddable":true,"href":"https:\/\/www.tedpublications.com\/fr\/wp-json\/wp\/v2\/users\/1"}],"replies":[{"embeddable":true,"href":"https:\/\/www.tedpublications.com\/fr\/wp-json\/wp\/v2\/comments?post=16012"}],"version-history":[{"count":0,"href":"https:\/\/www.tedpublications.com\/fr\/wp-json\/wp\/v2\/posts\/16012\/revisions"}],"wp:attachment":[{"href":"https:\/\/www.tedpublications.com\/fr\/wp-json\/wp\/v2\/media?parent=16012"}],"wp:term":[{"taxonomy":"category","embeddable":true,"href":"https:\/\/www.tedpublications.com\/fr\/wp-json\/wp\/v2\/categories?post=16012"},{"taxonomy":"post_tag","embeddable":true,"href":"https:\/\/www.tedpublications.com\/fr\/wp-json\/wp\/v2\/tags?post=16012"}],"curies":[{"name":"wp","href":"https:\/\/api.w.org\/{rel}","templated":true}]}}