{"id":15631,"date":"2013-08-15T12:12:48","date_gmt":"2013-08-15T16:12:48","guid":{"rendered":"http:\/\/www.tedpublications.com\/fr\/?p=15631"},"modified":"2013-08-15T12:12:48","modified_gmt":"2013-08-15T16:12:48","slug":"la-viree-despace-musique","status":"publish","type":"post","link":"https:\/\/www.tedpublications.com\/fr\/la-viree-despace-musique\/","title":{"rendered":"<!--:fr-->La Vir\u00e9e d\u2019Espace Musique<!--:-->"},"content":{"rendered":"<p><!--:fr--><\/p>\n<p style=\"text-align: left;\"><a href=\"http:\/\/www.tedpublications.com\/fr\/actualite\/la-viree-despace-musique\/attachment\/art_tv_08_15_2013\/\" rel=\"attachment wp-att-15632\"><img loading=\"lazy\" decoding=\"async\" class=\"aligncenter size-full wp-image-15632\" style=\"border: 0px none;\" alt=\"art_tv_08_15_2013\" src=\"http:\/\/www.tedpublications.com\/fr\/wp-content\/uploads\/2013\/08\/art_tv_08_15_2013.jpg\" width=\"590\" height=\"332\" \/><\/a><\/p>\n<p><b>\u00c9MISSION SP\u00c9CIALE SAMEDI 17 AO\u00dbT <\/b><\/p>\n<p><b><em>Avec Fran\u00e7oise Davoine et Mario Paquet en direct<\/em><br \/>\n<em>de l\u2019ARTVstudio de la Place des Arts<\/em><\/b><\/p>\n<p><i>Montr\u00e9al, mercredi 14 ao\u00fbt 2013<\/i> \u2013 \u00c0 l\u2019occasion de LA VIR\u00c9E CLASSIQUE de l\u2019OSM, <b>Fran\u00e7oise Davoine<\/b> et <b>Mario Paquet<\/b> animeront une \u00e9mission sp\u00e9ciale en direct de l\u2019ARTVstudio, le <b>samedi 17 ao\u00fbt<\/b> de <b>13\u00a0h \u00e0 16\u00a0h<\/b>, en ondes sur Espace musique (100,7 FM \u00e0 Montr\u00e9al).<\/p>\n<p><b>LA VIR\u00c9E D\u2019ESPACE MUSIQUE<\/b> permettra aux festivaliers et aux auditeurs d\u2019assister \u00e0 des entrevues et des prestations <i>live<\/i> du clarinettiste <b>J\u00f6rg Widman<\/b>, de la soprano <b>Mich\u00e8le Lozier, <\/b>du pianiste <b>Xiaoyu Liu <\/b>(Premier Prix du concours OSM Standard Life), du violoncelliste <b>St\u00e9phane T\u00e9treault<\/b>, de l\u2019organiste <b>Jean-Willy Kunz <\/b>et d\u2019un quatuor \u00e0 cordes de musiciens de l\u2019OSM.<\/p>\n<p>De grandes personnalit\u00e9s du milieu classique viendront s\u2019entretenir avec les animateurs, dont maestro <b>Kent Nagano<\/b>, directeur artistique de l\u2019OSM, <b>Alexandre Da Costa <\/b>et <b>Marianne Dugal<\/b>, ambassadeurs de LA VIR\u00c9E CLASSIQUE, les pianistes <b>Kit Armstrong <\/b>et <b>Angela Hewitt<\/b>, et le violoniste <b>Augustin Dumay.<\/b><\/p>\n<p>Pendant toute l\u2019\u00e9mission, les animateurs seront accompagn\u00e9s d\u2019un \u00abtrio en r\u00e9sidence\u00bb compos\u00e9 du fl\u00fbtiste \u00e0 bec <b>Vincent Lauzer<\/b> (R\u00e9v\u00e9lation classique 2013-2014), de <b>Caroline Tremblay<\/b> et de <b>Jean-Michel Leduc.<\/b><\/p>\n<p>Les visiteurs pourront poser des questions aux invit\u00e9s sur place, et les auditeurs pourront le faire en ligne tout au long de l\u2019\u00e9mission. D\u2019ailleurs, d\u00e8s maintenant, le public est invit\u00e9 \u00e0 poser des questions aux musiciens et artistes invit\u00e9s en \u00e9crivant directement \u00e0 l\u2019animateur Mario Paquet (Espace.mu<b>\/mariopaquet<\/b>).<\/p>\n<p>Ne manquez pas <b>LA VIR\u00c9E D\u2019ESPACE MUSIQUE<\/b>. \u00c9coutez-la en ondes ou profitez de l\u2019occasion pour venir rencontrer, sur place, Fran\u00e7oise Davoine, Mario Paquet et les artistes de LA VIR\u00c9E CLASSIQUE 2013 de l\u2019OSM.<\/p>\n<p><i>R\u00e9alisation\u00a0: Mich\u00e8le Patry<\/i><!--:--><\/p>\n","protected":false},"excerpt":{"rendered":"<p>\u00c9MISSION SP\u00c9CIALE SAMEDI 17 AO\u00dbT Avec Fran\u00e7oise Davoine et Mario Paquet en direct de l\u2019ARTVstudio de la Place des Arts Montr\u00e9al, mercredi 14 ao\u00fbt 2013 \u2013 \u00c0 l\u2019occasion de LA VIR\u00c9E CLASSIQUE de l\u2019OSM, Fran\u00e7oise Davoine et Mario Paquet animeront une \u00e9mission sp\u00e9ciale en direct de l\u2019ARTVstudio, le samedi 17 ao\u00fbt de 13\u00a0h \u00e0 16\u00a0h, [&hellip;]<\/p>\n","protected":false},"author":1,"featured_media":0,"comment_status":"open","ping_status":"closed","sticky":false,"template":"","format":"standard","meta":{"footnotes":""},"categories":[39,53],"tags":[1307,1308,1309,154],"class_list":["post-15631","post","type-post","status-publish","format-standard","hentry","category-actualite","category-rythme-et-musique","tag-artvstudio","tag-francoise-davoine","tag-mario-paquet","tag-osm","entry"],"_links":{"self":[{"href":"https:\/\/www.tedpublications.com\/fr\/wp-json\/wp\/v2\/posts\/15631","targetHints":{"allow":["GET"]}}],"collection":[{"href":"https:\/\/www.tedpublications.com\/fr\/wp-json\/wp\/v2\/posts"}],"about":[{"href":"https:\/\/www.tedpublications.com\/fr\/wp-json\/wp\/v2\/types\/post"}],"author":[{"embeddable":true,"href":"https:\/\/www.tedpublications.com\/fr\/wp-json\/wp\/v2\/users\/1"}],"replies":[{"embeddable":true,"href":"https:\/\/www.tedpublications.com\/fr\/wp-json\/wp\/v2\/comments?post=15631"}],"version-history":[{"count":0,"href":"https:\/\/www.tedpublications.com\/fr\/wp-json\/wp\/v2\/posts\/15631\/revisions"}],"wp:attachment":[{"href":"https:\/\/www.tedpublications.com\/fr\/wp-json\/wp\/v2\/media?parent=15631"}],"wp:term":[{"taxonomy":"category","embeddable":true,"href":"https:\/\/www.tedpublications.com\/fr\/wp-json\/wp\/v2\/categories?post=15631"},{"taxonomy":"post_tag","embeddable":true,"href":"https:\/\/www.tedpublications.com\/fr\/wp-json\/wp\/v2\/tags?post=15631"}],"curies":[{"name":"wp","href":"https:\/\/api.w.org\/{rel}","templated":true}]}}