{"id":15484,"date":"2013-08-05T11:33:39","date_gmt":"2013-08-05T15:33:39","guid":{"rendered":"http:\/\/www.tedpublications.com\/fr\/?p=15484"},"modified":"2013-08-05T11:33:39","modified_gmt":"2013-08-05T15:33:39","slug":"hommages-rendus-a-kate-mcgarrigle","status":"publish","type":"post","link":"https:\/\/www.tedpublications.com\/fr\/hommages-rendus-a-kate-mcgarrigle\/","title":{"rendered":"<!--:fr-->Hommages rendus \u00e0 kate McGarrigle<!--:-->"},"content":{"rendered":"<p><!--:fr--><\/p>\n<p style=\"text-align: left;\"><strong><em>Les 7 et 8 ao\u00fbt auront lieu trois \u00e9v\u00e9nements en l\u2019honneur de Kate McGarrigle.<\/em><\/strong><\/p>\n<p><strong>INAUGURATION DE LA PLACE KATE-MCGARRIGLE<\/strong><br \/>\nUn moment charg\u00e9 en \u00e9motions pour saluer cette grande dame aura lieu \u00e0 l\u2019arrondissement d\u2019Outremont, o\u00f9 <strong><em><a href=\"http:\/\/www.tedpublications.com\/fr\/actualite\/hommages-rendus-a-kate-mcgarrigle\/attachment\/martha\/\" rel=\"attachment wp-att-15486\"><img loading=\"lazy\" decoding=\"async\" class=\"size-full wp-image-15486 alignleft\" style=\"border: 0px none;\" alt=\"martha\" src=\"http:\/\/www.tedpublications.com\/fr\/wp-content\/uploads\/2013\/08\/martha.jpg\" width=\"200\" height=\"200\" \/><\/a><\/em><\/strong>r\u00e9sidait l\u2019artiste. Une place de l\u2019avenue Laurier a \u00e9t\u00e9 r\u00e9am\u00e9nag\u00e9e et embellie en hommage \u00e0 <strong>Kate McGarrigle<\/strong>. Une \u0153uvre d\u2019art publique \u00e0 sa m\u00e9moire intitul\u00e9e <em>Kate &amp; Nora<\/em> ornera cette place. Cette \u0153uvre, con\u00e7ue par l\u2019artiste pluridisciplinaire am\u00e9ricain <strong>Robert Wilson<\/strong>, a \u00e9t\u00e9 offerte \u00e0 la <strong>Ville de Montr\u00e9al<\/strong> au nom de la famille par <strong>Rufus Wainwright<\/strong>, le fils de <strong>Kate McGarrigle<\/strong>.<\/p>\n<p><strong>Le mercredi 7 ao\u00fbt<\/strong>, \u00e0 compter de <strong>13h30<\/strong>, Madame<strong> Marie Cinq-Mars<\/strong>, mairesse de l\u2019arrondissement, ainsi que Madame <strong>\u00c9laine Ayotte<\/strong>, responsable de la culture, du patrimoine et design au comit\u00e9 ex\u00e9cutif de la Ville de Montr\u00e9al, se joindront au clan <em><strong>Wainwright-McGarrigle<\/strong><\/em> pour l\u2019inauguration officielle devant les m\u00e9dias. <strong>Rufus<\/strong> et <strong>Martha<\/strong> seront disponibles sur place pour une p\u00e9riode de questions.<\/p>\n<p><em><strong>SING ME THE SONGS THAT SAY I LOVE YOU: LE FILM<\/strong><\/em><br \/>\nLe documentaire <em><strong>Sing Me The Songs That Say I Love You: A Concert For Kate McGarrigle<\/strong><\/em> sera pr\u00e9sent\u00e9 en premi\u00e8re canadienne au <strong>Th\u00e9\u00e2tre Outremont<\/strong> apr\u00e8s l\u2019inauguration de la <strong>Place McGarrigle<\/strong> \u00e0 19h.<\/p>\n<p>Le film sera pr\u00e9sent\u00e9 par le c\u00e9l\u00e8bre cin\u00e9aste <strong>Wim Wenders<\/strong> et par <strong>Rufus Wainwright<\/strong>.<\/p>\n<p>Programm\u00e9 en s\u00e9lection officielle aux festivals de Berlin et de Sydney l\u2019an dernier, le documentaire r\u00e9alis\u00e9 par <strong>Lian Lunson<\/strong> (<strong>Leonard Cohen<\/strong>: <em>I\u2019m Your Man<\/em>) fait revivre l\u2019hommage musical rendu \u00e0 la regrett\u00e9e <strong>Kate McGarrigle<\/strong> au th\u00e9\u00e2tre <strong>Town Hal<\/strong>l \u00e0 New York en 2011. L\u2019\u0153uvre met en vedette une brochette d\u2019artistes incluant <strong>Rufus<\/strong> et <strong>Martha Wainwright<\/strong>, ainsi qu\u2019<strong>Emmylou Harris<\/strong>, <strong>Justin Vivian Bond<\/strong>, <strong>Antony Hegarty<\/strong>, <strong>Krystle Warren<\/strong>, <strong>Norah Jones<\/strong>, <strong>Teddy Thompson<\/strong> et l\u2019\u00e9crivain <strong>Michael Ondaatje<\/strong>.<\/p>\n<p><em><strong>CONCERT B\u00c9N\u00c9FICE CHEMINANT VERS MA VILLE<\/strong><\/em><br \/>\nDans le cadre de la s\u00e9rie <em>Jazz<\/em> \u00e0 l\u2019ann\u00e9e du <strong>Festival International de Jazz de Montr\u00e9al<\/strong>, <strong>Martha<\/strong> et <strong>Rufus<\/strong> <strong>Wainwright<\/strong> ainsi qu\u2019<strong>Anna McGarrigle<\/strong> partageront la sc\u00e8ne avec <strong>Pierre Lapointe<\/strong>, <strong>Robert Charlebois<\/strong>, <strong>Michel Rivard<\/strong>, <strong>Marie Mich\u00e8le Desrosiers<\/strong> et <strong>Fanny Bloom<\/strong> le temps de deux repr\u00e9sentations du concert <em>Cheminant vers ma ville<\/em>. Ils monteront sur les planches du <strong>Th\u00e9\u00e2tre Outremont<\/strong> \u00e0 <strong>18h<\/strong> et <strong>21h30<\/strong> le <strong>8 ao\u00fbt<\/strong> prochain afin de c\u00e9l\u00e9brer le r\u00e9pertoire musicale de <strong>Kate McGarrigle<\/strong>.<\/p>\n<p>Les profits de la soir\u00e9e seront remis au <strong>Fonds Kate McGarrigle<\/strong> administr\u00e9 par le <strong>Centre universitaire de sant\u00e9 McGill<\/strong> (<strong>CUSM<\/strong>). Chaque ann\u00e9e le <strong>CUSM<\/strong> remet des bourses de recherche \u00e0 des scientifiques qui tentent de trouver un rem\u00e8de contre le sarcome, le cancer dont <strong>Kate<\/strong> est d\u00e9c\u00e9d\u00e9e en 2010.<\/p>\n<p><strong>Inauguration de la Place Kate-McGarrigle<\/strong><br \/>\nDate: Le mercredi 7 ao\u00fbt 2013<br \/>\nHeure: 13h30<br \/>\nLieu: avenue Laurier, entre les avenues Querbes et Durocher<\/p>\n<p><strong>Pr\u00e9sentation du film <em>Sing Me The Songs That Say I Love You<\/em><\/strong><br \/>\nDate: Le mercredi 7 ao\u00fbt 2013<br \/>\nHeure: 19h<br \/>\nLieu: <strong>Th\u00e9\u00e2tre Outremont<\/strong> (1248, av. Bernard Ouest)<br \/>\nCo\u00fbt: 15,15$ taxes incluses<br \/>\n<a href=\"http:\/\/www.theatreoutremont.ca\/\" target=\"_blank\"><strong>http:\/\/www.theatreoutremont.ca\/<\/strong><\/a><\/p>\n<p><strong>Concert-b\u00e9n\u00e9fice <em>Cheminant vers ma ville<\/em><\/strong><br \/>\nDate: Le jeudi 8 ao\u00fbt 2013<br \/>\nHeure: 18h et 21h30<br \/>\nLieu: <strong>Th\u00e9\u00e2tre Outremont<\/strong> (1248, av. Bernard Ouest)<br \/>\nCo\u00fbt: De 100$ et 107,20$ taxes incluses<br \/>\n<a href=\"http:\/\/www.theatreoutremont.ca\/\" target=\"_blank\"><strong>http:\/\/www.theatreoutremont.ca\/<\/strong><\/a><!--:--><\/p>\n","protected":false},"excerpt":{"rendered":"<p>Les 7 et 8 ao\u00fbt auront lieu trois \u00e9v\u00e9nements en l\u2019honneur de Kate McGarrigle. INAUGURATION DE LA PLACE KATE-MCGARRIGLE Un moment charg\u00e9 en \u00e9motions pour saluer cette grande dame aura lieu \u00e0 l\u2019arrondissement d\u2019Outremont, o\u00f9 r\u00e9sidait l\u2019artiste. Une place de l\u2019avenue Laurier a \u00e9t\u00e9 r\u00e9am\u00e9nag\u00e9e et embellie en hommage \u00e0 Kate McGarrigle. Une \u0153uvre d\u2019art [&hellip;]<\/p>\n","protected":false},"author":1,"featured_media":0,"comment_status":"open","ping_status":"closed","sticky":false,"template":"","format":"standard","meta":{"footnotes":""},"categories":[39,53],"tags":[],"class_list":["post-15484","post","type-post","status-publish","format-standard","hentry","category-actualite","category-rythme-et-musique","entry"],"_links":{"self":[{"href":"https:\/\/www.tedpublications.com\/fr\/wp-json\/wp\/v2\/posts\/15484","targetHints":{"allow":["GET"]}}],"collection":[{"href":"https:\/\/www.tedpublications.com\/fr\/wp-json\/wp\/v2\/posts"}],"about":[{"href":"https:\/\/www.tedpublications.com\/fr\/wp-json\/wp\/v2\/types\/post"}],"author":[{"embeddable":true,"href":"https:\/\/www.tedpublications.com\/fr\/wp-json\/wp\/v2\/users\/1"}],"replies":[{"embeddable":true,"href":"https:\/\/www.tedpublications.com\/fr\/wp-json\/wp\/v2\/comments?post=15484"}],"version-history":[{"count":0,"href":"https:\/\/www.tedpublications.com\/fr\/wp-json\/wp\/v2\/posts\/15484\/revisions"}],"wp:attachment":[{"href":"https:\/\/www.tedpublications.com\/fr\/wp-json\/wp\/v2\/media?parent=15484"}],"wp:term":[{"taxonomy":"category","embeddable":true,"href":"https:\/\/www.tedpublications.com\/fr\/wp-json\/wp\/v2\/categories?post=15484"},{"taxonomy":"post_tag","embeddable":true,"href":"https:\/\/www.tedpublications.com\/fr\/wp-json\/wp\/v2\/tags?post=15484"}],"curies":[{"name":"wp","href":"https:\/\/api.w.org\/{rel}","templated":true}]}}