{"id":15219,"date":"2013-06-26T15:04:36","date_gmt":"2013-06-26T19:04:36","guid":{"rendered":"http:\/\/www.tedpublications.com\/fr\/?p=15219"},"modified":"2013-06-26T15:04:36","modified_gmt":"2013-06-26T19:04:36","slug":"thomas-enhco-en-spectacle-mardi-2-juillet-et-jeudi-4-juillet","status":"publish","type":"post","link":"https:\/\/www.tedpublications.com\/fr\/thomas-enhco-en-spectacle-mardi-2-juillet-et-jeudi-4-juillet\/","title":{"rendered":"<!--:fr-->Thomas Enhco: en spectacle les 2 et 4 juillet<!--:-->"},"content":{"rendered":"<p><!--:fr--><span style=\"color: #ffffff;\"><\/span><br \/>\n<b>THOMAS ENHCO: <\/b><i>Fireflies<br \/>\n<\/i><b>EN SPECTACLE <\/b><br \/>\n<b>Mardi 2 juillet <\/b>Cinqui\u00e8me Salle (Montr\u00e9al)<br \/>\n<i>Dans le cadre du Festival International de Jazz de Montr\u00e9al <\/i><br \/>\n<b>Jeudi 4 juillet <\/b>Le Cerce (Qu\u00e9bec)<br \/>\n<i>Dans le cadre du FEQ<\/i><b><\/b><\/p>\n<p>Montr\u00e9al, juin 2013 \u2013 Avec <i>Fireflies<\/i>, son troisi\u00e8me album, disponible sur les plateformes num\u00e9rique, <b>Thomas Enhco <\/b>s\u2019empare, \u00e0 23 ans, d\u2019un destin qui lui ouvre les portes d\u2019une reconnaissance internationale. Il sera de passage au Festival International de Jazz le 2 juillet \u00e0 la Cinqui\u00e8me Salle de la Place des arts et au Cercle de Qu\u00e9bec dans le cadre du FEQ le 4 juillet. Il y pr\u00e9sentera entre autre les pi\u00e8ces de <i>Fireflies <\/i>en formule solo et trio, accompagn\u00e9 de Chris Jennings \u00e0 la contrebasse et de Nicolas Charlier \u00e0 la batterie.<\/p>\n<p>En choisissant tout d\u2019abord de produire lui-m\u00eame <i>Fireflies<\/i>, il \u00e9labore \u00a0minutieusement \u00a0les \u00a0conditions \u00a0id\u00e9ales \u00a0dans \u00a0les-\u00a0quelles il souhaite enregistrer, s\u2019entoure de musiciens qu\u2019il\u00a0conna\u00eet sur le bout des doigts apr\u00e8s deux ans de tourn\u00e9e, et\u00a0s\u2019inscrit d\u2019embl\u00e9e dans l\u2019exigence.<\/p>\n<p style=\"text-align: left;\">En prenant le parti de composer enti\u00e8rement les treize pi\u00e8ces de cet album <b>\u2013 <\/b>\u00e0 l\u2019exception d\u2019une reprise, <i>Tr\u00e4umerei, in Kinderszenen, Op. 15 <\/i>de Robert Schumann <b>\u2013 <\/b>le jeune pianiste prodige s\u2019affirme comme un musicien majeur de sa g\u00e9n\u00e9ration, un compositeur juste, qui place la m\u00e9lodie au centre de tout, et un leader ma\u00eetrise mprovisateur \u00e0 la personnalit\u00e9 fascinante qui ma\u00eetrise les codes, sublime le discours, absorbe les influences et ancre sa musique dans une certaine id\u00e9e du lyrisme.<\/p>\n<p><a href=\"http:\/\/www.tedpublications.com\/fr\/actualite\/thomas-enhco-en-spectacle-mardi-2-juillet-et-jeudi-4-juillet\/attachment\/thomas_enhco_226_06_2013\/\" rel=\"attachment wp-att-15221\"><img loading=\"lazy\" decoding=\"async\" class=\"size-full wp-image-15221 aligncenter\" style=\"border: 0px none;\" alt=\"thomas_enhco_226_06_2013\" src=\"http:\/\/www.tedpublications.com\/fr\/wp-content\/uploads\/2013\/06\/thomas_enhco_226_06_2013.jpg\" width=\"590\" height=\"393\" \/><\/a><span style=\"color: #ffffff;\">.<\/span><br \/>\n<i>Fireflies <\/i>illustre bien la dualit\u00e9 qui existe dans le r\u00e9pertoire que nous pr\u00e9sente <b>Thomas Enhco <\/b>: une exploration du clair- obscur. Alors que les titres nous parlent de Trains de Nuit, de fant\u00f4mes <b>\u2013 <\/b><i>You\u2019re Just a Ghost <\/i><b>\u2013 \u00a0<\/b>ou de d\u00e9serts f\u00e9\u00e9riques <b>\u2013 <\/b><i>Wadi Rum <\/i><b>\u2013 <\/b>la musique cache dans les replis de ses aspects sombres et m\u00e9lancoliques des m\u00e9lodies lumineuses et amples, elle se voile d\u2019onirisme et brille de son myst\u00e8re. C\u2019est l\u00e0 toute la force de cet album : la puissance narrative, la sinc\u00e9rit\u00e9 totale des musiciens, le feu de leur passion ravageur et l\u2019intensit\u00e9 de leur jeu. L\u2019art du trio y appara\u00eet dans toute sa splendeur. L\u2019entente musicale et humaine qui lie les trois protagonistes de cette aventure est plus que pr\u00e9sente : elle est palpable.<\/p>\n<p>Depuis 3 ans, <b>Thomas Enhco <\/b>a connu une ascension fulgurante dans le monde musical : laur\u00e9at du Concours Martial Solal, vainqueur des Django d\u2019Or 2010, compositeur de deux musiques de film et vainqueur du FIPA d\u2019Or 2012 pour l\u2019une d\u2019elles, concerts \u00e0 un rythme effr\u00e9n\u00e9 dans le monde entier (plus de 130 en 2011, dans 14 pays et sur 4 continents), il a multipli\u00e9 les projets audacieux en solo, duo, trio et quartet, et a d\u00e9m\u00e9nag\u00e9 cette ann\u00e9e \u00e0 New York, o\u00f9 il a r\u00e9cemment enregistr\u00e9 avec ses h\u00e9ros Jack DeJohnette (Miles Davis, Keith Jarrett\u2026) et John Patitucci (Chick Corea, Wayne Shorter\u2026).<\/p>\n<p>N\u00e9 en 1988, il commence le violon \u00e0 3 ans et le piano \u00e0 6 ans, \u00e9tudie le classique et le jazz dans les deux instruments, \u00e9crit\u00a0ses premi\u00e8res compositions et donne ses premiers concerts\u00a0\u00e0 l\u2019\u00e2ge o\u00f9, normalement, on joue aux billes dans la cour de r\u00e9creation.<\/p>\n<p><a href=\"http:\/\/www.thomasenhco.com\" target=\"_blank\"><strong>http:\/\/www.thomasenhco.com<\/strong><\/a><!--:--><\/p>\n","protected":false},"excerpt":{"rendered":"<p>THOMAS ENHCO: Fireflies EN SPECTACLE Mardi 2 juillet Cinqui\u00e8me Salle (Montr\u00e9al) Dans le cadre du Festival International de Jazz de Montr\u00e9al Jeudi 4 juillet Le Cerce (Qu\u00e9bec) Dans le cadre du FEQ Montr\u00e9al, juin 2013 \u2013 Avec Fireflies, son troisi\u00e8me album, disponible sur les plateformes num\u00e9rique, Thomas Enhco s\u2019empare, \u00e0 23 ans, d\u2019un destin qui [&hellip;]<\/p>\n","protected":false},"author":1,"featured_media":0,"comment_status":"open","ping_status":"closed","sticky":false,"template":"","format":"standard","meta":{"footnotes":""},"categories":[57,39,53],"tags":[1225,1226,1227,1228,1229,1230,834,1231,1232],"class_list":["post-15219","post","type-post","status-publish","format-standard","hentry","category-haute-fidelite","category-actualite","category-rythme-et-musique","tag-chick-corea","tag-django-dor-2010","tag-jack-dejohnette","tag-john-patitucci","tag-keith-jarrett","tag-martial-solal","tag-miles-davis","tag-robert-schumann","tag-wayne-shorter","entry"],"_links":{"self":[{"href":"https:\/\/www.tedpublications.com\/fr\/wp-json\/wp\/v2\/posts\/15219","targetHints":{"allow":["GET"]}}],"collection":[{"href":"https:\/\/www.tedpublications.com\/fr\/wp-json\/wp\/v2\/posts"}],"about":[{"href":"https:\/\/www.tedpublications.com\/fr\/wp-json\/wp\/v2\/types\/post"}],"author":[{"embeddable":true,"href":"https:\/\/www.tedpublications.com\/fr\/wp-json\/wp\/v2\/users\/1"}],"replies":[{"embeddable":true,"href":"https:\/\/www.tedpublications.com\/fr\/wp-json\/wp\/v2\/comments?post=15219"}],"version-history":[{"count":0,"href":"https:\/\/www.tedpublications.com\/fr\/wp-json\/wp\/v2\/posts\/15219\/revisions"}],"wp:attachment":[{"href":"https:\/\/www.tedpublications.com\/fr\/wp-json\/wp\/v2\/media?parent=15219"}],"wp:term":[{"taxonomy":"category","embeddable":true,"href":"https:\/\/www.tedpublications.com\/fr\/wp-json\/wp\/v2\/categories?post=15219"},{"taxonomy":"post_tag","embeddable":true,"href":"https:\/\/www.tedpublications.com\/fr\/wp-json\/wp\/v2\/tags?post=15219"}],"curies":[{"name":"wp","href":"https:\/\/api.w.org\/{rel}","templated":true}]}}