{"id":15159,"date":"2013-06-11T12:27:01","date_gmt":"2013-06-11T16:27:01","guid":{"rendered":"http:\/\/www.tedpublications.com\/fr\/?p=15159"},"modified":"2013-06-11T12:27:01","modified_gmt":"2013-06-11T16:27:01","slug":"sarah-slean-nouveau-cd-with-strings","status":"publish","type":"post","link":"https:\/\/www.tedpublications.com\/fr\/sarah-slean-nouveau-cd-with-strings\/","title":{"rendered":"<!--:fr-->SARAH SLEAN, nouveau CD: with strings<!--:-->"},"content":{"rendered":"<p><!--:fr--><\/p>\n<div>\n<p><span style=\"color: #ffffff;\">\u00a0.<\/span><br \/>\n<b>EN SPECTACLE<br \/>\nSamed<\/b><b>i 29 juin <\/b>Club Soda (Montr\u00e9al)<br \/>\n<i>Dan<\/i><i>s le cadre du Festival International de Jazz de Montr\u00e9al<\/i><\/p>\n<\/div>\n<div>\n<p style=\"text-align: left;\"><b><a href=\"http:\/\/www.tedpublications.com\/fr\/actualite\/sarah-slean-nouveau-cd-with-strings\/attachment\/sarah_slean_cover_01_06_2013\/\" rel=\"attachment wp-att-15160\"><img loading=\"lazy\" decoding=\"async\" class=\"size-full wp-image-15160 alignleft\" style=\"border: 0px none;\" alt=\"sarah_slean_cover_01_06_2013\" src=\"http:\/\/www.tedpublications.com\/fr\/wp-content\/uploads\/2013\/06\/sarah_slean_cover_01_06_2013.jpg\" width=\"274\" height=\"249\" \/><\/a>Montr\u00e9al, juin 2013 \u2013 <\/b>Apr\u00e8s \u00a0avoir \u00a0travers\u00e9 le \u00a0pays \u00a0d\u2019un \u00a0bout \u00e0 l\u2019autre \u00a0en plus \u00a0de \u00a0terminer une \u00a0s\u00e9rie \u00a0de \u00a025 spectacles au Qu\u00e9bec en \u00a0premi\u00e8re \u00a0partie\u00a0 \u00a0de\u00a0 \u00a0Ian \u00a0Kelly \u00e0 \u00a0l\u2019hiver \u00a02012,\u00a0 \u00a0la \u00a0talentueuse chanteuse et musicienne <b>Sara<\/b><b>h Slean <\/b>sera de passage au Club Soda le 29 juin prochain dans\u00a0 le cadre du Festival International de Jazz de Montr\u00e9al, pour \u00a0la premi\u00e8re fois depuis 2008.<\/p>\n<p>Elle sera accompagn\u00e9 pour \u00a0cette occasion unique de\u00a0 11 musiciens incluant \u00a0une \u00a0section d\u2019instruments \u00e0 \u00a0cordes et \u00a0elle \u00a0interpr\u00e8tera, entre autre, les \u00a0pi\u00e8ces de \u00a0son \u00a0magnifique album \u00a0double <i>Land &amp; Sea<\/i>, paru \u00a0l\u2019an dernier sur \u00e9tiquette Pheromone et \u00a0acclam\u00e9 par \u00a0la critique.<\/p>\n<p>Projet ambitieux, <i>Land &amp; Sea <\/i>comprend 18 pi\u00e8ces. <i>Land<\/i>, r\u00e9alis\u00e9 par le renomm\u00e9 Joel \u00a0Plaskett, est un album \u00a0\u00e0 saveur \u00a0pop aux m\u00e9lodies exquises alors que \u00a0<i>Sea <\/i>offre le c\u00f4t\u00e9 \u00a0classique de <b>Sarah Slean<\/b>. Enregistr\u00e9 \u00e0 Toronto en compagnie d\u2019un orchestre d\u2019instruments \u00e0 cordes de \u00a021 \u00a0musiciens, dont \u00a0la \u00a0violoniste Marie \u00a0Berard \u00a0et \u00a0des membres du \u00a0St. Lawrence \u00a0String \u00a0Quartet, du \u00a0Gryphon Trio et \u00a0de Arc Ensemble.<\/p>\n<p style=\"text-align: center;\"><a href=\"http:\/\/www.tedpublications.com\/fr\/actualite\/sarah-slean-nouveau-cd-with-strings\/attachment\/sarah_slean_11_06_2013_2\/\" rel=\"attachment wp-att-15161\"><img loading=\"lazy\" decoding=\"async\" class=\"aligncenter size-full wp-image-15161\" style=\"border: 0px none;\" alt=\"sarah_slean_11_06_2013_2\" src=\"http:\/\/www.tedpublications.com\/fr\/wp-content\/uploads\/2013\/06\/sarah_slean_11_06_2013_2.jpg\" width=\"590\" height=\"393\" \/><\/a><\/p>\n<p>Avec neuf albums \u00e0 son actif, 3 nominations aux prix JUNO et deux nominations aux prix Gemini, <b>Sarah Slean <\/b>est reconnue \u00e0 juste titre comme l\u2019une \u00a0des \u00a0grandes artistes au \u00a0pays. \u00a0Elle travaille \u00a0pr\u00e9sen\u00ad tement sur de nouveaux projets qui seront d\u00e9voil\u00e9s sous peu.<\/p>\n<p>\u00ab Un tr\u00e9sor national \u00bb &#8211; Alain Brunet (<i>La Presse<\/i>)<br \/>\n\u00ab Ce disque est son chef <span style=\"text-decoration: underline;\">d\u2019\u0153uvre \u00bb &#8211; Jordan<\/span> Zivitz (<i>The Gazette<\/i>)<\/p>\n<\/div>\n<p><a href=\"http:\/\/www.sarahslean.com\/\">http:\/\/www.sarahslean.com\/<\/a><!--:--><\/p>\n","protected":false},"excerpt":{"rendered":"<p>\u00a0. EN SPECTACLE Samedi 29 juin Club Soda (Montr\u00e9al) Dans le cadre du Festival International de Jazz de Montr\u00e9al Montr\u00e9al, juin 2013 \u2013 Apr\u00e8s \u00a0avoir \u00a0travers\u00e9 le \u00a0pays \u00a0d\u2019un \u00a0bout \u00e0 l\u2019autre \u00a0en plus \u00a0de \u00a0terminer une \u00a0s\u00e9rie \u00a0de \u00a025 spectacles au Qu\u00e9bec en \u00a0premi\u00e8re \u00a0partie\u00a0 \u00a0de\u00a0 \u00a0Ian \u00a0Kelly \u00e0 \u00a0l\u2019hiver \u00a02012,\u00a0 \u00a0la \u00a0talentueuse chanteuse [&hellip;]<\/p>\n","protected":false},"author":1,"featured_media":0,"comment_status":"open","ping_status":"closed","sticky":false,"template":"","format":"standard","meta":{"footnotes":""},"categories":[57,39,53],"tags":[1208,1209,1171,1210,1211,1212,522,1213,1214],"class_list":["post-15159","post","type-post","status-publish","format-standard","hentry","category-haute-fidelite","category-actualite","category-rythme-et-musique","tag-arc-ensemble","tag-club-soda","tag-festival-international-de-jazz-de-montreal","tag-gemini","tag-gryphon-trio","tag-ian-kelly","tag-juno","tag-land-sea","tag-st-lawrence-string-quartet","entry"],"_links":{"self":[{"href":"https:\/\/www.tedpublications.com\/fr\/wp-json\/wp\/v2\/posts\/15159","targetHints":{"allow":["GET"]}}],"collection":[{"href":"https:\/\/www.tedpublications.com\/fr\/wp-json\/wp\/v2\/posts"}],"about":[{"href":"https:\/\/www.tedpublications.com\/fr\/wp-json\/wp\/v2\/types\/post"}],"author":[{"embeddable":true,"href":"https:\/\/www.tedpublications.com\/fr\/wp-json\/wp\/v2\/users\/1"}],"replies":[{"embeddable":true,"href":"https:\/\/www.tedpublications.com\/fr\/wp-json\/wp\/v2\/comments?post=15159"}],"version-history":[{"count":0,"href":"https:\/\/www.tedpublications.com\/fr\/wp-json\/wp\/v2\/posts\/15159\/revisions"}],"wp:attachment":[{"href":"https:\/\/www.tedpublications.com\/fr\/wp-json\/wp\/v2\/media?parent=15159"}],"wp:term":[{"taxonomy":"category","embeddable":true,"href":"https:\/\/www.tedpublications.com\/fr\/wp-json\/wp\/v2\/categories?post=15159"},{"taxonomy":"post_tag","embeddable":true,"href":"https:\/\/www.tedpublications.com\/fr\/wp-json\/wp\/v2\/tags?post=15159"}],"curies":[{"name":"wp","href":"https:\/\/api.w.org\/{rel}","templated":true}]}}