{"id":15095,"date":"2013-06-04T21:26:11","date_gmt":"2013-06-05T01:26:11","guid":{"rendered":"http:\/\/www.tedpublications.com\/fr\/?p=15095"},"modified":"2013-06-04T21:26:11","modified_gmt":"2013-06-05T01:26:11","slug":"laurent-de-wilde-over-the-clouds","status":"publish","type":"post","link":"https:\/\/www.tedpublications.com\/fr\/laurent-de-wilde-over-the-clouds\/","title":{"rendered":"<!--:fr-->Laurent de wilde &#8211; Over The Clouds<!--:-->"},"content":{"rendered":"<p><!--:fr--><i><span style=\"color: #ffffff;\">.<\/span><br \/>\nAvec Ira Coleman (contrebasse)<\/i> <i>et Clarence Penn (batterie)<\/i><\/p>\n<p><b>Nouve<\/b><b>l album en magasin le 11 juin<\/b><\/p>\n<p><b>EN SPECTACLE\u00a0<\/b>: <b>Samedi 6 juillet <\/b>L\u2019Astral (Montr\u00e9al)<br \/>\n<i>Dan<\/i><i>s le cadre du Festival International de Jazz de Montr\u00e9al<\/i><\/p>\n<p style=\"text-align: left;\"><b><a href=\"http:\/\/www.tedpublications.com\/fr\/actualite\/laurent-de-wilde-over-the-clouds\/attachment\/laurentdewilde_05_06_2013\/\" rel=\"attachment wp-att-15096\"><img loading=\"lazy\" decoding=\"async\" class=\"size-full wp-image-15096 alignleft\" style=\"border: 0px none;\" alt=\"LaurentDeWilde_05_06_2013\" src=\"http:\/\/www.tedpublications.com\/fr\/wp-content\/uploads\/2013\/06\/LaurentDeWilde_05_06_2013.jpg\" width=\"270\" height=\"270\" \/><\/a>Montr\u00e9al, 2013 \u2013 <\/b>C\u2019est le grand retour aux sources de <b>Laurent De <\/b><b>Wilde<\/b>, pianiste aux racines jazz qui s\u2019\u00e9tait distingu\u00e9 au Festival, il y a une d\u00e9cennie, gr\u00e2ce \u00e0 ses aventures \u00e9lectronique. Le musicien auteur \u00a0d\u2019une \u00a0biographie \u00a0consacr\u00e9e \u00a0\u00e0 \u00a0<i>Thelonious \u00a0Monk \u00a0<\/i>est \u00a0de retour au FIJM apr\u00e8s 8 ans d\u2019absence pour venir presenter <i>Over<\/i> <i>the Clouds<\/i>, son plus r\u00e9cent disque enfin disponible au Qu\u00e9bec le 11 juin prochain.<\/p>\n<p>Enregistr\u00e9 \u00e0 Paris en janvier 2012 par Dominique \u00ab Dume \u00bb Poutet, l\u2019album fut realize par Laurent de Wilde et Dume Poutet et compos\u00e9 enti\u00e8rement par Laurent sauf les pi\u00e8ces \u00a0<i>Irafrica <\/i>(Laurent de Wilde\/ Ira Coleman), <i>Prelude to a kiss <\/i>(Duke Ellington) et <i>Fe fe naa efe <\/i>(Fela Kuti).<\/p>\n<p><b>Laurent de Wilde <\/b>raconte : \u00ab Le hasard de la vie et du temps qui passe ont fait que six ans se sont \u00e9coul\u00e9s depuis mon dernier enregistrement en trio, mes exp\u00e9riences \u00e9lectroniques ayant pris le pas sur cette formule plus acoustique. Cette formation me manquait d\u2019autant plus qu\u2019il me tardait d\u2019incorporer dans de nouvelles compositions les enseignements tir\u00e9s des mes aventures sonores : comment \u00e9largir le vocabulaire traditionnel du trio, avec ses prises de risque, sa fragilit\u00e9 intrins\u00e8que, son language ancr\u00e9 dans une tradition qui ne cesse d\u2019\u00e9voluer?<\/p>\n<p style=\"text-align: left;\">Aussi ai-je d\u00e9cid\u00e9 pour l\u2019occasion de renouer avec mon pass\u00e9 new- yorkais et de convier \u00e0 cette session mon vieil ami Ira Coleman avec qui je n\u2019avais pas travaill\u00e9 depuis fort longtemps, tout occup\u00e9 qu\u2019il \u00e9tait dans les groupes de Herbie Hancock, Dee Dee Bridgewater ou Sting, et de m\u2019assurer la participation de Clarence Penn, l\u2019un des batteurs les plus subtils et musicaux de sa g\u00e9n\u00e9ration.<\/p>\n<p><a href=\"http:\/\/www.tedpublications.com\/fr\/actualite\/laurent-de-wilde-over-the-clouds\/attachment\/laurent_dewilde_05_06_2013\/\" rel=\"attachment wp-att-15098\"><img loading=\"lazy\" decoding=\"async\" class=\"aligncenter size-full wp-image-15098\" style=\"border: 0px none;\" alt=\"laurent_dewilde_05_06_2013\" src=\"http:\/\/www.tedpublications.com\/fr\/wp-content\/uploads\/2013\/06\/laurent_dewilde_05_06_2013.jpg\" width=\"590\" height=\"394\" \/><\/a><\/p>\n<p>Sans nous concerter, nous r\u00e9alis\u00e2mes Ira et moi que les ann\u00e9es pass\u00e9es avait accru notre attirance pour la musique africaine dans ses diff\u00e9rentes g\u00e9ographies : Mali, Cameroun, Nigeria\u2026 Il y a l\u00e0 un vivier formidable de rythmes et de m\u00e9lodies qui ne demandent qu\u2019\u00e0 se m\u00e9langer au langage plus occidental du jazz contemporain et nous \u00e9tions fort impatients d\u2019en exp\u00e9rimenter le mariage.<\/p>\n<p>\u00abJe suis le premier \u00e9tonn\u00e9 de la musique qui en est sortie. Beaucoup d\u2019\u00e9nergie, mais aussi de grandes plages d\u2019un calme dont je m\u2019ignorais capable et qui me font r\u00e9aliser que, l\u2019\u00e2ge aidant, le regard voit plus loin et qu\u2019il se fixe un horizon plus clair et plus sensible, l\u00e0 o\u00f9 l\u2019air est plus pur, quelque part au-del\u00e0 des nuages\u00bb.<\/p>\n<p><a href=\"http:\/\/www.laurentdewilde.com\/\" target=\"_blank\"><strong>http:\/\/www.laurentdewilde.com\/<\/strong><\/a><!--:--><\/p>\n","protected":false},"excerpt":{"rendered":"<p>. Avec Ira Coleman (contrebasse) et Clarence Penn (batterie) Nouvel album en magasin le 11 juin EN SPECTACLE\u00a0: Samedi 6 juillet L\u2019Astral (Montr\u00e9al) Dans le cadre du Festival International de Jazz de Montr\u00e9al Montr\u00e9al, 2013 \u2013 C\u2019est le grand retour aux sources de Laurent De Wilde, pianiste aux racines jazz qui s\u2019\u00e9tait distingu\u00e9 au Festival, [&hellip;]<\/p>\n","protected":false},"author":1,"featured_media":0,"comment_status":"open","ping_status":"closed","sticky":false,"template":"","format":"standard","meta":{"footnotes":""},"categories":[39,53],"tags":[473,1199,1200,1201,1171,1202,1203,1141],"class_list":["post-15095","post","type-post","status-publish","format-standard","hentry","category-actualite","category-rythme-et-musique","tag-astral","tag-dee-dee-bridgewater","tag-duke-ellington","tag-fela-kuti","tag-festival-international-de-jazz-de-montreal","tag-herbie-hancock","tag-sting","tag-thelonious-monk","entry"],"_links":{"self":[{"href":"https:\/\/www.tedpublications.com\/fr\/wp-json\/wp\/v2\/posts\/15095","targetHints":{"allow":["GET"]}}],"collection":[{"href":"https:\/\/www.tedpublications.com\/fr\/wp-json\/wp\/v2\/posts"}],"about":[{"href":"https:\/\/www.tedpublications.com\/fr\/wp-json\/wp\/v2\/types\/post"}],"author":[{"embeddable":true,"href":"https:\/\/www.tedpublications.com\/fr\/wp-json\/wp\/v2\/users\/1"}],"replies":[{"embeddable":true,"href":"https:\/\/www.tedpublications.com\/fr\/wp-json\/wp\/v2\/comments?post=15095"}],"version-history":[{"count":0,"href":"https:\/\/www.tedpublications.com\/fr\/wp-json\/wp\/v2\/posts\/15095\/revisions"}],"wp:attachment":[{"href":"https:\/\/www.tedpublications.com\/fr\/wp-json\/wp\/v2\/media?parent=15095"}],"wp:term":[{"taxonomy":"category","embeddable":true,"href":"https:\/\/www.tedpublications.com\/fr\/wp-json\/wp\/v2\/categories?post=15095"},{"taxonomy":"post_tag","embeddable":true,"href":"https:\/\/www.tedpublications.com\/fr\/wp-json\/wp\/v2\/tags?post=15095"}],"curies":[{"name":"wp","href":"https:\/\/api.w.org\/{rel}","templated":true}]}}