{"id":14900,"date":"2013-05-13T08:45:48","date_gmt":"2013-05-13T12:45:48","guid":{"rendered":"http:\/\/www.tedpublications.com\/fr\/?p=14900"},"modified":"2013-05-13T08:45:48","modified_gmt":"2013-05-13T12:45:48","slug":"le-musee-des-ondes-emile-berliner-presente","status":"publish","type":"post","link":"https:\/\/www.tedpublications.com\/fr\/le-musee-des-ondes-emile-berliner-presente\/","title":{"rendered":"<!--:fr-->Le Mus\u00e9e des ondes Emile Berliner pr\u00e9sente&#8230;<!--:-->"},"content":{"rendered":"<p><!--:fr--><\/p>\n<h3><a href=\"http:\/\/www.tedpublications.com\/fr\/actualite\/le-musee-des-ondes-emile-berliner-presente\/attachment\/musee_ondes_13_05_2013\/\" rel=\"attachment wp-att-14901\"><img loading=\"lazy\" decoding=\"async\" class=\"aligncenter size-full wp-image-14901\" style=\"border: 0px none;\" alt=\"musee_ondes_13_05_2013\" src=\"http:\/\/www.tedpublications.com\/fr\/wp-content\/uploads\/2013\/05\/musee_ondes_13_05_2013.jpg\" width=\"590\" height=\"379\" \/><\/a><\/h3>\n<h3><strong><\/strong><strong>Du 24 mai 2013 au 2 mars 2014<br \/>\n<\/strong><br \/>\n<strong>Les Berliner de Montr\u00e9al<\/strong><\/h3>\n<p>C\u2019est l\u2019histoire de deux g\u00e9n\u00e9rations d\u2019immigrants juifs, qui ont contribu\u00e9 \u00e0 faire de Montr\u00e9al un important centre mondial de d\u00e9veloppements technologiques au 20e si\u00e8cle. Cette histoire d\u00e9bute dans la ville allemande de Hanovre en 1851 avec la naissance d\u2019<strong>Emile Berline<\/strong>r.<\/p>\n<p>Ce fils d\u2019un marchand talmudiste reconnu et d\u2019une musicienne amateur allait devenir l\u2019un des inventeurs et hommes d\u2019affaires les plus marquants de la fin du 19e si\u00e8cle et du d\u00e9but 20e si\u00e8cle en Am\u00e9rique.\u00a0 Avec l\u2019aide de deux de ses fils, <strong>Herbert<\/strong> et <strong>Edgar<\/strong>, deux autres passionn\u00e9s d\u2019innovation et d\u2019administration des affaires, il allait lancer l\u2019industrie du disque au Canada et fonder l\u2019une des entreprises technologiques montr\u00e9alaises les plus performantes du dernier si\u00e8cle, dont on se souvient aujourd\u2019hui comme \u00e9tant la <strong>RCA Victor <\/strong>du<strong> Canada<\/strong>.<\/p>\n<p>Au-del\u00e0 de leur contribution au monde de l\u2019industrie,\u00a0 on doit aussi rappeler qu\u2019on parle ici d\u2019une famille de visionnaires et de philanthropes qui ont fait beaucoup, non seulement pour la communaut\u00e9 juive de Montr\u00e9al, qu\u2019ils ont servie avec un d\u00e9vouement propre \u00e0 leur tradition, mais \u00e9galement pour quantit\u00e9 d\u2019autres citoyens qu\u00e9b\u00e9cois, canadiens et am\u00e9ricains.<\/p>\n<p>En s\u2019impliquant dans des causes comme celles de la pasteurisation du lait, de l\u2019acc\u00e8s pour les femmes \u00e0 la recherche scientifique et du combat contre la tuberculose, <strong>Emile Berliner<\/strong> a fait preuve d\u2019audace et d\u2019une vision \u00e9tonnante.<\/p>\n<p>Sur ses traces, <strong>Edgar<\/strong> s\u2019est affich\u00e9 plus tard comme un leader de la communaut\u00e9 d\u2019affaires au Canada et un pilier de la communaut\u00e9 juive, dont il a pr\u00e9sid\u00e9 de nombreuses associations de philanthropie et d\u2019\u00e9ducation.\u00a0 Son fr\u00e8re <strong>Herbert<\/strong> n\u2019a pas h\u00e9sit\u00e9 au plus fort de la grande crise des ann\u00e9es 1930 \u00a0\u00e0 vendre sa maison de Westmount pour sauver son entreprise, la <em>Compo<\/em>, et les emplois de ses employ\u00e9s. C\u2019est \u00e0 lui aussi que l\u2019on doit l\u2019enregistrement de nombreuses vedettes qu\u00e9b\u00e9coises, tant francophones qu\u2019anglophones, dont le souvenir est aujourd\u2019hui imp\u00e9rissable.<\/p>\n<p>Les Berliner appartiennent \u00e0 cette cat\u00e9gorie de gens qui d\u00e9cid\u00e8rent de mettre leurs ressources financi\u00e8res au service des plus d\u00e9munis. Comme le baron <strong>Maurice de Hirsch<\/strong> et <strong>Edmond de Rothschild<\/strong> avant lui, <strong>Emile Berliner<\/strong> et <strong>Edgar Berliner<\/strong> seront \u00e0 Montr\u00e9al, aux c\u00f4t\u00e9s de <strong>Mortimer B. Davi<\/strong>s et de <strong>Samuel Bronfman<\/strong>, deux des grande figures de la philanthropie juive.<\/p>\n<p><a href=\"http:\/\/www.berliner.montreal.museum\/site\/frindex.html\" target=\"_blank\"><strong>http:\/\/www.berliner.montreal.museum\/site\/frindex.html<\/strong><\/a><!--:--><\/p>\n","protected":false},"excerpt":{"rendered":"<p>Du 24 mai 2013 au 2 mars 2014 Les Berliner de Montr\u00e9al C\u2019est l\u2019histoire de deux g\u00e9n\u00e9rations d\u2019immigrants juifs, qui ont contribu\u00e9 \u00e0 faire de Montr\u00e9al un important centre mondial de d\u00e9veloppements technologiques au 20e si\u00e8cle. Cette histoire d\u00e9bute dans la ville allemande de Hanovre en 1851 avec la naissance d\u2019Emile Berliner. Ce fils d\u2019un [&hellip;]<\/p>\n","protected":false},"author":1,"featured_media":0,"comment_status":"open","ping_status":"closed","sticky":false,"template":"","format":"standard","meta":{"footnotes":""},"categories":[57,39,59],"tags":[1114,158,1115,1116,1117,1118,1119,1120,1121,1122],"class_list":["post-14900","post","type-post","status-publish","format-standard","hentry","category-haute-fidelite","category-actualite","category-vedette","tag-berliner","tag-canada","tag-edgard","tag-edmond-de-rothschild","tag-emile-berliner","tag-hebert","tag-maurice-de-hirsch","tag-rca","tag-rca-victor","tag-samuel-bronfman","entry"],"_links":{"self":[{"href":"https:\/\/www.tedpublications.com\/fr\/wp-json\/wp\/v2\/posts\/14900","targetHints":{"allow":["GET"]}}],"collection":[{"href":"https:\/\/www.tedpublications.com\/fr\/wp-json\/wp\/v2\/posts"}],"about":[{"href":"https:\/\/www.tedpublications.com\/fr\/wp-json\/wp\/v2\/types\/post"}],"author":[{"embeddable":true,"href":"https:\/\/www.tedpublications.com\/fr\/wp-json\/wp\/v2\/users\/1"}],"replies":[{"embeddable":true,"href":"https:\/\/www.tedpublications.com\/fr\/wp-json\/wp\/v2\/comments?post=14900"}],"version-history":[{"count":0,"href":"https:\/\/www.tedpublications.com\/fr\/wp-json\/wp\/v2\/posts\/14900\/revisions"}],"wp:attachment":[{"href":"https:\/\/www.tedpublications.com\/fr\/wp-json\/wp\/v2\/media?parent=14900"}],"wp:term":[{"taxonomy":"category","embeddable":true,"href":"https:\/\/www.tedpublications.com\/fr\/wp-json\/wp\/v2\/categories?post=14900"},{"taxonomy":"post_tag","embeddable":true,"href":"https:\/\/www.tedpublications.com\/fr\/wp-json\/wp\/v2\/tags?post=14900"}],"curies":[{"name":"wp","href":"https:\/\/api.w.org\/{rel}","templated":true}]}}