{"id":14550,"date":"2013-04-05T19:23:34","date_gmt":"2013-04-05T23:23:34","guid":{"rendered":"http:\/\/www.tedpublications.com\/fr\/?p=14550"},"modified":"2013-04-05T19:23:34","modified_gmt":"2013-04-05T23:23:34","slug":"lorchestre-symphonique-de-montreal-sur-medici-tv","status":"publish","type":"post","link":"https:\/\/www.tedpublications.com\/fr\/lorchestre-symphonique-de-montreal-sur-medici-tv\/","title":{"rendered":"<!--:fr-->L\u2019OSM sur Medici.TV<!--:-->"},"content":{"rendered":"<p><!--:fr--><\/p>\n<p style=\"text-align: center;\"><a href=\"http:\/\/www.tedpublications.com\/fr\/actualite\/lorchestre-symphonique-de-montreal-sur-medici-tv\/attachment\/nagano_passion\/\" rel=\"attachment wp-att-14551\"><img loading=\"lazy\" decoding=\"async\" class=\"aligncenter size-full wp-image-14551\" style=\"border: 0px none;\" alt=\"nagano_passion\" src=\"http:\/\/www.tedpublications.com\/fr\/wp-content\/uploads\/2013\/04\/nagano_passion.jpg\" width=\"590\" height=\"393\" \/><\/a><\/p>\n<p><b>Montr\u00e9al, le 28 mars 2013 \u2013 <\/b>L\u2019Orchestre symphonique de Montr\u00e9al est heureux d\u2019annoncer que le concert <i>L\u2019OSM et la Sixi\u00e8me Symphonie de Bruckner<\/i>, pr\u00e9sent\u00e9 le 16 avril prochain \u00e0 la Maison symphonique de Montr\u00e9al, sera <b>transmis en direct et en continu sur medici.tv<\/b>, plateforme web internationale offrant un vaste catalogue de musique classique en ligne. L\u2019OSM, <b>sous la direction de son directeur musical, Kent Nagano, <\/b>accueillera pour l\u2019occasion le pianiste <b>Till Fellner <\/b>qui interpr\u00e9tera le <i>Troisi\u00e8me Concerto <\/i>de Beethoven. Il s\u2019agit d\u2019un premier concert transmis en continu pour l\u2019OSM sur medici.tv, qui offrira gratuitement cette performance en direct le 16 avril et en diff\u00e9r\u00e9 pendant une p\u00e9riode de trois mois. L\u2019OSM joint ainsi une grande plateforme web audiovisuelle qui diffuse les concerts des plus grands orchestres, festivals, \u00e9v\u00e9nements et artistes classiques actuels. Cette transmission est rendue possible gr\u00e2ce au soutien d\u2019Air Canada.<\/p>\n<p>\u00ab Faisant des efforts constants pour joindre un public toujours plus large et souhaitant pour ce faire utiliser les nouvelles technologies qui offrent des possibilit\u00e9s accrues de diffusion, nous sommes particuli\u00e8rement fiers de cette collaboration avec medici.tv, plateforme audiovisuelle incontournable dans le domaine de la musique classique. Nous esp\u00e9rons que le public d\u2019ici et d\u2019ailleurs sera nombreux \u00e0 d\u00e9couvrir ou \u00e0 retrouver le son unique et la personnalit\u00e9 qui distinguent notre orchestre. De plus, il nous apparaissait essentiel, dans le cadre de notre strat\u00e9gie \u00a0multim\u00e9dia, \u00a0de\u00a0 joindre \u00a0les \u00a0rangs \u00a0des \u00a0autres \u00a0grands \u00a0orchestres \u00a0qui \u00a0utilisent \u00a0d\u00e9j\u00e0 \u00a0les \u00a0nouvelles technologies pour rayonner sur la sc\u00e8ne internationale \u00bb, a d\u00e9clar\u00e9 Madeleine Careau, chef de la direction de l\u2019OSM.<\/p>\n<p>Le concert <i>L\u2019OSM et la Sixi\u00e8me Symphonie de Bruckner <\/i>sera <b>diffus\u00e9 en direct le 16 avril, 20 h, \u00e0 medici.tv<\/b>. De plus, le public int\u00e9ress\u00e9 peut obtenir davantage de renseignements \u00e0 <b>osm.ca<\/b>. Pr\u00e9sentation du concert :<\/p>\n<p><b>Kent Nagano<\/b>, chef d&rsquo;orchestre<br \/>\n<b>Till Fellner<\/b>, piano<\/p>\n<p><b>ROSSINI, <\/b><i>Guillaume Tell<\/i>, ouverture<br \/>\n<b>BEETHOVEN, <\/b>Concerto pour piano n\u00b0 3<br \/>\n<b>BRUCKNER, <\/b>Symphonie n\u00b0 6<\/p>\n<p>Anton Bruckner qualifie sa <i>Sixi\u00e8me Symphonie <\/i>de la plus hardie d\u2019entre toutes. Jou\u00e9e dans son int\u00e9gralit\u00e9 \u00e0 titre posthume sous la direction de Gustav Mahler, elle est connue aujourd\u2019hui notamment pour son scherzo, l\u2019un des plus beaux compos\u00e9s par Bruckner. Kent Nagano pr\u00e9sente aussi l&rsquo;ouverture <i>Guillaume Tell <\/i>de Rossini, qui remporta un succ\u00e8s v\u00e9ritable et fut le dernier op\u00e9ra de Rossini.<\/p>\n<p>Till \u00a0Fellner, \u00a0\u00ab un \u00a0pianiste \u00a0accompli \u00a0et \u00a0un \u00a0musicien \u00a0complet \u00bb \u00a0(<i>New \u00a0York \u00a0Times<\/i>), \u00a0poursuit \u00a0son \u00a0int\u00e9grale Beethoven. Les 32 sonates \u00e9tant d\u00e9j\u00e0 conquises depuis 2010, il s\u2019associe une fois de plus avec l\u2019OSM et son chef Kent Nagano pour interpr\u00e9ter le <i>Troisi\u00e8me Concerto<\/i>, dans un dialogue purement romantique entre soliste et orchestre. Till Fellner et l\u2019OSM poursuivent ainsi une longue collaboration, qui comprend notamment un enregistrement sous \u00e9tiquette ECM.<\/p>\n<p><b>\u00c0 propos de medici.tv<\/b><br \/>\nLanc\u00e9 en mai 2008, medici.tv rassemble des membres provenant de 182 pays, ayant visionn\u00e9 plus de 20 millions de vid\u00e9os \u00e0 ce jour. Tout au long de l\u2019ann\u00e9e, medici.tv propose :<br \/>\n100 concerts en direct;<br \/>\n1 000 films de r\u00e9f\u00e9rence sur demande (VOD) et 200 nouveaut\u00e9s en 2013,<br \/>\ndisponibles sur abonnement ou en location.<\/p>\n<p>La plateforme audiovisuelle permet de suivre gratuitement en direct puis en diff\u00e9r\u00e9 les concerts des plus grands orchestres, festivals, \u00e9v\u00e9nements et artistes classiques actuels. L\u2019offre medici.tv comprend tous les genres de la musique \u00a0classique : \u00a0r\u00e9citals, \u00a0musique \u00a0de \u00a0chambre, \u00a0concerts \u00a0symphoniques \u00a0et \u00a0op\u00e9ras, \u00a0ballets \u00a0ainsi \u00a0que \u00a0de nombreux commentaires, cours de ma\u00eetre et portraits d\u2019artistes disponibles sur demande. medici.tv est \u00e9galement disponible sur les applications mobiles iPhone, iPad et Android.<\/p>\n<p>Renseignements: 514 842-9951 ou \u00a0<strong><a href=\"http:\/\/www.osm.ca\/\" target=\"_blank\">www.osm.ca<\/a><\/strong><br \/>\nL\u2019Orchestre symphonique de Montr\u00e9al est pr\u00e9sent\u00e9 par Hydro-Qu\u00e9bec.<br \/>\nLa saison 2012-2013 est pr\u00e9sent\u00e9e en collaboration avec Banque Nationale.<br \/>\nL\u2019Orchestre symphonique de Montr\u00e9al tient \u00e0 remercier Air Canada, partenaire de la tourn\u00e9e de l\u2019Orchestre en Am\u00e9rique du Sud pour son soutien dans le cadre de cette transmission.<!--:--><\/p>\n","protected":false},"excerpt":{"rendered":"<p>Montr\u00e9al, le 28 mars 2013 \u2013 L\u2019Orchestre symphonique de Montr\u00e9al est heureux d\u2019annoncer que le concert L\u2019OSM et la Sixi\u00e8me Symphonie de Bruckner, pr\u00e9sent\u00e9 le 16 avril prochain \u00e0 la Maison symphonique de Montr\u00e9al, sera transmis en direct et en continu sur medici.tv, plateforme web internationale offrant un vaste catalogue de musique classique en ligne. [&hellip;]<\/p>\n","protected":false},"author":1,"featured_media":0,"comment_status":"open","ping_status":"closed","sticky":false,"template":"","format":"standard","meta":{"footnotes":""},"categories":[39,53],"tags":[734,419,1004,154,1005],"class_list":["post-14550","post","type-post","status-publish","format-standard","hentry","category-actualite","category-rythme-et-musique","tag-bruckner","tag-kent-nagano","tag-medici-tv","tag-osm","tag-till-fellner","entry"],"_links":{"self":[{"href":"https:\/\/www.tedpublications.com\/fr\/wp-json\/wp\/v2\/posts\/14550","targetHints":{"allow":["GET"]}}],"collection":[{"href":"https:\/\/www.tedpublications.com\/fr\/wp-json\/wp\/v2\/posts"}],"about":[{"href":"https:\/\/www.tedpublications.com\/fr\/wp-json\/wp\/v2\/types\/post"}],"author":[{"embeddable":true,"href":"https:\/\/www.tedpublications.com\/fr\/wp-json\/wp\/v2\/users\/1"}],"replies":[{"embeddable":true,"href":"https:\/\/www.tedpublications.com\/fr\/wp-json\/wp\/v2\/comments?post=14550"}],"version-history":[{"count":0,"href":"https:\/\/www.tedpublications.com\/fr\/wp-json\/wp\/v2\/posts\/14550\/revisions"}],"wp:attachment":[{"href":"https:\/\/www.tedpublications.com\/fr\/wp-json\/wp\/v2\/media?parent=14550"}],"wp:term":[{"taxonomy":"category","embeddable":true,"href":"https:\/\/www.tedpublications.com\/fr\/wp-json\/wp\/v2\/categories?post=14550"},{"taxonomy":"post_tag","embeddable":true,"href":"https:\/\/www.tedpublications.com\/fr\/wp-json\/wp\/v2\/tags?post=14550"}],"curies":[{"name":"wp","href":"https:\/\/api.w.org\/{rel}","templated":true}]}}