{"id":1439,"date":"2010-01-13T12:26:25","date_gmt":"2010-01-13T12:26:25","guid":{"rendered":"http:\/\/www.tedpublications.com\/fr\/?p=1439"},"modified":"2010-01-13T12:26:25","modified_gmt":"2010-01-13T12:26:25","slug":"la-galerie-audio-video","status":"publish","type":"post","link":"https:\/\/www.tedpublications.com\/fr\/la-galerie-audio-video\/","title":{"rendered":"<!--:fr-->La Galerie Audio Vid\u00e9o<!--:-->"},"content":{"rendered":"<p><!--:fr--><strong>La Galerie Audio Vid\u00e9o pr\u00e9sentera  d\u00e9sormais son \u00e9quipement audiovisuel<br \/>\ndans une nouvelle salle de  d\u00e9monstration novatrice au D\u00e9co centre Lasalle. <\/strong><\/p>\n<div>\n<div>\n<p><em>La toute nouvelle salle de  d\u00e9monstration de la Galerie inspirera autant les propri\u00e9taires que les  designers de concepts personnalis\u00e9s. <\/em><\/p>\n<p><strong>Montr\u00e9al, le 13 janvier 2010<\/strong> &#8211; La Galerie Audio Vid\u00e9o annonce aujourd\u2019hui qu\u2019elle ouvrira une salle  de d\u00e9monstration novatrice au D\u00e9co centre Lasalle. La Galerie Audio  Vid\u00e9o occupera un espace d\u2019exposition suppl\u00e9mentaire de 1 000 pieds  carr\u00e9s au sein de ce nouveau complexe d\u2019une superficie de 35 000 pieds  carr\u00e9s consacr\u00e9s \u00e0 la conception sp\u00e9cialis\u00e9e. \u00c0 compter du 1<sup>er <\/sup>f\u00e9vrier,  la toute nouvelle salle de d\u00e9monstration de La Galerie Audio Vid\u00e9o  mettra en vedette des technologies audiovisuelles domestiques de pointe.<\/p>\n<p>Les consultants en conception et les  clients avis\u00e9s pourront ainsi voir et essayer ce qui se fait de mieux en  mati\u00e8re de divertissement \u00e0 domicile. Les sp\u00e9cialistes de l\u2019audiovisuel  de La Galerie seront sur place pour offrir des conseils personnalis\u00e9s  et proposer les solutions novatrices qui r\u00e9pondent le mieux aux besoins  de chaque client.<\/p>\n<p>D\u00e9co centre Lasalle est un concept  rafra\u00eechissant qui fait vivre une exp\u00e9rience de magasinage sans pareille  \u00e0 sa client\u00e8le. Les clients peuvent y magasiner et b\u00e9n\u00e9ficier des  conseils des diverses entreprises de construction domiciliaire pr\u00e9sentes  sur place.<\/p>\n<p><em>\u00ab Les propri\u00e9taires accordent une  tr\u00e8s grande importance au divertissement maison. L\u2019arriv\u00e9e de La Galerie  constitue une perc\u00e9e judicieuse sur le march\u00e9 de la conception  domestique personnalis\u00e9e. Ce nouvel \u00e9tablissement permettra aux  propri\u00e9taires et aux designers de voir et d\u2019essayer la cr\u00e8me des  technologies audiovisuelles, ce qui les aidera \u00e0 prendre la d\u00e9cision  d\u2019achat qui convient. Gr\u00e2ce \u00e0 notre salle de d\u00e9monstration centralis\u00e9e,  les clients pourront faire les bons choix, tout en \u00e9pargnant temps et  argent. Nous sommes ravis de ce nouveau d\u00e9veloppement dans nos activit\u00e9s  et nous nous r\u00e9jouissons \u00e0 l&rsquo;avance d&rsquo;aider nos clients \u00e0 r\u00e9aliser leur  maison de r\u00eave \u00bb<\/em>, d\u00e9clare Ross Fairholm, pr\u00e9sident et directeur g\u00e9n\u00e9ral.<\/p>\n<p><em> \u00ab Depuis plus de 35 ans, Duocom  fait figure de chef de file au sein de l\u2019industrie en mettant au point  des solutions technologiques audiovisuelles de pointe et en les  int\u00e9grant \u00e0 des environnements d&rsquo;entreprise. Sa r\u00e9cente diversification  au sein du march\u00e9 de la construction domiciliaire constitue le  prolongement naturel de ces services sp\u00e9cialis\u00e9s \u00bb<\/em>, indique Marc Potvin, directeur du d\u00e9veloppement des affaires et du marketing. <em>\u00ab  Dor\u00e9navant, les constructeurs de maisons personnalis\u00e9es, les designers  d\u2019int\u00e9rieurs, les architectes et les gens de m\u00e9tier peuvent tirer parti  des nombreuses ann\u00e9es d\u2019expertise de Duocom pour aider leurs clients \u00e0  b\u00e2tir la maison de leurs r\u00eaves. Le choix est infini, et ils ont acc\u00e8s,  au m\u00eame endroit, \u00e0 l&rsquo;ensemble de nos produits haut de gamme. \u00bb<\/em><\/p>\n<p><strong> Duocom Canada inc. <\/strong>:  Fond\u00e9e en 1974, la soci\u00e9t\u00e9 Duocom Canada inc. est devenue au fil des ans  le chef de fil canadien des solutions en audiovisuel. Duocom est une  entreprise \u00e0 service complet enti\u00e8rement canadienne qui compte six  \u00e9tablissements d\u2019un bout \u00e0 l\u2019autre du Canada.<\/p>\n<p>En juillet 2007, Duocom Canada a lanc\u00e9  sa salle de d\u00e9monstration, La Galerie Audio Vid\u00e9o. Depuis, cette galerie  de domotique r\u00e9sidentielle enti\u00e8rement in\u00e9dite et novatrice constitue  la principale r\u00e9f\u00e9rence pour les sp\u00e9cialistes de l\u2019industrie.<\/p>\n<p><strong>Relations avec les m\u00e9dias :<\/strong><br \/>\nMarc Potvin Directeur du d\u00e9veloppement<br \/>\ndes affaires et du marketing.<br \/>\nCourriel: <a>mpotvin@duocom.ca<\/a><\/p>\n<p><strong>Adresse du complexe :<\/strong><br \/>\nD\u00e9co centre Lasalle, 530, avenue Lafleur,<br \/>\nVille Lasalle QC Duocom Canada inc.<br \/>\nH8R 3H9 514.341.8181 poste 252<br \/>\n<a href=\"http:\/\/www.decocentre.ca\" target=\"_blank\">www.decocentre.ca<\/a><br \/>\n<a href=\"http:\/\/www.duocom.ca\" target=\"_blank\">www.duocom.ca<\/a><\/p>\n<\/div>\n<\/div>\n<p><!--:--><\/p>\n","protected":false},"excerpt":{"rendered":"<p>La Galerie Audio Vid\u00e9o pr\u00e9sentera d\u00e9sormais son \u00e9quipement audiovisuel dans une nouvelle salle de d\u00e9monstration novatrice au D\u00e9co centre Lasalle. La toute nouvelle salle de d\u00e9monstration de la Galerie inspirera autant les propri\u00e9taires que les designers de concepts personnalis\u00e9s. Montr\u00e9al, le 13 janvier 2010 &#8211; La Galerie Audio Vid\u00e9o annonce aujourd\u2019hui qu\u2019elle ouvrira une salle [&hellip;]<\/p>\n","protected":false},"author":1,"featured_media":0,"comment_status":"open","ping_status":"closed","sticky":false,"template":"","format":"standard","meta":{"footnotes":""},"categories":[39],"tags":[],"class_list":["post-1439","post","type-post","status-publish","format-standard","hentry","category-actualite","entry"],"_links":{"self":[{"href":"https:\/\/www.tedpublications.com\/fr\/wp-json\/wp\/v2\/posts\/1439","targetHints":{"allow":["GET"]}}],"collection":[{"href":"https:\/\/www.tedpublications.com\/fr\/wp-json\/wp\/v2\/posts"}],"about":[{"href":"https:\/\/www.tedpublications.com\/fr\/wp-json\/wp\/v2\/types\/post"}],"author":[{"embeddable":true,"href":"https:\/\/www.tedpublications.com\/fr\/wp-json\/wp\/v2\/users\/1"}],"replies":[{"embeddable":true,"href":"https:\/\/www.tedpublications.com\/fr\/wp-json\/wp\/v2\/comments?post=1439"}],"version-history":[{"count":0,"href":"https:\/\/www.tedpublications.com\/fr\/wp-json\/wp\/v2\/posts\/1439\/revisions"}],"wp:attachment":[{"href":"https:\/\/www.tedpublications.com\/fr\/wp-json\/wp\/v2\/media?parent=1439"}],"wp:term":[{"taxonomy":"category","embeddable":true,"href":"https:\/\/www.tedpublications.com\/fr\/wp-json\/wp\/v2\/categories?post=1439"},{"taxonomy":"post_tag","embeddable":true,"href":"https:\/\/www.tedpublications.com\/fr\/wp-json\/wp\/v2\/tags?post=1439"}],"curies":[{"name":"wp","href":"https:\/\/api.w.org\/{rel}","templated":true}]}}