{"id":1416,"date":"2009-12-15T04:51:50","date_gmt":"2009-12-15T04:51:50","guid":{"rendered":"http:\/\/www.tedpublications.com\/fr\/?p=1416"},"modified":"2009-12-15T04:51:50","modified_gmt":"2009-12-15T04:51:50","slug":"alain-bashung-a-perte-de-vue","status":"publish","type":"post","link":"https:\/\/www.tedpublications.com\/fr\/alain-bashung-a-perte-de-vue\/","title":{"rendered":"<!--:fr-->Alain Bashung: \u00c0 perte de vue<!--:-->"},"content":{"rendered":"<p><!--:fr--><code> <\/code><br \/>\n<strong>Montr\u00e9al, 15 d\u00e9cembre 2009<\/strong> Alain Bashung a commenc\u00e9  sa carri\u00e8re en enfilant des 45 tours sans trop d\u2019int\u00e9r\u00eat. Il errait sur  les plateaux t\u00e9l\u00e9s ou en premi\u00e8re partie de <strong>Claude Fran\u00e7ois <\/strong>en roucoulant fa\u00e7on <strong>Mike Brant <\/strong>des  s\u00e9r\u00e9nades bancales. Il a fini sa carri\u00e8re sur le toit de la chanson  fran\u00e7aise. Seul ou presque. C\u2019est l&rsquo;\u00e9trange parcours qui nous est  racont\u00e9, \u00e0 travers les 27 disques de \u00ab <strong>\u00c0 perte de vue <\/strong>\u00bb.<\/p>\n<p>On y d\u00e9roule le fil de son oeuvre depuis son premier album officiel, \u00ab <strong>Roman photos <\/strong>\u00bb, jusqu\u2019\u00e0 son dernier live, \u00ab <strong>Un dimanche \u00e0 l\u2019\u00c9lys\u00e9e <\/strong>\u00bb, enregistr\u00e9 en grande partie lors de son ultime concert.<\/p>\n<p>Alain disait souvent \u00ab J\u2019ai un \u00e9trange destin \u00bb. Ce destin, en  courbes et en circonvolutions, en lignes bris\u00e9es et en radicalit\u00e9 pure,  il se l\u2019est forg\u00e9. Il l\u2019a voulu. Il l\u2019a b\u00e2ti. Seul ou presque. Deux  camarades de jeux de mots jalonnent sa vie : <strong>Boris Bergman<\/strong>, l\u2019homme de <strong>Gaby<\/strong>, de <strong>Vertige<\/strong>, le copain des 1ers succ\u00e8s, et <strong>Jean Fauque<\/strong>, le faux vrai-fr\u00e8re qui lui a offert <strong>Jos\u00e9phine<\/strong>, <strong>La nuit je mens<\/strong>, <strong>Ma petite entreprise <\/strong>et autres p\u00e9pites.<\/p>\n<p>Alain aimait la musique, le cin\u00e9ma, les polars et les pin-up. Il  d\u00e9testait se r\u00e9p\u00e9ter: \u00ab Il est interdit de faire deux fois la m\u00eame  chose \u00bb. Alain a d\u00e9fi\u00e9 la chute jusqu\u2019au bout avec une dignit\u00e9 folle. \u00c0  ce jeu, et avec des armes in\u00e9gales, il n\u2019aura pas tout \u00e0 fait perdu. Il  reste une oeuvre qui balaie 3 d\u00e9cennies. Elle est faite de sang et de  larmes, de fous rires et de tendresse, de col\u00e8re rentr\u00e9e et de  stridences. Elle dessine sur les histoires intimes, des paysages de lacs  et de montagnes qui rebondissent loin. \u00c0 perte de vue.<\/p>\n<p><strong> \u00c0 perte de vue <\/strong>contient 350 titres, regroupant 12 albums studio, 5 albums live- dont trois doubles- 2 albums en duo avec <strong>Chlo\u00e9 Mons <\/strong>et 2 volumes d\u2019instrumentaux, ainsi que 3 volumes d\u2019in\u00e9dits (<strong>La fille de la maison des dunes<\/strong>, <strong>La foule<\/strong>\u2026), de raret\u00e9s (des versions acoustiques, des live t\u00e9l\u00e9), de duos (avec <strong>Fran\u00e7oise Hardy<\/strong>, <strong>les Pogues<\/strong>, <strong>Daniel Darc<\/strong>, <strong>les Dionysos<\/strong>, <strong>Arman M\u00e9li\u00e9s<\/strong>\u2026) et de d\u00e9mos (<strong>Osez Jos\u00e9phine<\/strong>, <strong>Ma petite entreprise<\/strong>\u2026). Avec, en plus, un livret de textes de 52 pages et 25 images tir\u00e9es \u00e0 part.<\/p>\n<p><strong>Coffret int\u00e9gral de 27 albums <\/strong>(\u00c9dition limit\u00e9e)<br \/>\n(Barclay\/ 5320554\/ Universal France\/ D.E.P.)<br \/>\nSortie physique le: <strong>15 d\u00e9cembre 2009<\/strong><!--:--><\/p>\n","protected":false},"excerpt":{"rendered":"<p>Montr\u00e9al, 15 d\u00e9cembre 2009 Alain Bashung a commenc\u00e9 sa carri\u00e8re en enfilant des 45 tours sans trop d\u2019int\u00e9r\u00eat. Il errait sur les plateaux t\u00e9l\u00e9s ou en premi\u00e8re partie de Claude Fran\u00e7ois en roucoulant fa\u00e7on Mike Brant des s\u00e9r\u00e9nades bancales. Il a fini sa carri\u00e8re sur le toit de la chanson fran\u00e7aise. Seul ou presque. C\u2019est [&hellip;]<\/p>\n","protected":false},"author":1,"featured_media":0,"comment_status":"open","ping_status":"closed","sticky":false,"template":"","format":"standard","meta":{"footnotes":""},"categories":[39,54],"tags":[],"class_list":["post-1416","post","type-post","status-publish","format-standard","hentry","category-actualite","category-video","entry"],"_links":{"self":[{"href":"https:\/\/www.tedpublications.com\/fr\/wp-json\/wp\/v2\/posts\/1416","targetHints":{"allow":["GET"]}}],"collection":[{"href":"https:\/\/www.tedpublications.com\/fr\/wp-json\/wp\/v2\/posts"}],"about":[{"href":"https:\/\/www.tedpublications.com\/fr\/wp-json\/wp\/v2\/types\/post"}],"author":[{"embeddable":true,"href":"https:\/\/www.tedpublications.com\/fr\/wp-json\/wp\/v2\/users\/1"}],"replies":[{"embeddable":true,"href":"https:\/\/www.tedpublications.com\/fr\/wp-json\/wp\/v2\/comments?post=1416"}],"version-history":[{"count":0,"href":"https:\/\/www.tedpublications.com\/fr\/wp-json\/wp\/v2\/posts\/1416\/revisions"}],"wp:attachment":[{"href":"https:\/\/www.tedpublications.com\/fr\/wp-json\/wp\/v2\/media?parent=1416"}],"wp:term":[{"taxonomy":"category","embeddable":true,"href":"https:\/\/www.tedpublications.com\/fr\/wp-json\/wp\/v2\/categories?post=1416"},{"taxonomy":"post_tag","embeddable":true,"href":"https:\/\/www.tedpublications.com\/fr\/wp-json\/wp\/v2\/tags?post=1416"}],"curies":[{"name":"wp","href":"https:\/\/api.w.org\/{rel}","templated":true}]}}