{"id":14152,"date":"2013-03-06T13:05:26","date_gmt":"2013-03-06T18:05:26","guid":{"rendered":"http:\/\/www.tedpublications.com\/fr\/?p=14152"},"modified":"2013-03-06T13:05:26","modified_gmt":"2013-03-06T18:05:26","slug":"julia-lezhneva-alleluia","status":"publish","type":"post","link":"https:\/\/www.tedpublications.com\/fr\/julia-lezhneva-alleluia\/","title":{"rendered":"<!--:fr-->Julia Lezhneva &#8211; ALLELUIA<!--:-->"},"content":{"rendered":"<p><!--:fr--><code> <\/code><br \/>\n<a href=\"http:\/\/www.tedpublications.com\/fr\/actualite\/julia-lezhneva-alleluia\/attachment\/julia_lezhneva_alleluia_203_06_03_\/\" rel=\"attachment wp-att-14153\"><img loading=\"lazy\" decoding=\"async\" class=\"size-full wp-image-14153 alignleft\" style=\"border: 0px none;\" alt=\"Julia_Lezhneva_alleluia_203_06_03_\" src=\"http:\/\/www.tedpublications.com\/fr\/wp-content\/uploads\/2013\/03\/Julia_Lezhneva_alleluia_203_06_03_.jpg\" width=\"288\" height=\"288\" \/><\/a><strong>Montr\u00e9al, mars 2013<\/strong> <b>\u2014 <\/b>On dit souvent que tel artiste est <strong><em>\u201cn\u00e9 pour chanter\u201d<\/em><\/strong>, mais cela a rarement \u00e9t\u00e9 aussi litt\u00e9ralement vrai que dans le cas de la soprano russe <strong>Julia Lezhneva<\/strong>. Son avenir de cantatrice lyrique a \u00e9t\u00e9 pr\u00e9dit d\u00e8s qu\u2019elle est arriv\u00e9e au monde, en d\u00e9cembre 1989, dans un h\u00f4pital de l\u2019ile russe de <em>Sakhaline<\/em>.<\/p>\n<p>Quiconque a assist\u00e9 \u00e0 la ravissante interpr\u00e9tation qu\u2019a donn\u00e9e <strong>Julia Lezhneva<\/strong> de <em>Fra<\/em> \u00a0il \u00a0padre de \u00a0<em>Rossini<\/em> \u00a0au \u00a0<em>Classical \u00a0Brits \u00a0de \u00a02010<\/em>, \u00a0ou \u00a0qui \u00a0a entendu ses premiers enregistrements \u00a0pour le label <em>Naive<\/em>, comme son disque prim\u00e9 d\u2019airs de <strong>Rossini<\/strong> ou <em>Ottone<\/em> in <em>Villa de Vivald<\/em>i, n\u2019aura pas besoin d\u2019\u00eatre convaincu \u00a0des facult\u00e9s \u00a0d\u00e9j\u00e0 impressionnantes \u00a0de la jeune soprano \u00a0de vingt- trois ans. <em>Alleluia<\/em>, son premier CD pour <em>Decca<\/em> disponible le 12 mars prochain est une anthologie \u00a0de motets de <em>Vivaldi, Haendel, \u00a0Porpora \u00a0<\/em>et<em> Mozart <\/em>qui semble \u00a0destin\u00e9 \u00a0\u00e0 devenir \u00a0l\u2019un des \u00e9v\u00e8nements musicaux de 2013.<\/p>\n<p>\u201cJ\u2019ai enregistr\u00e9 le CD \u00e0 <em>Barcelone<\/em> avec <em>Giovanni Antonini<\/em> et <em>Il Giardino Armonico<\/em>. L\u2019id\u00e9e de faire des motets est venue de l\u2019<em>Exsultate jubilate <\/em>de<em> Mozart<\/em>, qui est pour moi une \u0153uvre sp\u00e9ciale, car je la chante depuis de nombreuses \u00a0ann\u00e9es. \u201cAu d\u00e9part, nous pensions \u00a0enregistrer \u00a0un album enti\u00e8rement \u00a0consacr\u00e9 \u00a0\u00e0 <em>Mozart<\/em>; mais, apr\u00e8s \u00a0avoir \u00a0explor\u00e9 \u00a0les motets \u00a0sacr\u00e9s \u00a0avec \u00a0<em>Giovanni \u00a0Antonini<\/em>, \u00a0j\u2019ai \u00e9t\u00e9\u00a0 compl\u00e8tement \u00a0s\u00e9duite \u00a0par l\u2019id\u00e9e \u00a0de prendre un motet de quatre des grands compositeurs \u00a0du XVIIIe si\u00e8cle et de montrer l\u2019\u00e9volution \u00a0stylistique \u00a0du genre:\u00a0 de <em>Vivaldi \u00a0<\/em>et<em> Haendel<\/em>, \u00a0\u00e0 l\u2019\u00e9poque \u00a0baroque, \u00a0\u00e0 <em>Mozart<\/em>, \u00a0en passant \u00a0par le style <em>\u2018galant<\/em>\u2019 \u00a0contrastant \u00a0de <em>Porpora<\/em>.\u201d<\/p>\n<p>Malgr\u00e9 ses origines russes, c\u2019est la musique europ\u00e9enne\u00a0 des p\u00e9riodes baroque et classique qui l\u2019a toujours le plus attir\u00e9e. Elle l\u2019attribue en partie au fait d\u2019avoir entendu l\u2019album Vivaldi de Cecilia Bartoli quand elle \u00e9tait tr\u00e8s jeune \u00a0\u2013 \u00a0<em>\u201cil \u00a0m\u2019a \u00a0fait \u00a0vraiment \u00a0une \u00a0immense \u00a0impression, \u00a0parce \u00a0que \u00a0je \u00a0n\u2019avais \u00a0encore \u00a0jamais \u00a0entendu \u00a0de colorature\u201d<\/em> \u00a0\u2013, mais elle trouve aussi que \u201cma voix m\u2019a toujours montr\u00e9 que la musique russe n\u2019est pas id\u00e9ale pour moi, alors que je chante le r\u00e9pertoire baroque sans effort. Quel que soit le style ou la p\u00e9riode, il semble qu\u2019elle ait \u00e9t\u00e9 pr\u00e9destin\u00e9e \u00e0 chanter. Ses parents, <em>Alfi\u00efa<\/em> et <em>Mikha\u00efl<\/em>, \u00e9taient tous deux d\u2019\u00e9minents g\u00e9ophysiciens<br \/>\n\u2013 des g\u00e9ologues qui \u00e9tudient les propri\u00e9t\u00e9s physiques de la Terre \u2013 et voulaient qu\u2019elle suive leurs pas professionnels, \u00a0mais Julia a compris instinctivement \u00a0que son avenir serait dans les arts et la musique.<\/p>\n<p>Julia obtient un dipl\u00f4me du Coll\u00e8ge acad\u00e9mique de musique du <em>Conservatoire \u00a0de Moscou<\/em> en 2008. Puis, pour avoir une perspective plus internationale, \u00a0elle s\u2019inscrit \u00e0 l\u2019Acad\u00e9mie internationale \u00a0de la voix de <em>Cardiff<\/em>, o\u00f9 elle<\/p>\n<p>\u00e9tudie sous la tutelle du t\u00e9nor gallois chevronn\u00e9, <em>Dennis O\u2019Neill<\/em>, gr\u00e2ce au g\u00e9n\u00e9reux <em>Programme Kempinski<\/em> de soutien aux arts. \u201cJ\u2019\u00e9tais si timide, et je n\u2019avais jamais v\u00e9cu \u00e0 l\u2019\u00e9tranger, dit-elle. C\u2019\u00e9tait un grand pas en avant dans ma vie. Mais travailler \u00a0avec <em>Dennis<\/em> est l\u2019une des meilleures \u00a0exp\u00e9riences \u00a0que j\u2019ai eues. C\u2019est un grand homme, son c\u0153ur et son \u00e2me sont pleins de g\u00e9n\u00e9rosit\u00e9, et c\u2019est un fabuleux professeur, qui chante encore magnifiquement. \u00a0Je suis si heureuse d\u2019avoir eu la chance de le rencontrer et d\u2019\u00e9tudier avec lui.\u201d<\/p>\n<p>Elle \u00a0a travaill\u00e9 \u00a0avec \u00a0<em>Europa \u00a0Galante<\/em> \u00a0et <em>Fabio \u00a0Biondi<\/em> \u00a0pour <em>L\u2019Oracolo de \u00a0Vivaldi<\/em>, est \u00a0apparue \u00a0avec \u00a0<em>Philippe Jaroussky<\/em> \u00a0et <em>I Barrochisti<\/em>, sous la direction \u00a0de <em>Diego Fasolis<\/em>,\u00a0 a donn\u00e9 des r\u00e9citals avec<em> J.C. Spinos<\/em>i et son <em>Ensemble \u00a0Matheus<\/em>, \u00a0a chant\u00e9 avec le <em>Cleveland \u00a0Orchestra<\/em> \u00a0dirig\u00e9 par <em>Franz Welser-Moest<\/em> \u00a0et avec le <em>Mostly Mozart Festival Orchestra<\/em> sous la direction de <em>Louis Langr\u00e9e<\/em>. Elle a chant\u00e9 en tourn\u00e9e et enregistr\u00e9 <strong><em>Ottone in Villa de Vivaldi<\/em><\/strong> avec <em>Il Giardino \u00a0Armonico<\/em>, \u00a0remportant \u00a0le plus grand succ\u00e8s, et pr\u00e9voit des concerts \u00a0en 2013 avec <em>Ren\u00e9 Jacobs<\/em>, <em>Sir Roger Norrington<\/em> et <em>Giovanni Antonini<\/em>.<\/p>\n<p><a href=\"http:\/\/www.harmoniamundi.com\" target=\"_blank\"><strong>http:\/\/www.harmoniamundi.com<\/strong><\/a><\/p>\n<p>&nbsp;<!--:--><\/p>\n","protected":false},"excerpt":{"rendered":"<p>Montr\u00e9al, mars 2013 \u2014 On dit souvent que tel artiste est \u201cn\u00e9 pour chanter\u201d, mais cela a rarement \u00e9t\u00e9 aussi litt\u00e9ralement vrai que dans le cas de la soprano russe Julia Lezhneva. Son avenir de cantatrice lyrique a \u00e9t\u00e9 pr\u00e9dit d\u00e8s qu\u2019elle est arriv\u00e9e au monde, en d\u00e9cembre 1989, dans un h\u00f4pital de l\u2019ile russe [&hellip;]<\/p>\n","protected":false},"author":1,"featured_media":0,"comment_status":"open","ping_status":"closed","sticky":false,"template":"","format":"standard","meta":{"footnotes":""},"categories":[57,39,53],"tags":[865,866,637,867,868,504,869,870,871,872],"class_list":["post-14152","post","type-post","status-publish","format-standard","hentry","category-haute-fidelite","category-actualite","category-rythme-et-musique","tag-classical-brits","tag-giovanni-antonini","tag-haendel","tag-il-giardino-armonico","tag-julia-lezhneva","tag-mozart","tag-porpora","tag-rossini","tag-sakhaline","tag-vivaldi","entry"],"_links":{"self":[{"href":"https:\/\/www.tedpublications.com\/fr\/wp-json\/wp\/v2\/posts\/14152","targetHints":{"allow":["GET"]}}],"collection":[{"href":"https:\/\/www.tedpublications.com\/fr\/wp-json\/wp\/v2\/posts"}],"about":[{"href":"https:\/\/www.tedpublications.com\/fr\/wp-json\/wp\/v2\/types\/post"}],"author":[{"embeddable":true,"href":"https:\/\/www.tedpublications.com\/fr\/wp-json\/wp\/v2\/users\/1"}],"replies":[{"embeddable":true,"href":"https:\/\/www.tedpublications.com\/fr\/wp-json\/wp\/v2\/comments?post=14152"}],"version-history":[{"count":0,"href":"https:\/\/www.tedpublications.com\/fr\/wp-json\/wp\/v2\/posts\/14152\/revisions"}],"wp:attachment":[{"href":"https:\/\/www.tedpublications.com\/fr\/wp-json\/wp\/v2\/media?parent=14152"}],"wp:term":[{"taxonomy":"category","embeddable":true,"href":"https:\/\/www.tedpublications.com\/fr\/wp-json\/wp\/v2\/categories?post=14152"},{"taxonomy":"post_tag","embeddable":true,"href":"https:\/\/www.tedpublications.com\/fr\/wp-json\/wp\/v2\/tags?post=14152"}],"curies":[{"name":"wp","href":"https:\/\/api.w.org\/{rel}","templated":true}]}}