{"id":14102,"date":"2013-03-05T00:03:15","date_gmt":"2013-03-05T05:03:15","guid":{"rendered":"http:\/\/www.tedpublications.com\/fr\/?p=14102"},"modified":"2013-03-05T00:03:15","modified_gmt":"2013-03-05T05:03:15","slug":"26e-salon-son-image-2013-le-rendez-vous-des-audiophiles","status":"publish","type":"post","link":"https:\/\/www.tedpublications.com\/fr\/26e-salon-son-image-2013-le-rendez-vous-des-audiophiles\/","title":{"rendered":"<!--:fr-->26e Salon Son &#038; Image 2013: le rendez-vous des audiophiles<!--:-->"},"content":{"rendered":"<p><!--:fr--><code><\/code><br \/>\n<code><\/code><code> <a href=\"http:\/\/www.tedpublications.com\/fr\/actualite\/26e-salon-son-image-2013-le-rendez-vous-des-audiophiles\/attachment\/baniere_ssi_2013_03\/\" rel=\"attachment wp-att-14107\"><img loading=\"lazy\" decoding=\"async\" class=\"size-full wp-image-14107 alignleft\" style=\"border: 0px none;\" alt=\"Baniere_SSI_2013_03\" src=\"http:\/\/www.tedpublications.com\/fr\/wp-content\/uploads\/2013\/03\/Baniere_SSI_2013_03.jpg\" width=\"252\" height=\"97\" \/><\/a><\/code>Cette ann\u00e9e, le <b>Salon Son &amp; Image<\/b> se tiendra le 21*, 22, 23 et 24 mars 2013 \u00e0 <b>l\u2019H\u00f4tel Hilton Bonaventure<\/b>\u00a0: 900, rue de La Gaucheti\u00e8re Ouest, Montr\u00e9al (QC) H5A 1E4\u00a0 T\u00e9l.\u00a0: 1-514-878-2332. Plusieurs nouveaut\u00e9s seront \u00e0 l\u2019affiche ainsi que des attractions afin d\u2019attirer de jeunes adultes. De plus, des efforts sont mis de l\u2019avant afin que chaque marchand en plus de d\u00e9ployer leur syst\u00e8me principal, pr\u00e9sente un syst\u00e8me <i>Hi-Fi<\/i> abordable entre 3000$ et 5<code><\/code><code> <\/code>000$, sans oublier qu\u2019il y aura une place sp\u00e9cialement pr\u00e9par\u00e9 qui offrira la possibilit\u00e9 d\u2019essayer et comparer une centaine de paires d\u2019\u00e9couteurs st\u00e9r\u00e9os de plusieurs manufacturiers et ce dans toutes les gammes de prix..<\/p>\n<p>Diff\u00e9rents spectacles y seront \u00e0 l\u2019affiche\u00a0: des jeunes vedettes montantes tel que <b>Hans Wilwrigth<\/b>, tr\u00e8s dynamique, accrocheur et rocker d\u2019une toute nouvelle g\u00e9n\u00e9ration. Lui et ses musiciens vous captiveront en vous \u00e9lectrisant par la puissance de leur musique.<\/p>\n<p><b>\u00a0Dean Peer<\/b> sera de retour, ce contrebassiste \u00e0 la technique personnelle et \u00e9volutive.<\/p>\n<p><b>Fidelio Audio<\/b>, dirig\u00e9e par notre <b>Ren\u00e9 Laflamme<\/b> national, sera du Party lui aussi en nous pr\u00e9sentant jour apr\u00e8s jour quelques-uns des ses artistes, dont un artiste en particulier qui en surprendra plus qu\u2019un.<\/p>\n<p>De plus, sur \u00e9cran g\u00e9ant et syst\u00e8me audio haut de gamme, vous pourrez assister au visionnement du film <b><i>Sound City<\/i><\/b>. Une occasion unique de voir et \u00e9couter cet extraordinaire documentaire sur l\u2019histoire de la musique rock. Une repr\u00e9sentation aura lieu \u00e0 tous les jours avant la fermeture. Ce documentaire sur l\u2019\u00e9poque de l\u2019enregistrement analogique est r\u00e9alis\u00e9 par <b>David Grohl<\/b>. Un \u00e9v\u00e8nement \u00e0 ne pas manquer!<\/p>\n<p><span style=\"color: #800000;\"><strong>Les jeunes \u00e0 l\u2019honneur!<\/strong><\/span> Billet gratuit pour les jeunes de moins de 17 ans, la direction di SSI soucieuse d\u2019initier les jeunes \u00e0 la haute fid\u00e9lit\u00e9, offre la gratuit\u00e9 \u00e0 l\u2019entr\u00e9 pour les jeunes de moins de 17 ans accompagn\u00e9 d\u2019un adulte<\/p>\n<p>La pavillon du Canada, deuxi\u00e8me \u00e9dition, sera de retour \u00e0 la demande g\u00e9n\u00e9rale avec des am\u00e9liorations qui sauront plaire \u00e0 tous sans aucun doute.<\/p>\n<p><em>* Journ\u00e9e r\u00e9serv\u00e9 aux professionnels.<\/em><\/p>\n<p style=\"padding-left: 60px;\"><strong><em>D\u2019autres surprises vous sont \u00e9galement r\u00e9serv\u00e9es,<\/em><\/strong><br \/>\n<strong><em>\u00e0 vous de les d\u00e9couvrir sur place!<\/em><\/strong><\/p>\n<p><em><span style=\"color: #800000;\"><strong>Liste des participants en date du 5 mars 2013<\/strong>:<\/span><br \/>\n<\/em>\u2022 Acoustic Technologies Inc.<br \/>\n\u2022 Atoll Electronique Canada<br \/>\n\u2022 Audio Associ\u00e9s<br \/>\n\u2022 Audio d&rsquo;Occasion<br \/>\n\u2022 Audio Note (UK)<br \/>\n\u2022 Audio Pathways<br \/>\n\u2022 Audio Physic<br \/>\n\u2022 Audio Sensibility<br \/>\n\u2022 Audiophonie<br \/>\n\u2022 Audioville<br \/>\n\u2022 Avatar Acoustics<br \/>\n\u2022 Bell Canada<br \/>\n\u2022 Blue Circle Audio<br \/>\n\u2022 Bryston Ltd.<br \/>\n\u2022 Cabasse Canada<br \/>\n\u2022 Charisma Audio<br \/>\n\u2022 Conceptas Sound &amp; Engineering Group Ets., Liechtenstein<br \/>\n\u2022 Coup de Foudre Audio Video<br \/>\n\u2022 Creaktiv Systems<br \/>\n\u2022 Crown Mountain Imports<br \/>\n\u2022 Dupuy Acoustique<br \/>\n\u2022 DynAudio<br \/>\n\u2022 Fidelio Musique<br \/>\n\u2022 Filtronique Son-Or<br \/>\n\u2022 francoischarron.com<br \/>\n\u2022 Gershman Acoustics<br \/>\n\u2022 Goerner Communication<br \/>\n\u2022 High Water Sound, llc<br \/>\n\u2022 Joseph Brodmann Group<br \/>\n\u2022 L&rsquo;Atelier du Geek (The Geek Place)<br \/>\n\u2022 Ledoux Acoustique<br \/>\n\u2022 Liberty Trading<br \/>\n\u2022 Linn<br \/>\n\u2022 MA Recordings<br \/>\n\u2022 Magazine Son &amp; Image<br \/>\n\u2022 Magazine TED par Qu\u00e9bec Audio<br \/>\n\u2022 Magico LLC.<br \/>\n\u2022 MBL North America, Inc.<br \/>\n\u2022 Mok and Martensen Inc.<br \/>\n\u2022 Nordost<br \/>\n\u2022 On a Higher Note<br \/>\n\u2022 Oracle Audio Technologies<br \/>\n\u2022 Plastruction<br \/>\n\u2022 Plurison<br \/>\n\u2022 Primacoustic<br \/>\n\u2022 Radio St-Hubert<br \/>\n\u2022 Resonessence Labs<br \/>\n\u2022 Sam Audio<br \/>\n\u2022 Sennheiser Canada<br \/>\n\u2022 Simplifi Audio Distribution<br \/>\n\u2022 Soci\u00e9t\u00e9 investissement Venecia<br \/>\n\u2022 Solen Electronique<br \/>\n\u2022 Son Id\u00e9al<br \/>\n\u2022 sonxplus.com<br \/>\n\u2022 Tannoy<br \/>\n\u2022 TC Group Americas<br \/>\n\u2022 Tri-Art Mfg.<br \/>\n\u2022 Trigon Elektronik<br \/>\n\u2022 VMAX Services<br \/>\n\u2022 votresite.ca<br \/>\n\u2022 Woo Audio<br \/>\n\u2022 Zidel Marketing<\/p>\n<p><strong><span style=\"color: #800000;\"><em>Site Internet:<\/em><\/span><br \/>\n<a href=\"http:\/\/www.salonsonimage.com\/\" target=\"_blank\">http:\/\/www.salonsonimage.com\/<\/a><\/strong><\/p>\n<p><strong><span style=\"color: #800000;\"><em>Billetterie: tellement pratique,<\/em><\/span><br \/>\n<span style=\"color: #800000;\"><em>reservez vos billets des maintenant:<\/em><\/span><br \/>\n<a href=\"http:\/\/www.salonsonimage.com\/Visiteurs\/billetterie.html\" target=\"_blank\">http:\/\/www.salonsonimage.com\/Visiteurs\/billetterie.html<\/a><\/strong><\/p>\n<p><span style=\"color: #800000;\"><em><strong>Un s\u00e9jour \u00e0 l&rsquo;H\u00f4tel peut \u00eatre, r\u00e9servez<br \/>\nvotre chambre <\/strong><\/em><em><strong>au Hilton \/ Tarifs sp\u00e9ciaux:<\/strong><\/em><\/span><br \/>\n<strong><a href=\"http:\/\/www.salonsonimage.com\/Exposants\/hebergement.html\" target=\"_blank\">http:\/\/www.salonsonimage.com\/Exposants\/hebergement.html<\/a><\/strong><!--:--><\/p>\n","protected":false},"excerpt":{"rendered":"<p>Cette ann\u00e9e, le Salon Son &amp; Image se tiendra le 21*, 22, 23 et 24 mars 2013 \u00e0 l\u2019H\u00f4tel Hilton Bonaventure\u00a0: 900, rue de La Gaucheti\u00e8re Ouest, Montr\u00e9al (QC) H5A 1E4\u00a0 T\u00e9l.\u00a0: 1-514-878-2332. Plusieurs nouveaut\u00e9s seront \u00e0 l\u2019affiche ainsi que des attractions afin d\u2019attirer de jeunes adultes. De plus, des efforts sont mis de l\u2019avant [&hellip;]<\/p>\n","protected":false},"author":1,"featured_media":0,"comment_status":"open","ping_status":"closed","sticky":false,"template":"","format":"standard","meta":{"footnotes":""},"categories":[60,57,39,56],"tags":[848,849,850,851,498,852,853,854,64],"class_list":["post-14102","post","type-post","status-publish","format-standard","hentry","category-cinema-maison","category-haute-fidelite","category-actualite","category-salons-audio-video","tag-david-grohl","tag-dean-peer","tag-fidelio-audio","tag-hans-wilwrigth","tag-rene-laflamme","tag-salo","tag-son-et-image","tag-sound-city","tag-ssi","entry"],"_links":{"self":[{"href":"https:\/\/www.tedpublications.com\/fr\/wp-json\/wp\/v2\/posts\/14102","targetHints":{"allow":["GET"]}}],"collection":[{"href":"https:\/\/www.tedpublications.com\/fr\/wp-json\/wp\/v2\/posts"}],"about":[{"href":"https:\/\/www.tedpublications.com\/fr\/wp-json\/wp\/v2\/types\/post"}],"author":[{"embeddable":true,"href":"https:\/\/www.tedpublications.com\/fr\/wp-json\/wp\/v2\/users\/1"}],"replies":[{"embeddable":true,"href":"https:\/\/www.tedpublications.com\/fr\/wp-json\/wp\/v2\/comments?post=14102"}],"version-history":[{"count":0,"href":"https:\/\/www.tedpublications.com\/fr\/wp-json\/wp\/v2\/posts\/14102\/revisions"}],"wp:attachment":[{"href":"https:\/\/www.tedpublications.com\/fr\/wp-json\/wp\/v2\/media?parent=14102"}],"wp:term":[{"taxonomy":"category","embeddable":true,"href":"https:\/\/www.tedpublications.com\/fr\/wp-json\/wp\/v2\/categories?post=14102"},{"taxonomy":"post_tag","embeddable":true,"href":"https:\/\/www.tedpublications.com\/fr\/wp-json\/wp\/v2\/tags?post=14102"}],"curies":[{"name":"wp","href":"https:\/\/api.w.org\/{rel}","templated":true}]}}