{"id":13762,"date":"2013-01-27T13:48:10","date_gmt":"2013-01-27T18:48:10","guid":{"rendered":"http:\/\/www.tedpublications.com\/fr\/?p=13762"},"modified":"2013-01-27T13:48:10","modified_gmt":"2013-01-27T18:48:10","slug":"harry-manx-om-suite-ohm-en-magasin-le-12-fevrier","status":"publish","type":"post","link":"https:\/\/www.tedpublications.com\/fr\/harry-manx-om-suite-ohm-en-magasin-le-12-fevrier\/","title":{"rendered":"<!--:fr-->Harry Manx \u00ab\u00a0Om Suite Ohm\u00a0\u00bb en magasin le 12 f\u00e9vrier<!--:-->"},"content":{"rendered":"<p><!--:fr--><code> <\/code><br \/>\n<strong>EN TOURN\u00c9E AU QU\u00c9BEC:<\/strong><\/p>\n<ul>\n<li>Jeudi 21 f\u00e9vrier \u2013 Qu\u00e9bec \u2013 Grand Th\u00e9atre<\/li>\n<li>Samedi 23 f\u00e9vrier \u2013 Sherbrooke \u2013 Th\u00e9\u00e2tre Centennial<\/li>\n<li>Dimanche 24 f\u00e9vrier \u2013 Sainte-Th\u00e9r\u00e8se \u2013 Th\u00e9\u00e2tre Lionel-Groulx<\/li>\n<li>Mercredi 27 f\u00e9vrier \u2013 L\u2019assomption \u2013 Th\u00e9\u00e2tre Hector-Charland<\/li>\n<li>Jeudi 28 f\u00e9vrier \u2013 La Tuque \u2013 Complexe Culturel Felix-Leclerc<\/li>\n<li>Vendredi 1er mars \u2013 Longueuil \u2013 Th\u00e9\u00e2tre de la Ville<\/li>\n<li>Samedi 2 mars \u2013 Beloeil \u2013 Centre Culturel<\/li>\n<li>Mardi 5 mars \u2013 Laval \u2013 Salle Andr\u00e9-Mathieu<\/li>\n<li>Mercredi 6 mars \u2013 Ottawa \u2013 Centre National des Arts<\/li>\n<li>Jeudi 7 mars \u2013 Ottawa \u2013 Centre National des Arts<\/li>\n<li>Vendredi 8 mars \u2013 Sainte-Genevi\u00e8ve \u2013 Salle Pauline-Julien<\/li>\n<li>Samedi 9 mars \u2013 Val-Morin \u2013 Th\u00e9\u00e2tre du Marais<\/li>\n<li>Lundi 11 mars \u2013 Maskinong\u00e9 \u2013 Magasin G\u00e9n\u00e9ral Lebrun<\/li>\n<\/ul>\n<p><strong><a href=\"http:\/\/www.tedpublications.com\/fr\/actualite\/harry-manx-om-suite-ohm-en-magasin-le-12-fevrier\/attachment\/omsweethome_pochette\/\" rel=\"attachment wp-att-13763\"><img loading=\"lazy\" decoding=\"async\" class=\"size-full wp-image-13763 alignleft\" style=\"border: 0px none;\" alt=\"omsweethome_pochette\" src=\"http:\/\/www.tedpublications.com\/fr\/wp-content\/uploads\/2013\/01\/omsweethome_pochette.jpg\" width=\"288\" height=\"288\" \/><\/a>Montr\u00e9al, f\u00e9vrier 2013 \u2014Harry Manx<\/strong> a maintes fois \u00e9t\u00e9 qualifi\u00e9 de cha\u00eenon manquant entre la musique de l\u2019Est et de l\u2019Ouest. Avec Om Suite Ohm (Dog My Cat \/ harmonia mundi), son 11\u00e8me album, il offre un album trippatif et audacieux qui compl\u00e8te \u00e0 merveille sa brillante discographie. Il entamera une tourn\u00e9e qu\u00e9b\u00e9coise le 21 f\u00e9vrier, accompagn\u00e9 de sa formation <strong>World Affairs<\/strong>. Compos\u00e9e du multi-instrumentiste allemand Yeshe, de l\u2019organiste australien Clayton Doley et de la chanteuse d\u2019origine indienne <strong>Kiran Ahluwalia<\/strong>, <strong>World Affairs<\/strong> est une rencontre musicale interculturelle de haut calibre entre quatre excellents musiciens qui partagent une passion globetrotteuse.<\/p>\n<p>\u00c0 l\u2019automne 2011, Harry rencontre le compositeur et r\u00e9alisateur Hans Christian avec qui il d\u00e9bute l\u2019enregistrement du disque, qui devait \u00eatre instrumental au d\u00e9part. Pendant la longue tourn\u00e9e australienne de 2012, il \u00e9crit et enregistre de nouvelles pi\u00e8ces en compagnie du joueur de didjeridoo Ganga Giri (Peter Gabriel), de son comparse de longue date Yeshe et de l\u2019excellent joueur de B3 Clayton Doley. Exit le disque instrumental et voici Om Suite Ohm. Mixant avec brio et audace blues et musique indienne, Manx y ajoute, pour la premi\u00e8re fois, une touche de \u00ab\u00a0slide\u00a0\u00bb \u00e9lectrique tout en conservant ce son unique. Sans contredit son album le plus accompli en carri\u00e8re, Om Suite Ohm comprend l\u2019excellent morceau d\u2019ouverture Further Shore, la touchante Carry My Tears ainsi que sa version du classique de Coltrane A Love Supreme, qui deviendra sans aucun doute un des grands classiques de Manx!<\/p>\n<h3>\u272e \u272e \u272e \u272e \u272e<em><strong> 5 \u00e9toiles magazine TED<\/strong><\/em><\/h3>\n<p><a href=\"www.harrymanx.com\" target=\"_blank\"><strong>www.harrymanx.com<\/strong><\/a><\/p>\n<p>&nbsp;<!--:--><\/p>\n","protected":false},"excerpt":{"rendered":"<p>EN TOURN\u00c9E AU QU\u00c9BEC: Jeudi 21 f\u00e9vrier \u2013 Qu\u00e9bec \u2013 Grand Th\u00e9atre Samedi 23 f\u00e9vrier \u2013 Sherbrooke \u2013 Th\u00e9\u00e2tre Centennial Dimanche 24 f\u00e9vrier \u2013 Sainte-Th\u00e9r\u00e8se \u2013 Th\u00e9\u00e2tre Lionel-Groulx Mercredi 27 f\u00e9vrier \u2013 L\u2019assomption \u2013 Th\u00e9\u00e2tre Hector-Charland Jeudi 28 f\u00e9vrier \u2013 La Tuque \u2013 Complexe Culturel Felix-Leclerc Vendredi 1er mars \u2013 Longueuil \u2013 Th\u00e9\u00e2tre de la [&hellip;]<\/p>\n","protected":false},"author":1,"featured_media":0,"comment_status":"open","ping_status":"closed","sticky":false,"template":"","format":"standard","meta":{"footnotes":""},"categories":[57,39,53],"tags":[727,728,729,730,731,732],"class_list":["post-13762","post","type-post","status-publish","format-standard","hentry","category-haute-fidelite","category-actualite","category-rythme-et-musique","tag-hans-christian","tag-harry-manx","tag-kiran-ahluwalia","tag-om-suite-ohm","tag-peter-gabriel","tag-world-affairs","entry"],"_links":{"self":[{"href":"https:\/\/www.tedpublications.com\/fr\/wp-json\/wp\/v2\/posts\/13762","targetHints":{"allow":["GET"]}}],"collection":[{"href":"https:\/\/www.tedpublications.com\/fr\/wp-json\/wp\/v2\/posts"}],"about":[{"href":"https:\/\/www.tedpublications.com\/fr\/wp-json\/wp\/v2\/types\/post"}],"author":[{"embeddable":true,"href":"https:\/\/www.tedpublications.com\/fr\/wp-json\/wp\/v2\/users\/1"}],"replies":[{"embeddable":true,"href":"https:\/\/www.tedpublications.com\/fr\/wp-json\/wp\/v2\/comments?post=13762"}],"version-history":[{"count":0,"href":"https:\/\/www.tedpublications.com\/fr\/wp-json\/wp\/v2\/posts\/13762\/revisions"}],"wp:attachment":[{"href":"https:\/\/www.tedpublications.com\/fr\/wp-json\/wp\/v2\/media?parent=13762"}],"wp:term":[{"taxonomy":"category","embeddable":true,"href":"https:\/\/www.tedpublications.com\/fr\/wp-json\/wp\/v2\/categories?post=13762"},{"taxonomy":"post_tag","embeddable":true,"href":"https:\/\/www.tedpublications.com\/fr\/wp-json\/wp\/v2\/tags?post=13762"}],"curies":[{"name":"wp","href":"https:\/\/api.w.org\/{rel}","templated":true}]}}