{"id":13132,"date":"2012-12-12T13:07:25","date_gmt":"2012-12-12T18:07:25","guid":{"rendered":"http:\/\/www.tedpublications.com\/fr\/?p=13132"},"modified":"2012-12-12T13:07:25","modified_gmt":"2012-12-12T18:07:25","slug":"tous-les-noels-en-musique","status":"publish","type":"post","link":"https:\/\/www.tedpublications.com\/fr\/tous-les-noels-en-musique\/","title":{"rendered":"<!--:fr-->Tous les No\u00ebls en musique<!--:-->"},"content":{"rendered":"<p><!--:fr--><a href=\"http:\/\/www.tedpublications.com\/fr\/actualite\/tous-les-noels-en-musique\/attachment\/noel_en_musique_esapce_mu\/\" rel=\"attachment wp-att-13135\"><img loading=\"lazy\" decoding=\"async\" class=\"size-full wp-image-13135 aligncenter\" style=\"border: 0px none;\" title=\"noel_en_musique_esapce_mu\" src=\"http:\/\/www.tedpublications.com\/fr\/wp-content\/uploads\/2012\/12\/noel_en_musique_esapce_mu.jpg\" alt=\"\" width=\"590\" height=\"394\" \/><\/a><\/p>\n<p>D\u00e9couvrez les <strong>14 webradios<\/strong> qui accompagneront chaque moment de cette p\u00e9riode bien sp\u00e9ciale.<\/p>\n<p><em>Doux No\u00ebls<\/em>, musique classique tout indiqu\u00e9e pour le r\u00e9veil, caf\u00e9 au lait \u00e0 la main; <em>No\u00ebl \u00e0 gogo<\/em>, lorsque le vin coule \u00e0 flot\u00a0! Les soirs de temp\u00eate, ce sera <em>No\u00ebl au coin du feu<\/em> et son jazz r\u00e9confortant. Pour raviver la fibre nostalgique, juste avant de prendre la route des r\u00e9gions, l\u2019incontournable <em>No\u00ebl country<\/em>. Et plus encore!<\/p>\n<p>C\u00e9l\u00e9brez No\u00ebl gr\u00e2ce \u00e0 <strong>six extraits tir\u00e9s du coffret<\/strong> <em>Tr\u00e9sors de No\u00ebl<\/em> : le classique des classiques, <em>Minuit<\/em>, <em>chr\u00e9tiens<\/em>, de Richard Verreau, le <em>Joyeux No\u00ebl<\/em> d\u2019Estelle Caron et, plus pr\u00e8s de nous, des No\u00ebls qui se font plus chauds avec Damien Robitaille et Florence K.<\/p>\n<p>Prenez un moment et \u00e9coutez les magnifiques <strong>concerts<\/strong> de Claire Pelletier avec l&rsquo;Orchestre symphonique de Trois-Rivi\u00e8res, de Susie Arioli et son <em>Christmas dreaming<\/em> ou encore l&rsquo;extraordinaire Oratorio de Bach par le Collegium Vocale Gent, sous la direction de Philippe Herreweghe.<\/p>\n<p><a href=\"http:\/\/www.espace.mu\/noel\" target=\"_blank\"><strong>http:\/\/www.espace.mu\/noel <\/strong><\/a><!--:--><\/p>\n","protected":false},"excerpt":{"rendered":"<p>D\u00e9couvrez les 14 webradios qui accompagneront chaque moment de cette p\u00e9riode bien sp\u00e9ciale. Doux No\u00ebls, musique classique tout indiqu\u00e9e pour le r\u00e9veil, caf\u00e9 au lait \u00e0 la main; No\u00ebl \u00e0 gogo, lorsque le vin coule \u00e0 flot\u00a0! Les soirs de temp\u00eate, ce sera No\u00ebl au coin du feu et son jazz r\u00e9confortant. Pour raviver la [&hellip;]<\/p>\n","protected":false},"author":1,"featured_media":0,"comment_status":"open","ping_status":"closed","sticky":false,"template":"","format":"standard","meta":{"footnotes":""},"categories":[39,53],"tags":[],"class_list":["post-13132","post","type-post","status-publish","format-standard","hentry","category-actualite","category-rythme-et-musique","entry"],"_links":{"self":[{"href":"https:\/\/www.tedpublications.com\/fr\/wp-json\/wp\/v2\/posts\/13132","targetHints":{"allow":["GET"]}}],"collection":[{"href":"https:\/\/www.tedpublications.com\/fr\/wp-json\/wp\/v2\/posts"}],"about":[{"href":"https:\/\/www.tedpublications.com\/fr\/wp-json\/wp\/v2\/types\/post"}],"author":[{"embeddable":true,"href":"https:\/\/www.tedpublications.com\/fr\/wp-json\/wp\/v2\/users\/1"}],"replies":[{"embeddable":true,"href":"https:\/\/www.tedpublications.com\/fr\/wp-json\/wp\/v2\/comments?post=13132"}],"version-history":[{"count":0,"href":"https:\/\/www.tedpublications.com\/fr\/wp-json\/wp\/v2\/posts\/13132\/revisions"}],"wp:attachment":[{"href":"https:\/\/www.tedpublications.com\/fr\/wp-json\/wp\/v2\/media?parent=13132"}],"wp:term":[{"taxonomy":"category","embeddable":true,"href":"https:\/\/www.tedpublications.com\/fr\/wp-json\/wp\/v2\/categories?post=13132"},{"taxonomy":"post_tag","embeddable":true,"href":"https:\/\/www.tedpublications.com\/fr\/wp-json\/wp\/v2\/tags?post=13132"}],"curies":[{"name":"wp","href":"https:\/\/api.w.org\/{rel}","templated":true}]}}