{"id":12565,"date":"2012-10-19T11:40:58","date_gmt":"2012-10-19T15:40:58","guid":{"rendered":"http:\/\/www.tedpublications.com\/fr\/?p=12565"},"modified":"2012-10-19T11:40:58","modified_gmt":"2012-10-19T15:40:58","slug":"serenades-tcheques-selon-daniel-myssyk","status":"publish","type":"post","link":"https:\/\/www.tedpublications.com\/fr\/serenades-tcheques-selon-daniel-myssyk\/","title":{"rendered":"<!--:fr-->S\u00e9r\u00e9nades tch\u00e8ques selon Daniel Myssyk<!--:-->"},"content":{"rendered":"<p><!--:fr--><\/p>\n<p style=\"text-align: left;\"><strong><a href=\"http:\/\/www.tedpublications.com\/fr\/actualite\/serenades-tcheques-selon-daniel-myssyk\/attachment\/appasionata_serenata_19_10_2012\/\" rel=\"attachment wp-att-12566\"><img loading=\"lazy\" decoding=\"async\" class=\"aligncenter  wp-image-12566\" style=\"border: 0px none;\" title=\"appasionata_serenata_19_10_2012\" src=\"http:\/\/www.tedpublications.com\/fr\/wp-content\/uploads\/2012\/10\/appasionata_serenata_19_10_2012.jpg\" alt=\"\" width=\"590\" height=\"371\" \/><\/a><br \/>\nLe nouveau disque S\u00e9r\u00e9nades tch\u00e8ques selon Daniel Myssyk<\/strong><\/p>\n<p><strong>Montr\u00e9al 19 octobre 2012 &#8211;<\/strong> Avec ce nouvel enregistrement, sous \u00e9tiquette <strong>Fidelio<\/strong>, <strong>Appassionata<\/strong> poursuit son travail d\u2019interpr\u00e9tation d\u2019\u0153uvres du r\u00e9pertoire romantique tch\u00e8que.\u00a0 Ce disque r\u00e9unit la S\u00e9r\u00e9nade en mi majeur de Dvor\u00e1k, \u0153uvre intimiste, po\u00e9tique et riche en inventions m\u00e9lodiques ainsi que la S\u00e9r\u00e9nade en mi b\u00e9mol majeur de Josef Suk, \u0153uvre lumineuse et vivante.\u00a0 Le Nocturne de Dvorak qui \u00e9voque autant Wagner par ses couleurs sombres que Beethoven ou Brahms conclut ce nouvel enregistrement.<em><\/em><\/p>\n<p>S\u00e9r\u00e9nades tch\u00e8ques, second album d\u2019<strong>Appassionata<\/strong>, s\u2019inscrit dans la veine d\u2019<em>Idyla<\/em>, notre premier opus. Dvorak et Suk y sont \u00e0 l\u2019honneur dans des oeuvres romantiques et intimistes. Tour \u00e0 tour expressives et enjou\u00e9es, ces s\u00e9r\u00e9nades \u00e9voquent des climats chers aux Romantiques. Les rassembler constitue pour moi une fa\u00e7on de rendre hommage \u00e0 Dvorak, dont Suk \u00e9tait l\u2019\u00e9l\u00e8ve. Cela permet aussi la comparaison\u00a0: l\u2019\u00e9l\u00e8ve aurait-il d\u00e9pass\u00e9 le ma\u00eetre? Le mieux est peut-\u00eatre de\u00a0reconna\u00eetre\u00a0les particularit\u00e9s de\u00a0chacune\u00a0et de comprendre comment Dvorak aura su insuffler une telle inspiration \u00e0 son prot\u00e9g\u00e9.<\/p>\n<p>\u00c0 travailler et retravailler ces s\u00e9r\u00e9nades, on en arrive \u00e0 croire qu\u2019il est possible de vraiment se rapprocher de l\u2019esprit des compositeurs. Le rapport \u00e9troit que l\u2019interpr\u00e8te tisse avec une oeuvre qu\u2019il c\u00f4toie sur le long terme contribue \u00e0 cr\u00e9er ce rapprochement. Nos s\u00e9ances d\u2019enregistrement ont permis de vivre une osmose similaire \u00e0 ce que les gens de th\u00e9\u00e2tre, qui passent des semaines \u00e0 r\u00e9p\u00e9ter avant la premi\u00e8re, \u00e9prouvent au contact des grandes oeuvres dramatiques.<\/p>\n<p><em>S\u00e9r\u00e9nades tch\u00e8ques<\/em> a pris forme dans la magnifique \u00e9glise historique de La Prairie. L\u2019atmosph\u00e8re \u00e9tait propice \u00e0 un travail de fond, \u00e0 la fois tr\u00e8s concentr\u00e9 et d\u00e9tendu. Le climat \u00e9tait en place pour une rencontre musicale riche et dense. Lorsque je travaille avec les musiciens d\u2019Appassionata, je suis particuli\u00e8rement \u00e0 l\u2019affut du fondu sonore, des textures changeantes et de l\u2019\u00e9lan \u00e0 donner en fonction des diff\u00e9rentes sections. J\u2019aime soigner les fins de phrase o\u00f9 tout est si fragile, les transitions o\u00f9 tout peut basculer ou les ritardandos, sp\u00e9cialement dans la musique tch\u00e8que, qui sont si d\u00e9licats.<\/p>\n<p>A l\u2019\u00e9coute du CD, je me rem\u00e9more un fort investissement personnel et collectif. Pour ma part, j\u2019en garderai longtemps un souvenir vibrant. C\u2019est sur cette pens\u00e9e que j\u2019aimerais terminer en remerciant du fond du coeur les musiciens d\u2019Appassionata pour leur contribution exceptionnelle \u00e0 cet enregistrement.<\/p>\n<p><em><strong>(Source Appasionata)<\/strong><\/em><\/p>\n<p><a href=\"http:\/\/www.appassionata.ca\/discographie\/\" target=\"_blank\"><strong>http:\/\/www.appassionata.ca<\/strong><\/a><!--:--><\/p>\n","protected":false},"excerpt":{"rendered":"<p>Le nouveau disque S\u00e9r\u00e9nades tch\u00e8ques selon Daniel Myssyk Montr\u00e9al 19 octobre 2012 &#8211; Avec ce nouvel enregistrement, sous \u00e9tiquette Fidelio, Appassionata poursuit son travail d\u2019interpr\u00e9tation d\u2019\u0153uvres du r\u00e9pertoire romantique tch\u00e8que.\u00a0 Ce disque r\u00e9unit la S\u00e9r\u00e9nade en mi majeur de Dvor\u00e1k, \u0153uvre intimiste, po\u00e9tique et riche en inventions m\u00e9lodiques ainsi que la S\u00e9r\u00e9nade en mi b\u00e9mol [&hellip;]<\/p>\n","protected":false},"author":1,"featured_media":0,"comment_status":"open","ping_status":"closed","sticky":false,"template":"","format":"standard","meta":{"footnotes":""},"categories":[57,39,53],"tags":[587,588,589,590,591],"class_list":["post-12565","post","type-post","status-publish","format-standard","hentry","category-haute-fidelite","category-actualite","category-rythme-et-musique","tag-appassionata","tag-daniel-myssyk","tag-dvorak","tag-serenades","tag-tcheques","entry"],"_links":{"self":[{"href":"https:\/\/www.tedpublications.com\/fr\/wp-json\/wp\/v2\/posts\/12565","targetHints":{"allow":["GET"]}}],"collection":[{"href":"https:\/\/www.tedpublications.com\/fr\/wp-json\/wp\/v2\/posts"}],"about":[{"href":"https:\/\/www.tedpublications.com\/fr\/wp-json\/wp\/v2\/types\/post"}],"author":[{"embeddable":true,"href":"https:\/\/www.tedpublications.com\/fr\/wp-json\/wp\/v2\/users\/1"}],"replies":[{"embeddable":true,"href":"https:\/\/www.tedpublications.com\/fr\/wp-json\/wp\/v2\/comments?post=12565"}],"version-history":[{"count":0,"href":"https:\/\/www.tedpublications.com\/fr\/wp-json\/wp\/v2\/posts\/12565\/revisions"}],"wp:attachment":[{"href":"https:\/\/www.tedpublications.com\/fr\/wp-json\/wp\/v2\/media?parent=12565"}],"wp:term":[{"taxonomy":"category","embeddable":true,"href":"https:\/\/www.tedpublications.com\/fr\/wp-json\/wp\/v2\/categories?post=12565"},{"taxonomy":"post_tag","embeddable":true,"href":"https:\/\/www.tedpublications.com\/fr\/wp-json\/wp\/v2\/tags?post=12565"}],"curies":[{"name":"wp","href":"https:\/\/api.w.org\/{rel}","templated":true}]}}