{"id":12539,"date":"2012-10-19T03:40:51","date_gmt":"2012-10-19T07:40:51","guid":{"rendered":"http:\/\/www.tedpublications.com\/fr\/?p=12539"},"modified":"2012-10-19T03:40:51","modified_gmt":"2012-10-19T07:40:51","slug":"ariane-moffat-too-late","status":"publish","type":"post","link":"https:\/\/www.tedpublications.com\/fr\/ariane-moffat-too-late\/","title":{"rendered":"<!--:fr-->Ariane Moffat &#8211; Too Late<!--:-->"},"content":{"rendered":"<p><!--:fr--><em><br \/>\n\u00abQuel tournage; se promener la nuit sur un beau v\u00e9lo dans les rues de Montr\u00e9al et Brooklyn! J\u2019aime le fait que le concept ne se rattache pas de trop pr\u00e8s aux paroles et \u00e0 l\u2019histoire de la chanson. \u00c7a pr\u00e9serve une excitation et une sensualit\u00e9 sans \u00eatre trop narratif. F\u00e9licitations \u00e0 tous les membres de l\u2019\u00e9quipe de production, qui se sont rapproch\u00e9s en cours de route. Vive la gang des BMX!\u00bb<\/em><\/p>\n<p>\u2014 <em><strong>ARIANE MOFFATT<\/strong><\/em><\/p>\n<p><em>\u00abOn a fait la f\u00eate la nuit avant le tournage \u00e0 NYC, et Ariane a sans doute donn\u00e9 sa meilleure performance \u00e0 vie dans un vid\u00e9oclip.\u00bb<\/em><\/p>\n<p>\u2014 <em><strong>GABRIEL POIRIER-GALARNEAU<\/strong><\/em> (r\u00e9alisateur\/director)<\/p>\n<p style=\"text-align: center;\"><a href=\"http:\/\/www.tedpublications.com\/fr\/actualite\/ariane-moffat-too-late\/attachment\/ariane_moffatt_18_10_2012\/\" rel=\"attachment wp-att-12554\"><img loading=\"lazy\" decoding=\"async\" class=\"aligncenter size-full wp-image-12554\" style=\"border: 0px none;\" title=\"ariane_moffatt_18_10_2012\" src=\"http:\/\/www.tedpublications.com\/fr\/wp-content\/uploads\/2012\/10\/ariane_moffatt_18_10_2012.jpg\" alt=\"\" width=\"590\" height=\"371\" \/><\/a><\/p>\n<p>Avant qu\u2019elle ne s\u2019envole pour la France (<a href=\"http:\/\/www.audiogram.com\/fr\/artiste\/ariane-moffatt\/spectacles\" target=\"_blank\">le 12 novembre au Trabendo de Paris<\/a> notamment), ne manquez pas Ariane en spectacle \u00e0 <a href=\"http:\/\/www.audiogram.com\/fr\/artiste\/ariane-moffatt\/spectacles\" target=\"_blank\">L\u2019Anglicane de L\u00e9vis le 25 octobre<\/a>, et, pour une repr\u00e9sentation unique et hors du commun, <a href=\"http:\/\/www.audiogram.com\/fr\/artiste\/ariane-moffatt\/spectacles\" target=\"_blank\">le 27 octobre prochain \u00e0 l\u2019\u00c9glise Ste-Rose de Laval<\/a>.<\/p>\n<p><strong>\u00ab DATE DES SPECTACLES \u00bb<\/strong><\/p>\n<p><strong>19 OCT. | OCT. 19 New York <\/strong><br \/>\nWebster Hall 20h <a href=\"http:\/\/www.ticketweb.com\/t3\/sale\/SaleEventDetail?dispatch=loadSelectionData&amp;eventId=3108414&amp;pl=webstudio\" target=\"_blank\">BILLETS | TICKETS<\/a><\/p>\n<p><strong>25 OCT. | OCT. 25 L\u00e9vis <\/strong><br \/>\nL\u2019Anglicane 20h <a href=\"http:\/\/www.diffusionculturelledelevis.ca\/index.asp?PK=106\" target=\"_blank\">BILLETS | TICKETS<\/a><\/p>\n<p><strong>27 OCT. | OCT. 27 Laval <\/strong><br \/>\n\u00c9glise Sainte-Rose 20h <a href=\"http:\/\/www.salleandremathieu.com\/spectacles-Laval\/Spectacles\/ariane-moffatt\/ma\" target=\"_blank\">BILLETS | TICKETS<\/a><\/p>\n<p><strong>09 NOV. | NOV. 09 M\u00e2con<br \/>\n<\/strong> La Cave \u00e0 Musique<\/p>\n<p><strong>10 NOV. | NOV. 10 Istres<br \/>\n<\/strong> L\u2019Usine<\/p>\n<p><strong>12 NOV. | NOV. 12 Paris<br \/>\n<\/strong> Le Trabendo <a href=\"http:\/\/asterios.fnacspectacles.com\/place-spectacle\/manifestation\/Variete-et-chanson-francaises-ARIANE-MOFFATT-TRN12.htm\" target=\"_blank\"> BILLETS | TICKETS<\/a><\/p>\n<p><strong>15 NOV. | NOV. 15 Gen\u00e8ve<br \/>\n<\/strong> Le Chat Noir <a href=\"http:\/\/www.chatnoir.ch\" target=\"_blank\"> BILLETS | TICKETS<\/a><\/p>\n<p><strong>16 NOV. | NOV. 16 B\u00e9thune<br \/>\n<\/strong> Le Poche 19h30<a href=\"http:\/\/www.scenesetcines.fr\/index.php?id=107&amp;no_cache=1&amp;tx_xmloparser_pi1[item]=30002102&amp;tx_xmloparser_pi1[backPid]=59&amp;PHPSESSID=573eb0ad5227190e9eb039ef2692f622\" target=\"_blank\"> BILLETS | TICKETS<\/a><\/p>\n<p><strong>17 NOV. | NOV. 17 Ermont<br \/>\n<\/strong> Th\u00e9\u00e2tre Pierre Fresnay<\/p>\n<p><strong>18 NOV. | NOV. 18 Longjumeau<br \/>\n<\/strong> Th\u00e9\u00e2tre de Longjumeau 20h<a href=\"http:\/\/www.theatre-longjumeau.com\/fr\/reservations\/achetez-vos-places.html\" target=\"_blank\"> BILLETS | TICKETS<\/a><\/p>\n<p><strong>23 NOV. | NOV. 23 Chateauguay<br \/>\n<\/strong> Salle du Pavillon de l\u2019\u00cele 20h<a href=\"http:\/\/www.ovation.qc.ca\/Billets\/ChoixSpecDate.asp?CodeSalleSpectacle=16008K&amp;CodeRepresentation=1600CT&amp;LP=39K3v28&amp;PER=39b8228&amp;Lang=FR\" target=\"_blank\"> BILLETS | TICKETS<\/a><\/p>\n<p><strong>30 NOV. | NOV. 30 Waterloo<br \/>\n<\/strong> Maison de la Culture de Waterloo 20h<a href=\"http:\/\/www.ovation.qc.ca\/Billets\/ChoixSpecDate.asp?CodeSalleSpectacle=0G008N&amp;CodeRepresentation=0G00AB&amp;LP=18UoE27&amp;PER=18luz27&amp;Lang=FR\" target=\"_blank\"> BILLETS | TICKETS<\/a><\/p>\n<p><strong>01 D\u00c9C. | DEC. 01 Montr\u00e9al<br \/>\n<\/strong> Th\u00e9\u00e2tre Corona 20h<a href=\"https:\/\/wroom.centrebell.ca\/eventShopper.html?lang=fr&amp;preFill=1&amp;wr=90011a54-b03f-4c8d-932b-03b4c9dc90dc&amp;skin=corona\" target=\"_blank\"> BILLETS | TICKETS<\/a><\/p>\n<p><strong>03 D\u00c9C. | DEC. 03 Brossard<br \/>\n<\/strong> L\u2019\u00c9toile Banque Nationale 20h <a href=\"http:\/\/www.letoilebanquenationale.ca\/programmation_details.asp?Id=675&amp;n=Ariane%20Moffatt\" target=\"_blank\"> BILLETS | TICKETS<\/a><\/p>\n<p><strong>07 D\u00c9C. | DEC. 07 Lachine<br \/>\n<\/strong> L\u2019Entrep\u00f4t 20h <a href=\"https:\/\/lachine.artishows.com\/console\/spectacle.php?sessid=56d4db8ff18b35a52c9772b2a33c75cd&amp;\" target=\"_blank\"> BILLETS | TICKETS<\/a><\/p>\n<p><strong>15 D\u00c9C. | DEC. 15 Sainte-Genevi\u00e8ve<br \/>\n<\/strong> Salle Pauline-Julien 20h <a href=\"http:\/\/www.pauline-julien.com\/evenement\/515\/\" target=\"_blank\">BILLETS | TICKETS<\/a><\/p>\n<p><a href=\"http:\/\/arianemoffatt.com\/\" target=\"_blank\"><strong>http:\/\/arianemoffatt.com\/<\/strong><\/a><!--:--><\/p>\n","protected":false},"excerpt":{"rendered":"<p>\u00abQuel tournage; se promener la nuit sur un beau v\u00e9lo dans les rues de Montr\u00e9al et Brooklyn! J\u2019aime le fait que le concept ne se rattache pas de trop pr\u00e8s aux paroles et \u00e0 l\u2019histoire de la chanson. \u00c7a pr\u00e9serve une excitation et une sensualit\u00e9 sans \u00eatre trop narratif. F\u00e9licitations \u00e0 tous les membres de [&hellip;]<\/p>\n","protected":false},"author":1,"featured_media":0,"comment_status":"open","ping_status":"closed","sticky":false,"template":"","format":"standard","meta":{"footnotes":""},"categories":[39],"tags":[],"class_list":["post-12539","post","type-post","status-publish","format-standard","hentry","category-actualite","entry"],"_links":{"self":[{"href":"https:\/\/www.tedpublications.com\/fr\/wp-json\/wp\/v2\/posts\/12539","targetHints":{"allow":["GET"]}}],"collection":[{"href":"https:\/\/www.tedpublications.com\/fr\/wp-json\/wp\/v2\/posts"}],"about":[{"href":"https:\/\/www.tedpublications.com\/fr\/wp-json\/wp\/v2\/types\/post"}],"author":[{"embeddable":true,"href":"https:\/\/www.tedpublications.com\/fr\/wp-json\/wp\/v2\/users\/1"}],"replies":[{"embeddable":true,"href":"https:\/\/www.tedpublications.com\/fr\/wp-json\/wp\/v2\/comments?post=12539"}],"version-history":[{"count":0,"href":"https:\/\/www.tedpublications.com\/fr\/wp-json\/wp\/v2\/posts\/12539\/revisions"}],"wp:attachment":[{"href":"https:\/\/www.tedpublications.com\/fr\/wp-json\/wp\/v2\/media?parent=12539"}],"wp:term":[{"taxonomy":"category","embeddable":true,"href":"https:\/\/www.tedpublications.com\/fr\/wp-json\/wp\/v2\/categories?post=12539"},{"taxonomy":"post_tag","embeddable":true,"href":"https:\/\/www.tedpublications.com\/fr\/wp-json\/wp\/v2\/tags?post=12539"}],"curies":[{"name":"wp","href":"https:\/\/api.w.org\/{rel}","templated":true}]}}